{"id":54282,"date":"2019-07-10T00:00:00","date_gmt":"2019-07-10T05:00:00","guid":{"rendered":"https:\/\/nazarene.org\/news\/los-ninos-celebran-el-fin-de-semana-mundial-de-oracion-en-la-republica-dominicana\/"},"modified":"2019-07-10T00:00:00","modified_gmt":"2019-07-10T05:00:00","slug":"los-ninos-celebran-el-fin-de-semana-mundial-de-oracion-en-la-republica-dominicana","status":"publish","type":"news","link":"https:\/\/nazarene.org\/es\/news\/los-ninos-celebran-el-fin-de-semana-mundial-de-oracion-en-la-republica-dominicana\/","title":{"rendered":"Los ni\u00f1os celebran el Fin de Semana Mundial de Oraci\u00f3n en la Rep\u00fablica Dominicana"},"content":{"rendered":"<p><img fetchpriority=\"high\" decoding=\"async\" alt=\"\" height=\"400\" src=\"https:\/\/nazarene.org\/wp-content\/uploads\/migrated_images\/NCN%20News\/Mesoamerica\/Dominican%20Republic\/ChildrenCelebrateWWP.jpg\" width=\"750\"><\/p>\n<p>Cientos de ni\u00f1os se reunieron en Santo Domingo, Rep\u00fablica Dominicana, el 2 de junio &nbsp;para celebrar el Fin de Semana Mundial de Oraci\u00f3n para Ni\u00f1os en Risk. El evento fue organizado por los <a href=\"http:\/\/www.ncm.org\/\" target=\"_blank\">Ministerios Nazarenos Compasivos<\/a> y la Red de Vida Integrada para la Infancia y la Adolescencia, en asociaci\u00f3n con VIVA, Juntos Para la Infancia.<\/p>\n<p>&nbsp;&nbsp;Los ni\u00f1os y adultos que los acompa\u00f1ar&nbsp;on disfrutaron de juegos, canciones, oraci\u00f3n y reflexiones sobre trabajar juntos para el bienestar de los ni\u00f1os. Se enfocaron en el papel cr\u00edtico que la oraci\u00f3n desempe\u00f1a en comunicarse con Dios e interceder por aquellos que son m\u00e1s vulnerables: los ni\u00f1os.<\/p>\n<p>Los participantes tambi\u00e9n oraron por aquellos que trabajan en el sistema de protecci\u00f3n de ni\u00f1os y adolescentes, pidiendo al Se\u00f1or que les permita avanzar en las pol\u00edticas del gobierno que garanticen los derechos de los ni\u00f1os a recibir educaci\u00f3n y a vivir vidas plenas y saludables.&nbsp;<\/p>\n<p>Para NCM, es de vital importancia unirse a iniciativas como el Fin de Semana Mundial de Oraci\u00f3n para Ni\u00f1os en Risk, &nbsp;dijo Paquita Bido, coordinador de Mesoam\u00e9rica del Campo Central de NCM. A trav\u00e9s de estas actividades, contribuimos a la formaci\u00f3n espiritual de nuestros hijos mientras atraemos la atenci\u00f3n de aquellos que deber\u00edan orar por su bienestar, incluidos los padres y las autoridades.<\/p>\n<p>Para terminar el evento, los participantes lanzaron glob&nbsp;os blancos como un signo de victoria, alegr\u00eda &nbsp;y paz para los ni\u00f1os de todo el mundo.&nbsp;<\/p>\n<p><a href=\"http:\/\/www.mesoamericaregion.org\/\" target=\"_blank\">Iglesia de la Nazarena Mesoam\u00e9rica<\/a><\/p>\n","protected":false},"excerpt":{"rendered":"<p><img decoding=\"async\" alt=\"\" height=\"400\" src=\"\/sites\/default\/files\/migrated_images\/NCN%20News\/Mesoamerica\/Dominican&lt;\/div&gt;\"><\/p>\n","protected":false},"author":1,"featured_media":0,"menu_order":0,"template":"","news-categories":[],"news-region-taxonomy":[],"news-tag":[1395,898],"class_list":["post-54282","news","type-news","status-publish","hentry","news-tag-mesoamerica-es","news-tag-republica-dominicana-es"],"yoast_head":"<!-- This site is optimized with the Yoast SEO Premium plugin v27.1 (Yoast SEO v27.1.1) - https:\/\/yoast.com\/product\/yoast-seo-premium-wordpress\/ -->\n<title>Los ni\u00f1os celebran el Fin de Semana Mundial de Oraci\u00f3n en la Rep\u00fablica Dominicana - Church of the Nazarene<\/title>\n<meta name=\"robots\" content=\"index, follow, max-snippet:-1, max-image-preview:large, max-video-preview:-1\" \/>\n<link rel=\"canonical\" href=\"https:\/\/nazarene.org\/es\/news\/los-ninos-celebran-el-fin-de-semana-mundial-de-oracion-en-la-republica-dominicana\/\" \/>\n<meta property=\"og:locale\" content=\"es_ES\" \/>\n<meta property=\"og:type\" content=\"article\" \/>\n<meta property=\"og:title\" content=\"Los ni\u00f1os celebran el Fin de Semana Mundial de Oraci\u00f3n en la Rep\u00fablica Dominicana\" \/>\n<meta property=\"og:url\" content=\"https:\/\/nazarene.org\/es\/news\/los-ninos-celebran-el-fin-de-semana-mundial-de-oracion-en-la-republica-dominicana\/\" \/>\n<meta property=\"og:site_name\" content=\"Church of the Nazarene\" \/>\n<meta property=\"article:publisher\" content=\"https:\/\/www.facebook.com\/NazareneOfficial\/\" \/>\n<meta property=\"og:image\" content=\"https:\/\/nazarene.org\/wp-content\/uploads\/migrated_images\/NCN%20News\/Mesoamerica\/Dominican%20Republic\/ChildrenCelebrateWWP.jpg\" \/>\n<meta name=\"twitter:card\" content=\"summary_large_image\" \/>\n<meta name=\"twitter:site\" content=\"@Nazarene\" \/>\n<script type=\"application\/ld+json\" class=\"yoast-schema-graph\">{\"@context\":\"https:\/\/schema.org\",\"@graph\":[{\"@type\":\"WebPage\",\"@id\":\"https:\/\/nazarene.org\/es\/news\/los-ninos-celebran-el-fin-de-semana-mundial-de-oracion-en-la-republica-dominicana\/\",\"url\":\"https:\/\/nazarene.org\/es\/news\/los-ninos-celebran-el-fin-de-semana-mundial-de-oracion-en-la-republica-dominicana\/\",\"name\":\"Los ni\u00f1os celebran el Fin de Semana Mundial de Oraci\u00f3n en la Rep\u00fablica Dominicana - Church of the Nazarene\",\"isPartOf\":{\"@id\":\"https:\/\/nazarene.org\/es\/#website\"},\"primaryImageOfPage\":{\"@id\":\"https:\/\/nazarene.org\/es\/news\/los-ninos-celebran-el-fin-de-semana-mundial-de-oracion-en-la-republica-dominicana\/#primaryimage\"},\"image\":{\"@id\":\"https:\/\/nazarene.org\/es\/news\/los-ninos-celebran-el-fin-de-semana-mundial-de-oracion-en-la-republica-dominicana\/#primaryimage\"},\"thumbnailUrl\":\"https:\/\/nazarene.org\/wp-content\/uploads\/migrated_images\/NCN%20News\/Mesoamerica\/Dominican%20Republic\/ChildrenCelebrateWWP.jpg\",\"datePublished\":\"2019-07-10T05:00:00+00:00\",\"breadcrumb\":{\"@id\":\"https:\/\/nazarene.org\/es\/news\/los-ninos-celebran-el-fin-de-semana-mundial-de-oracion-en-la-republica-dominicana\/#breadcrumb\"},\"inLanguage\":\"es\",\"potentialAction\":[{\"@type\":\"ReadAction\",\"target\":[\"https:\/\/nazarene.org\/es\/news\/los-ninos-celebran-el-fin-de-semana-mundial-de-oracion-en-la-republica-dominicana\/\"]}]},{\"@type\":\"ImageObject\",\"inLanguage\":\"es\",\"@id\":\"https:\/\/nazarene.org\/es\/news\/los-ninos-celebran-el-fin-de-semana-mundial-de-oracion-en-la-republica-dominicana\/#primaryimage\",\"url\":\"https:\/\/nazarene.org\/wp-content\/uploads\/migrated_images\/NCN%20News\/Mesoamerica\/Dominican%20Republic\/ChildrenCelebrateWWP.jpg\",\"contentUrl\":\"https:\/\/nazarene.org\/wp-content\/uploads\/migrated_images\/NCN%20News\/Mesoamerica\/Dominican%20Republic\/ChildrenCelebrateWWP.jpg\"},{\"@type\":\"BreadcrumbList\",\"@id\":\"https:\/\/nazarene.org\/es\/news\/los-ninos-celebran-el-fin-de-semana-mundial-de-oracion-en-la-republica-dominicana\/#breadcrumb\",\"itemListElement\":[{\"@type\":\"ListItem\",\"position\":1,\"name\":\"Home\",\"item\":\"https:\/\/nazarene.org\/es\/inicio\/\"},{\"@type\":\"ListItem\",\"position\":2,\"name\":\"News\",\"item\":\"https:\/\/nazarene.org\/es\/news\/\"},{\"@type\":\"ListItem\",\"position\":3,\"name\":\"Los ni\u00f1os celebran el Fin de Semana Mundial de Oraci\u00f3n en la Rep\u00fablica Dominicana\"}]},{\"@type\":\"WebSite\",\"@id\":\"https:\/\/nazarene.org\/es\/#website\",\"url\":\"https:\/\/nazarene.org\/es\/\",\"name\":\"Church of the Nazarene\",\"description\":\"Making Christlike Disciples in the Nations\",\"publisher\":{\"@id\":\"https:\/\/nazarene.org\/es\/#organization\"},\"potentialAction\":[{\"@type\":\"SearchAction\",\"target\":{\"@type\":\"EntryPoint\",\"urlTemplate\":\"https:\/\/nazarene.org\/es\/?s={search_term_string}\"},\"query-input\":{\"@type\":\"PropertyValueSpecification\",\"valueRequired\":true,\"valueName\":\"search_term_string\"}}],\"inLanguage\":\"es\"},{\"@type\":\"Organization\",\"@id\":\"https:\/\/nazarene.org\/es\/#organization\",\"name\":\"Church of the Nazarene\",\"url\":\"https:\/\/nazarene.org\/es\/\",\"logo\":{\"@type\":\"ImageObject\",\"inLanguage\":\"es\",\"@id\":\"https:\/\/nazarene.org\/es\/#\/schema\/logo\/image\/\",\"url\":\"https:\/\/nazarene.org\/wp-content\/uploads\/2024\/06\/Naz_Desktop_Black_Logo-1.svg\",\"contentUrl\":\"https:\/\/nazarene.org\/wp-content\/uploads\/2024\/06\/Naz_Desktop_Black_Logo-1.svg\",\"width\":258,\"height\":36,\"caption\":\"Church of the Nazarene\"},\"image\":{\"@id\":\"https:\/\/nazarene.org\/es\/#\/schema\/logo\/image\/\"},\"sameAs\":[\"https:\/\/www.facebook.com\/NazareneOfficial\/\",\"https:\/\/x.com\/Nazarene\",\"https:\/\/www.instagram.com\/nazareneofficial\/\"]}]}<\/script>\n<!-- \/ Yoast SEO Premium plugin. -->","yoast_head_json":{"title":"Los ni\u00f1os celebran el Fin de Semana Mundial de Oraci\u00f3n en la Rep\u00fablica Dominicana - Church of the Nazarene","robots":{"index":"index","follow":"follow","max-snippet":"max-snippet:-1","max-image-preview":"max-image-preview:large","max-video-preview":"max-video-preview:-1"},"canonical":"https:\/\/nazarene.org\/es\/news\/los-ninos-celebran-el-fin-de-semana-mundial-de-oracion-en-la-republica-dominicana\/","og_locale":"es_ES","og_type":"article","og_title":"Los ni\u00f1os celebran el Fin de Semana Mundial de Oraci\u00f3n en la Rep\u00fablica Dominicana","og_url":"https:\/\/nazarene.org\/es\/news\/los-ninos-celebran-el-fin-de-semana-mundial-de-oracion-en-la-republica-dominicana\/","og_site_name":"Church of the Nazarene","article_publisher":"https:\/\/www.facebook.com\/NazareneOfficial\/","og_image":[{"url":"https:\/\/nazarene.org\/wp-content\/uploads\/migrated_images\/NCN%20News\/Mesoamerica\/Dominican%20Republic\/ChildrenCelebrateWWP.jpg","type":"","width":"","height":""}],"twitter_card":"summary_large_image","twitter_site":"@Nazarene","schema":{"@context":"https:\/\/schema.org","@graph":[{"@type":"WebPage","@id":"https:\/\/nazarene.org\/es\/news\/los-ninos-celebran-el-fin-de-semana-mundial-de-oracion-en-la-republica-dominicana\/","url":"https:\/\/nazarene.org\/es\/news\/los-ninos-celebran-el-fin-de-semana-mundial-de-oracion-en-la-republica-dominicana\/","name":"Los ni\u00f1os celebran el Fin de Semana Mundial de Oraci\u00f3n en la Rep\u00fablica Dominicana - Church of the Nazarene","isPartOf":{"@id":"https:\/\/nazarene.org\/es\/#website"},"primaryImageOfPage":{"@id":"https:\/\/nazarene.org\/es\/news\/los-ninos-celebran-el-fin-de-semana-mundial-de-oracion-en-la-republica-dominicana\/#primaryimage"},"image":{"@id":"https:\/\/nazarene.org\/es\/news\/los-ninos-celebran-el-fin-de-semana-mundial-de-oracion-en-la-republica-dominicana\/#primaryimage"},"thumbnailUrl":"https:\/\/nazarene.org\/wp-content\/uploads\/migrated_images\/NCN%20News\/Mesoamerica\/Dominican%20Republic\/ChildrenCelebrateWWP.jpg","datePublished":"2019-07-10T05:00:00+00:00","breadcrumb":{"@id":"https:\/\/nazarene.org\/es\/news\/los-ninos-celebran-el-fin-de-semana-mundial-de-oracion-en-la-republica-dominicana\/#breadcrumb"},"inLanguage":"es","potentialAction":[{"@type":"ReadAction","target":["https:\/\/nazarene.org\/es\/news\/los-ninos-celebran-el-fin-de-semana-mundial-de-oracion-en-la-republica-dominicana\/"]}]},{"@type":"ImageObject","inLanguage":"es","@id":"https:\/\/nazarene.org\/es\/news\/los-ninos-celebran-el-fin-de-semana-mundial-de-oracion-en-la-republica-dominicana\/#primaryimage","url":"https:\/\/nazarene.org\/wp-content\/uploads\/migrated_images\/NCN%20News\/Mesoamerica\/Dominican%20Republic\/ChildrenCelebrateWWP.jpg","contentUrl":"https:\/\/nazarene.org\/wp-content\/uploads\/migrated_images\/NCN%20News\/Mesoamerica\/Dominican%20Republic\/ChildrenCelebrateWWP.jpg"},{"@type":"BreadcrumbList","@id":"https:\/\/nazarene.org\/es\/news\/los-ninos-celebran-el-fin-de-semana-mundial-de-oracion-en-la-republica-dominicana\/#breadcrumb","itemListElement":[{"@type":"ListItem","position":1,"name":"Home","item":"https:\/\/nazarene.org\/es\/inicio\/"},{"@type":"ListItem","position":2,"name":"News","item":"https:\/\/nazarene.org\/es\/news\/"},{"@type":"ListItem","position":3,"name":"Los ni\u00f1os celebran el Fin de Semana Mundial de Oraci\u00f3n en la Rep\u00fablica Dominicana"}]},{"@type":"WebSite","@id":"https:\/\/nazarene.org\/es\/#website","url":"https:\/\/nazarene.org\/es\/","name":"Church of the Nazarene","description":"Making Christlike Disciples in the Nations","publisher":{"@id":"https:\/\/nazarene.org\/es\/#organization"},"potentialAction":[{"@type":"SearchAction","target":{"@type":"EntryPoint","urlTemplate":"https:\/\/nazarene.org\/es\/?s={search_term_string}"},"query-input":{"@type":"PropertyValueSpecification","valueRequired":true,"valueName":"search_term_string"}}],"inLanguage":"es"},{"@type":"Organization","@id":"https:\/\/nazarene.org\/es\/#organization","name":"Church of the Nazarene","url":"https:\/\/nazarene.org\/es\/","logo":{"@type":"ImageObject","inLanguage":"es","@id":"https:\/\/nazarene.org\/es\/#\/schema\/logo\/image\/","url":"https:\/\/nazarene.org\/wp-content\/uploads\/2024\/06\/Naz_Desktop_Black_Logo-1.svg","contentUrl":"https:\/\/nazarene.org\/wp-content\/uploads\/2024\/06\/Naz_Desktop_Black_Logo-1.svg","width":258,"height":36,"caption":"Church of the Nazarene"},"image":{"@id":"https:\/\/nazarene.org\/es\/#\/schema\/logo\/image\/"},"sameAs":["https:\/\/www.facebook.com\/NazareneOfficial\/","https:\/\/x.com\/Nazarene","https:\/\/www.instagram.com\/nazareneofficial\/"]}]}},"_links":{"self":[{"href":"https:\/\/nazarene.org\/es\/wp-json\/wp\/v2\/news\/54282","targetHints":{"allow":["GET"]}}],"collection":[{"href":"https:\/\/nazarene.org\/es\/wp-json\/wp\/v2\/news"}],"about":[{"href":"https:\/\/nazarene.org\/es\/wp-json\/wp\/v2\/types\/news"}],"author":[{"embeddable":true,"href":"https:\/\/nazarene.org\/es\/wp-json\/wp\/v2\/users\/1"}],"version-history":[{"count":0,"href":"https:\/\/nazarene.org\/es\/wp-json\/wp\/v2\/news\/54282\/revisions"}],"wp:attachment":[{"href":"https:\/\/nazarene.org\/es\/wp-json\/wp\/v2\/media?parent=54282"}],"wp:term":[{"taxonomy":"news-categories","embeddable":true,"href":"https:\/\/nazarene.org\/es\/wp-json\/wp\/v2\/news-categories?post=54282"},{"taxonomy":"news-region-taxonomy","embeddable":true,"href":"https:\/\/nazarene.org\/es\/wp-json\/wp\/v2\/news-region-taxonomy?post=54282"},{"taxonomy":"news-tag","embeddable":true,"href":"https:\/\/nazarene.org\/es\/wp-json\/wp\/v2\/news-tag?post=54282"}],"curies":[{"name":"wp","href":"https:\/\/api.w.org\/{rel}","templated":true}]}}