{"id":53823,"date":"2019-07-10T00:00:00","date_gmt":"2019-07-10T05:00:00","guid":{"rendered":"https:\/\/nazarene.org\/news\/la-iglesia-de-la-nazarena-recuerda-la-vida-de-billy-graham\/"},"modified":"2019-07-10T00:00:00","modified_gmt":"2019-07-10T05:00:00","slug":"la-iglesia-de-la-nazarena-recuerda-la-vida-de-billy-graham","status":"publish","type":"news","link":"https:\/\/nazarene.org\/es\/news\/la-iglesia-de-la-nazarena-recuerda-la-vida-de-billy-graham\/","title":{"rendered":"La Iglesia de la Nazarena recuerda la vida de Billy Graham"},"content":{"rendered":"<p><img fetchpriority=\"high\" decoding=\"async\" alt=\"\" height=\"400\" src=\"https:\/\/nazarene.org\/wp-content\/uploads\/migrated_images\/NCN%20News\/People\/BillyGraham.jpg\" width=\"750\"><\/p>\n<p>La Iglesia de la Nazarena se une a millones de personas de todo el mundo recordando la vida y el ministerio del evangelista Billy Graham, que muri\u00f3 el 21 de febrero en Carolina del Norte, Estados Unidos.<\/p>\n<p>William Franklin \u00abBilly\u00bb Graham Jr., 99, comparti\u00f3 el evangelio de Jesucristo con algunos 215 millones de personas que asistieron a una de sus m\u00e1s de 400 cruzadas, simulcastos y m\u00edtines evangel\u00edsticos en m\u00e1s de 185 pa\u00edses y territorios. Lleg\u00f3 a millones m\u00e1s a trav\u00e9s de TV, video, pel\u00edcula, Internet y 34 libros, seg\u00fan la Asociaci\u00f3n Evangel\u00edstica Billy Graham.<\/p>\n<p>Los roles de Billy Graham en los Estados Unidos y en todo el mundo fueron una parte significativa en la expansi\u00f3n del cristianismo evang\u00e9lico, dijo Stan Ingersol, archivista nazareno. Tuvo alg\u00fan impacto en el cristianismo en los seis continentes habitados, y los nazarenos participaron en movimientos de avivamiento en todo el mundo que fueron paralelos a su trabajo.&nbsp;&nbsp;<\/p>\n<p>Graham puede ser mejor conocido por sus misiones evangel\u00edsticas o \u00abcruzadas\u00bb. Cre\u00eda que Dios no conoc\u00eda fronteras o nacionalidades. A lo largo de su carrera, Graham predic\u00f3 a millones en ubicaciones de Addis Ababa, Etiop\u00eda, a Zagorsk, Rusia; y de Wellington, Nueva Zelanda, a la Catedral Nacional en Washington, DC. En 1973, Graham se dirigi\u00f3 a m\u00e1s de un mill\u00f3n de personas amontonadas en Yoido Plaza en Se\u00fal, Corea del Sur, la audiencia en vivo m\u00e1s grande de sus cruzadas.<\/p>\n<p>Tengo un mensaje: que Jesucristo vino, muri\u00f3 en una cruz, resucit\u00f3 de nuevo, y nos pidi\u00f3 que nos arrepenti\u00e9ramos de nuestros pecados y recibirlo por la fe como Se\u00f1or y Salvador, y si lo hacemos, tenemos el perd\u00f3n de todos nuestros pecados.&nbsp;Graham dijo en su cruzada final en junio de 2005 en la Ciudad de Nueva York, Nueva York.<\/p>\n<p>La Iglesia de la Junta de Superintendentes Generales de la Nazarena ofreci\u00f3 la siguiente declaraci\u00f3n a la familia Graham en nombre de la denominaci\u00f3n:<\/p>\n<blockquote>\n<p>A la Familia y los amigos &nbsp;de Billy Graham:&nbsp;<\/p>\n<p>Como la Junta de Superintendentes Generales, extendemos la simpat\u00eda y las oraciones en la muerte de Billy Graham y expresamos nuestro profundo aprecio por su influencia para el Reino de Dios y en la Iglesia de la Nazarena a lo largo de los a\u00f1os. Con un regalo de calidez y realismo, el reverendo Graham comparti\u00f3 el mensaje de la santidad b\u00edblica a trav\u00e9s de sus sermones y escritos, pero la mayor\u00eda de todos a trav\u00e9s de su vida. Ten\u00eda una ganancia que era tanto comandante como amable, y fue apodado aptamente \u00abEmbajador de Dios\u00bb. Lo que ense\u00f1\u00f3 del p\u00falpito, vivi\u00f3 como un ejemplo para todos los que buscan crecer en Christlikeness.&nbsp;<\/p>\n<p>La Biblia nos alienta con gran esperanza en la seguridad de que estar \u00abausente del cuerpo es estar presente con el Se\u00f1or\u00bb. En Apocalipsis 14:13 leemos estas palabras:&nbsp;<\/p>\n<p><em>Luego escuch\u00e9 una voz del cielo decir,&nbsp;<\/em><\/p>\n<p><em>Escribir: bendecidos son los muertos que mueren en el Se\u00f1or de ahora en adelante.&nbsp;<\/em><\/p>\n<p><em>S\u00ed, dice el Esp\u00edritu, \u00abdescansar\u00e1n de su trabajo,&nbsp;<\/em><\/p>\n<p><em>porque sus actos los seguir\u00e1n.&nbsp;<\/em><\/p>\n<p>Nos regocijamos con la familia Graham en el legado de la fe y el amor que el reverendo Graham deja atr\u00e1s. Sepa que su influencia vivir\u00e1 durante generaciones para venir a trav\u00e9s de las innumerables vidas que han sido tocadas por su poderoso testigo. Que el que lo lider\u00f3 tan fielmente a trav\u00e9s de los a\u00f1os lo gu\u00ede ahora y en los d\u00edas a venir mientras abres tus corazones a la presencia reconfortante de Dios.&nbsp;<\/p>\n<p>Su en Cristo,&nbsp;<\/p>\n<p>Gustavo A. Crocker<\/p>\n<p>Eug\u00e9nio R. Duarte<\/p>\n<p>David W. Graves<\/p>\n<p>David A. Busic<\/p>\n<p>Filim\u00e3o M. Chambo<\/p>\n<p>Carla D. Sunberg<\/p>\n<\/blockquote>\n<p>Le sobrevive su hermana, Jean Ford; hijas Gigi, Anne y Ruth; hijos Franklin y Ned; 19 nietos; y numerosos bisnietos. Su esposa, Ruth, muri\u00f3 el 14 de junio de 2007, a la 87 edad, y est\u00e1 enterrada en la Biblioteca Billy Graham. Se planifica un servicio de funeral privado en la Biblioteca Billy Graham, en una fecha que se anunciar\u00e1. Las notas de recuerdo pueden publicarse en&nbsp;<a href=\"http:\/\/www.billygraham.org\/\">BillyGraham.org<\/a>.<\/p>\n","protected":false},"excerpt":{"rendered":"<p><img decoding=\"async\" alt=\"\" height=\"400\" src=\"\/sites\/default\/files\/migrated_images\/NCN%20News\/People\/BillyGraham.jp&lt;\/div&gt;\"><\/p>\n","protected":false},"author":1,"featured_media":0,"menu_order":0,"template":"","news-categories":[],"news-region-taxonomy":[],"news-tag":[1667,764],"class_list":["post-53823","news","type-news","status-publish","hentry","news-tag-bgs-es","news-tag-ee-uu-canada"],"yoast_head":"<!-- This site is optimized with the Yoast SEO Premium plugin v27.1 (Yoast SEO v27.1.1) - https:\/\/yoast.com\/product\/yoast-seo-premium-wordpress\/ -->\n<title>La Iglesia de la Nazarena recuerda la vida de Billy Graham - Church of the Nazarene<\/title>\n<meta name=\"robots\" content=\"index, follow, max-snippet:-1, max-image-preview:large, max-video-preview:-1\" \/>\n<link rel=\"canonical\" href=\"https:\/\/nazarene.org\/es\/news\/la-iglesia-de-la-nazarena-recuerda-la-vida-de-billy-graham\/\" \/>\n<meta property=\"og:locale\" content=\"es_ES\" \/>\n<meta property=\"og:type\" content=\"article\" \/>\n<meta property=\"og:title\" content=\"La Iglesia de la Nazarena recuerda la vida de Billy Graham\" \/>\n<meta property=\"og:url\" content=\"https:\/\/nazarene.org\/es\/news\/la-iglesia-de-la-nazarena-recuerda-la-vida-de-billy-graham\/\" \/>\n<meta property=\"og:site_name\" content=\"Church of the Nazarene\" \/>\n<meta property=\"article:publisher\" content=\"https:\/\/www.facebook.com\/NazareneOfficial\/\" \/>\n<meta property=\"og:image\" content=\"https:\/\/nazarene.org\/wp-content\/uploads\/migrated_images\/NCN%20News\/People\/BillyGraham.jpg\" \/>\n<meta name=\"twitter:card\" content=\"summary_large_image\" \/>\n<meta name=\"twitter:site\" content=\"@Nazarene\" \/>\n<script type=\"application\/ld+json\" class=\"yoast-schema-graph\">{\"@context\":\"https:\/\/schema.org\",\"@graph\":[{\"@type\":\"WebPage\",\"@id\":\"https:\/\/nazarene.org\/es\/news\/la-iglesia-de-la-nazarena-recuerda-la-vida-de-billy-graham\/\",\"url\":\"https:\/\/nazarene.org\/es\/news\/la-iglesia-de-la-nazarena-recuerda-la-vida-de-billy-graham\/\",\"name\":\"La Iglesia de la Nazarena recuerda la vida de Billy Graham - Church of the Nazarene\",\"isPartOf\":{\"@id\":\"https:\/\/nazarene.org\/es\/#website\"},\"primaryImageOfPage\":{\"@id\":\"https:\/\/nazarene.org\/es\/news\/la-iglesia-de-la-nazarena-recuerda-la-vida-de-billy-graham\/#primaryimage\"},\"image\":{\"@id\":\"https:\/\/nazarene.org\/es\/news\/la-iglesia-de-la-nazarena-recuerda-la-vida-de-billy-graham\/#primaryimage\"},\"thumbnailUrl\":\"https:\/\/nazarene.org\/wp-content\/uploads\/migrated_images\/NCN%20News\/People\/BillyGraham.jpg\",\"datePublished\":\"2019-07-10T05:00:00+00:00\",\"breadcrumb\":{\"@id\":\"https:\/\/nazarene.org\/es\/news\/la-iglesia-de-la-nazarena-recuerda-la-vida-de-billy-graham\/#breadcrumb\"},\"inLanguage\":\"es\",\"potentialAction\":[{\"@type\":\"ReadAction\",\"target\":[\"https:\/\/nazarene.org\/es\/news\/la-iglesia-de-la-nazarena-recuerda-la-vida-de-billy-graham\/\"]}]},{\"@type\":\"ImageObject\",\"inLanguage\":\"es\",\"@id\":\"https:\/\/nazarene.org\/es\/news\/la-iglesia-de-la-nazarena-recuerda-la-vida-de-billy-graham\/#primaryimage\",\"url\":\"https:\/\/nazarene.org\/wp-content\/uploads\/migrated_images\/NCN%20News\/People\/BillyGraham.jpg\",\"contentUrl\":\"https:\/\/nazarene.org\/wp-content\/uploads\/migrated_images\/NCN%20News\/People\/BillyGraham.jpg\"},{\"@type\":\"BreadcrumbList\",\"@id\":\"https:\/\/nazarene.org\/es\/news\/la-iglesia-de-la-nazarena-recuerda-la-vida-de-billy-graham\/#breadcrumb\",\"itemListElement\":[{\"@type\":\"ListItem\",\"position\":1,\"name\":\"Home\",\"item\":\"https:\/\/nazarene.org\/es\/inicio\/\"},{\"@type\":\"ListItem\",\"position\":2,\"name\":\"News\",\"item\":\"https:\/\/nazarene.org\/es\/news\/\"},{\"@type\":\"ListItem\",\"position\":3,\"name\":\"La Iglesia de la Nazarena recuerda la vida de Billy Graham\"}]},{\"@type\":\"WebSite\",\"@id\":\"https:\/\/nazarene.org\/es\/#website\",\"url\":\"https:\/\/nazarene.org\/es\/\",\"name\":\"Church of the Nazarene\",\"description\":\"Making Christlike Disciples in the Nations\",\"publisher\":{\"@id\":\"https:\/\/nazarene.org\/es\/#organization\"},\"potentialAction\":[{\"@type\":\"SearchAction\",\"target\":{\"@type\":\"EntryPoint\",\"urlTemplate\":\"https:\/\/nazarene.org\/es\/?s={search_term_string}\"},\"query-input\":{\"@type\":\"PropertyValueSpecification\",\"valueRequired\":true,\"valueName\":\"search_term_string\"}}],\"inLanguage\":\"es\"},{\"@type\":\"Organization\",\"@id\":\"https:\/\/nazarene.org\/es\/#organization\",\"name\":\"Church of the Nazarene\",\"url\":\"https:\/\/nazarene.org\/es\/\",\"logo\":{\"@type\":\"ImageObject\",\"inLanguage\":\"es\",\"@id\":\"https:\/\/nazarene.org\/es\/#\/schema\/logo\/image\/\",\"url\":\"https:\/\/nazarene.org\/wp-content\/uploads\/2024\/06\/Naz_Desktop_Black_Logo-1.svg\",\"contentUrl\":\"https:\/\/nazarene.org\/wp-content\/uploads\/2024\/06\/Naz_Desktop_Black_Logo-1.svg\",\"width\":258,\"height\":36,\"caption\":\"Church of the Nazarene\"},\"image\":{\"@id\":\"https:\/\/nazarene.org\/es\/#\/schema\/logo\/image\/\"},\"sameAs\":[\"https:\/\/www.facebook.com\/NazareneOfficial\/\",\"https:\/\/x.com\/Nazarene\",\"https:\/\/www.instagram.com\/nazareneofficial\/\"]}]}<\/script>\n<!-- \/ Yoast SEO Premium plugin. -->","yoast_head_json":{"title":"La Iglesia de la Nazarena recuerda la vida de Billy Graham - Church of the Nazarene","robots":{"index":"index","follow":"follow","max-snippet":"max-snippet:-1","max-image-preview":"max-image-preview:large","max-video-preview":"max-video-preview:-1"},"canonical":"https:\/\/nazarene.org\/es\/news\/la-iglesia-de-la-nazarena-recuerda-la-vida-de-billy-graham\/","og_locale":"es_ES","og_type":"article","og_title":"La Iglesia de la Nazarena recuerda la vida de Billy Graham","og_url":"https:\/\/nazarene.org\/es\/news\/la-iglesia-de-la-nazarena-recuerda-la-vida-de-billy-graham\/","og_site_name":"Church of the Nazarene","article_publisher":"https:\/\/www.facebook.com\/NazareneOfficial\/","og_image":[{"url":"https:\/\/nazarene.org\/wp-content\/uploads\/migrated_images\/NCN%20News\/People\/BillyGraham.jpg","type":"","width":"","height":""}],"twitter_card":"summary_large_image","twitter_site":"@Nazarene","schema":{"@context":"https:\/\/schema.org","@graph":[{"@type":"WebPage","@id":"https:\/\/nazarene.org\/es\/news\/la-iglesia-de-la-nazarena-recuerda-la-vida-de-billy-graham\/","url":"https:\/\/nazarene.org\/es\/news\/la-iglesia-de-la-nazarena-recuerda-la-vida-de-billy-graham\/","name":"La Iglesia de la Nazarena recuerda la vida de Billy Graham - Church of the Nazarene","isPartOf":{"@id":"https:\/\/nazarene.org\/es\/#website"},"primaryImageOfPage":{"@id":"https:\/\/nazarene.org\/es\/news\/la-iglesia-de-la-nazarena-recuerda-la-vida-de-billy-graham\/#primaryimage"},"image":{"@id":"https:\/\/nazarene.org\/es\/news\/la-iglesia-de-la-nazarena-recuerda-la-vida-de-billy-graham\/#primaryimage"},"thumbnailUrl":"https:\/\/nazarene.org\/wp-content\/uploads\/migrated_images\/NCN%20News\/People\/BillyGraham.jpg","datePublished":"2019-07-10T05:00:00+00:00","breadcrumb":{"@id":"https:\/\/nazarene.org\/es\/news\/la-iglesia-de-la-nazarena-recuerda-la-vida-de-billy-graham\/#breadcrumb"},"inLanguage":"es","potentialAction":[{"@type":"ReadAction","target":["https:\/\/nazarene.org\/es\/news\/la-iglesia-de-la-nazarena-recuerda-la-vida-de-billy-graham\/"]}]},{"@type":"ImageObject","inLanguage":"es","@id":"https:\/\/nazarene.org\/es\/news\/la-iglesia-de-la-nazarena-recuerda-la-vida-de-billy-graham\/#primaryimage","url":"https:\/\/nazarene.org\/wp-content\/uploads\/migrated_images\/NCN%20News\/People\/BillyGraham.jpg","contentUrl":"https:\/\/nazarene.org\/wp-content\/uploads\/migrated_images\/NCN%20News\/People\/BillyGraham.jpg"},{"@type":"BreadcrumbList","@id":"https:\/\/nazarene.org\/es\/news\/la-iglesia-de-la-nazarena-recuerda-la-vida-de-billy-graham\/#breadcrumb","itemListElement":[{"@type":"ListItem","position":1,"name":"Home","item":"https:\/\/nazarene.org\/es\/inicio\/"},{"@type":"ListItem","position":2,"name":"News","item":"https:\/\/nazarene.org\/es\/news\/"},{"@type":"ListItem","position":3,"name":"La Iglesia de la Nazarena recuerda la vida de Billy Graham"}]},{"@type":"WebSite","@id":"https:\/\/nazarene.org\/es\/#website","url":"https:\/\/nazarene.org\/es\/","name":"Church of the Nazarene","description":"Making Christlike Disciples in the Nations","publisher":{"@id":"https:\/\/nazarene.org\/es\/#organization"},"potentialAction":[{"@type":"SearchAction","target":{"@type":"EntryPoint","urlTemplate":"https:\/\/nazarene.org\/es\/?s={search_term_string}"},"query-input":{"@type":"PropertyValueSpecification","valueRequired":true,"valueName":"search_term_string"}}],"inLanguage":"es"},{"@type":"Organization","@id":"https:\/\/nazarene.org\/es\/#organization","name":"Church of the Nazarene","url":"https:\/\/nazarene.org\/es\/","logo":{"@type":"ImageObject","inLanguage":"es","@id":"https:\/\/nazarene.org\/es\/#\/schema\/logo\/image\/","url":"https:\/\/nazarene.org\/wp-content\/uploads\/2024\/06\/Naz_Desktop_Black_Logo-1.svg","contentUrl":"https:\/\/nazarene.org\/wp-content\/uploads\/2024\/06\/Naz_Desktop_Black_Logo-1.svg","width":258,"height":36,"caption":"Church of the Nazarene"},"image":{"@id":"https:\/\/nazarene.org\/es\/#\/schema\/logo\/image\/"},"sameAs":["https:\/\/www.facebook.com\/NazareneOfficial\/","https:\/\/x.com\/Nazarene","https:\/\/www.instagram.com\/nazareneofficial\/"]}]}},"_links":{"self":[{"href":"https:\/\/nazarene.org\/es\/wp-json\/wp\/v2\/news\/53823","targetHints":{"allow":["GET"]}}],"collection":[{"href":"https:\/\/nazarene.org\/es\/wp-json\/wp\/v2\/news"}],"about":[{"href":"https:\/\/nazarene.org\/es\/wp-json\/wp\/v2\/types\/news"}],"author":[{"embeddable":true,"href":"https:\/\/nazarene.org\/es\/wp-json\/wp\/v2\/users\/1"}],"version-history":[{"count":0,"href":"https:\/\/nazarene.org\/es\/wp-json\/wp\/v2\/news\/53823\/revisions"}],"wp:attachment":[{"href":"https:\/\/nazarene.org\/es\/wp-json\/wp\/v2\/media?parent=53823"}],"wp:term":[{"taxonomy":"news-categories","embeddable":true,"href":"https:\/\/nazarene.org\/es\/wp-json\/wp\/v2\/news-categories?post=53823"},{"taxonomy":"news-region-taxonomy","embeddable":true,"href":"https:\/\/nazarene.org\/es\/wp-json\/wp\/v2\/news-region-taxonomy?post=53823"},{"taxonomy":"news-tag","embeddable":true,"href":"https:\/\/nazarene.org\/es\/wp-json\/wp\/v2\/news-tag?post=53823"}],"curies":[{"name":"wp","href":"https:\/\/api.w.org\/{rel}","templated":true}]}}