{"id":53815,"date":"2019-07-10T00:00:00","date_gmt":"2019-07-10T05:00:00","guid":{"rendered":"https:\/\/nazarene.org\/news\/in-memoriam-2-de-marzo-de-2018\/"},"modified":"2019-07-10T00:00:00","modified_gmt":"2019-07-10T05:00:00","slug":"in-memoriam-2-de-marzo-de-2018","status":"publish","type":"news","link":"https:\/\/nazarene.org\/es\/news\/in-memoriam-2-de-marzo-de-2018\/","title":{"rendered":"In Memoriam: 2 de marzo de 2018"},"content":{"rendered":"<p><img fetchpriority=\"high\" decoding=\"async\" alt=\"\" height=\"400\" src=\"https:\/\/nazarene.org\/wp-content\/uploads\/migrated_images\/NCN%20News\/Generic\/In%20Memoriam\/SnowyFence.jpg\" width=\"750\"><\/p>\n<p>La siguiente es una lista semanal de ministros y l\u00edderes nazarenos que recientemente fueron a casa para estar con el Se\u00f1or. Los avisos se recibieron el 26 de febrero al 2 de marzo de 2018.<\/p>\n<p><a href=\"https:\/\/www.legacy.com\/obituaries\/louisville\/obituary.aspx?page=lifestory&amp;pid=188250003\" target=\"_blank\"><strong>Lawrence Adams<\/strong><\/a>, 95, de Bowling Green, Kentucky, muri\u00f3 el 17 de febrero. Era un ministro jubilado, sirviendo en Tennessee, Kentucky, Indiana, Carolina del Norte y Ohio. Fue precedido en la muerte por su esposa, Mavis Adams, en 2010.<\/p>\n<p><a href=\"http:\/\/www.washburn-mcreavy.com\/obituaries\/Norman-Bloom\/#!\/Obituary\" target=\"_blank\"><strong>Norman<\/strong><strong> Bloom<\/strong><\/a>, 93, de Eden Prairie, Minnesota, muri\u00f3 el 22 de febrero. Era un ministro jubilado, educador y superintendente de distrito, sirviendo en Kansas, Nebraska y Illinois &nbsp;y liderando el Distrito de Minnesota. Fue precedido en la muerte por su esposa, Margaret Bloom, en 1987. Tambi\u00e9n fue precedido en la muerte por su segunda esposa, Barbara Bloom, en 2007.<\/p>\n<p><a href=\"https:\/\/www.legacy.com\/obituaries\/indystar\/obituary.aspx?page=lifestory&amp;pid=188250578\" target=\"_blank\"><strong>Maurice Bratcher<\/strong><\/a>, 91, de Avon, Indiana, muri\u00f3 el 21 de febrero. Era un ministro jubilado y evangelista, sirviendo en Indiana. Fue precedido en la muerte por su esposa, Alma Bratcher, en 2013.<\/p>\n<p><strong><a href=\"http:\/\/www.legacy.com\/obituaries\/heraldtribune\/obituary.aspx?page=lifestory&amp;pid=188305161\" target=\"_blank\">Kathryn (Speck) Cochran<\/a><\/strong>, 90, de Bradenton, Florida, muri\u00f3 el 23 de febrero. Fue precedida en la muerte por su esposo, el ministro jubilado Dunn Cochran, que sirvi\u00f3 en Florida, Kentucky, West Virginia y Georgia.&nbsp;Dunn Cochran muri\u00f3 en 2016.<\/p>\n<p><a href=\"http:\/\/www.nazarene.org\/article\/g-jayasingh-passed-away\" target=\"_blank\"><strong>G. Jayasingh<\/strong><\/a>, 53, de Nambiyur, India, muri\u00f3 el 23 de enero. Era el pastor &nbsp;de la Iglesia Nambiyur Shalom de la Nazarena. Le sobrevive su esposa, &nbsp;S. Saral Shanthakumari.<\/p>\n<p><strong>Richard Lashley<\/strong>, 81, de Sun City, Arizona, muri\u00f3 el 19 de febrero. Era un ministro jubilado, sirviendo en Michigan, Arizona, Oregon y Montana. Le sobrevive su esposa, Janey Lashley.<\/p>\n<p><a href=\"http:\/\/www.legacy.com\/obituaries\/thestate\/obituary.aspx?page=lifestory&amp;pid=188291795\" target=\"_blank\"><strong>Alice (Witherspoon) Mitchell<\/strong><\/a>, 90, de Batesburg, Carolina del Sur, muri\u00f3 el 25 de febrero. Fue precedida en la muerte por su esposo, el ministro jubilado Talmage Mitchell Jr.,&nbsp;que sirvi\u00f3 en Carolina del Sur. Talmage Mitchell Jr. muri\u00f3 en 2014.<\/p>\n<p><strong>W. Peter O&#8217;Brien<\/strong>, 78,&nbsp;de Winnipeg, Manitoba, Canad\u00e1, muri\u00f3 el 28 de febrero. Era un ministro jubilado, sirviendo en Ontario, Alberta y Manitoba. Le sobrevive su esposa, Linda O&#8217;Brien.&nbsp;<\/p>\n<p><a href=\"http:\/\/www.legacy.com\/obituaries\/kansascity\/obituary.aspx?page=lifestory&amp;pid=188311714\" target=\"_blank\"><strong>Verdean Owens<\/strong><\/a>, 89, de Olathe, Kansas, muri\u00f3 el 24 de febrero. Era un ministro jubilado, sirviendo en Indiana y Ohio. Le sobrevive su esposa, la evangelista jubilada Marjorie Owens, que sirvi\u00f3 en Kansas, Ohio e Indiana.<\/p>\n<p><a href=\"https:\/\/www.dignitymemorial.com\/obituaries\/el-paso-tx\/luis-rios-7775082\" target=\"_blank\"><strong>Luis&nbsp;<\/strong><strong>Rios<\/strong><\/a>, 98,&nbsp;de El Paso, Texas, muri\u00f3 el 26 de febrero. Era un ministro jubilado, sirviendo en M\u00e9xico y &nbsp;Texas.Le sobrevive su esposa, Fortunata Rios.<\/p>\n<p><a href=\"http:\/\/www.legacy.com\/obituaries\/portsmouth-dailytimes\/obituary.aspx?page=lifestory&amp;pid=188317653\" target=\"_blank\"><strong>Bobby Taylor<\/strong><\/a>, 77,&nbsp;de South Shore, Kentucky, muri\u00f3 el 26 de febrero. Era un ministro jubilado y evangelista, sirviendo en Kentucky y &nbsp;Ohio.Le sobrevive su esposa, Colleen Taylor.<\/p>\n<p>Para ediciones anteriores de <em>In Memoriam<\/em>, vea la secci\u00f3n \u00abPasos\u00bb haciendo <a href=\"https:\/\/nazarene.org\/article-posted\/passings\">clic aqu\u00ed<\/a>.<\/p>\n<p><em>Nota: \u00danase a nosotros en oraci\u00f3n por las familias que han perdido a seres queridos. Haga clic en los nombres para historias completas, informaci\u00f3n funeraria, obituarios locales en l\u00ednea y \/ o libros de invitados (si est\u00e1 disponible). Para enviar una entrada de un ministro o l\u00edder de la iglesia, env\u00ede a <a href=\"mailto:news@nazarene.org\">news@nazarene.org<\/a>.<\/em><\/p>\n<p>Compilado por NCN News<\/p>\n","protected":false},"excerpt":{"rendered":"<p><img decoding=\"async\" alt=\"\" height=\"400\" src=\"\/sites\/default\/files\/migrated_images\/NCN%20News\/Generic\/In%20Memoriam\/S&lt;\/div&gt;\"><\/p>\n","protected":false},"author":1,"featured_media":0,"menu_order":0,"template":"","news-categories":[],"news-region-taxonomy":[],"news-tag":[792],"class_list":["post-53815","news","type-news","status-publish","hentry","news-tag-pasos"],"yoast_head":"<!-- This site is optimized with the Yoast SEO Premium plugin v27.1 (Yoast SEO v27.1.1) - https:\/\/yoast.com\/product\/yoast-seo-premium-wordpress\/ -->\n<title>In Memoriam: 2 de marzo de 2018 - Church of the Nazarene<\/title>\n<meta name=\"robots\" content=\"index, follow, max-snippet:-1, max-image-preview:large, max-video-preview:-1\" \/>\n<link rel=\"canonical\" href=\"https:\/\/nazarene.org\/es\/news\/in-memoriam-2-de-marzo-de-2018\/\" \/>\n<meta property=\"og:locale\" content=\"es_ES\" \/>\n<meta property=\"og:type\" content=\"article\" \/>\n<meta property=\"og:title\" content=\"In Memoriam: 2 de marzo de 2018\" \/>\n<meta property=\"og:url\" content=\"https:\/\/nazarene.org\/es\/news\/in-memoriam-2-de-marzo-de-2018\/\" \/>\n<meta property=\"og:site_name\" content=\"Church of the Nazarene\" \/>\n<meta property=\"article:publisher\" content=\"https:\/\/www.facebook.com\/NazareneOfficial\/\" \/>\n<meta property=\"og:image\" content=\"https:\/\/nazarene.org\/wp-content\/uploads\/migrated_images\/NCN%20News\/Generic\/In%20Memoriam\/SnowyFence.jpg\" \/>\n<meta name=\"twitter:card\" content=\"summary_large_image\" \/>\n<meta name=\"twitter:site\" content=\"@Nazarene\" \/>\n<script type=\"application\/ld+json\" class=\"yoast-schema-graph\">{\"@context\":\"https:\/\/schema.org\",\"@graph\":[{\"@type\":\"WebPage\",\"@id\":\"https:\/\/nazarene.org\/es\/news\/in-memoriam-2-de-marzo-de-2018\/\",\"url\":\"https:\/\/nazarene.org\/es\/news\/in-memoriam-2-de-marzo-de-2018\/\",\"name\":\"In Memoriam: 2 de marzo de 2018 - Church of the Nazarene\",\"isPartOf\":{\"@id\":\"https:\/\/nazarene.org\/es\/#website\"},\"primaryImageOfPage\":{\"@id\":\"https:\/\/nazarene.org\/es\/news\/in-memoriam-2-de-marzo-de-2018\/#primaryimage\"},\"image\":{\"@id\":\"https:\/\/nazarene.org\/es\/news\/in-memoriam-2-de-marzo-de-2018\/#primaryimage\"},\"thumbnailUrl\":\"https:\/\/nazarene.org\/wp-content\/uploads\/migrated_images\/NCN%20News\/Generic\/In%20Memoriam\/SnowyFence.jpg\",\"datePublished\":\"2019-07-10T05:00:00+00:00\",\"breadcrumb\":{\"@id\":\"https:\/\/nazarene.org\/es\/news\/in-memoriam-2-de-marzo-de-2018\/#breadcrumb\"},\"inLanguage\":\"es\",\"potentialAction\":[{\"@type\":\"ReadAction\",\"target\":[\"https:\/\/nazarene.org\/es\/news\/in-memoriam-2-de-marzo-de-2018\/\"]}]},{\"@type\":\"ImageObject\",\"inLanguage\":\"es\",\"@id\":\"https:\/\/nazarene.org\/es\/news\/in-memoriam-2-de-marzo-de-2018\/#primaryimage\",\"url\":\"https:\/\/nazarene.org\/wp-content\/uploads\/migrated_images\/NCN%20News\/Generic\/In%20Memoriam\/SnowyFence.jpg\",\"contentUrl\":\"https:\/\/nazarene.org\/wp-content\/uploads\/migrated_images\/NCN%20News\/Generic\/In%20Memoriam\/SnowyFence.jpg\"},{\"@type\":\"BreadcrumbList\",\"@id\":\"https:\/\/nazarene.org\/es\/news\/in-memoriam-2-de-marzo-de-2018\/#breadcrumb\",\"itemListElement\":[{\"@type\":\"ListItem\",\"position\":1,\"name\":\"Home\",\"item\":\"https:\/\/nazarene.org\/es\/inicio\/\"},{\"@type\":\"ListItem\",\"position\":2,\"name\":\"News\",\"item\":\"https:\/\/nazarene.org\/es\/news\/\"},{\"@type\":\"ListItem\",\"position\":3,\"name\":\"In Memoriam: 2 de marzo de 2018\"}]},{\"@type\":\"WebSite\",\"@id\":\"https:\/\/nazarene.org\/es\/#website\",\"url\":\"https:\/\/nazarene.org\/es\/\",\"name\":\"Church of the Nazarene\",\"description\":\"Making Christlike Disciples in the Nations\",\"publisher\":{\"@id\":\"https:\/\/nazarene.org\/es\/#organization\"},\"potentialAction\":[{\"@type\":\"SearchAction\",\"target\":{\"@type\":\"EntryPoint\",\"urlTemplate\":\"https:\/\/nazarene.org\/es\/?s={search_term_string}\"},\"query-input\":{\"@type\":\"PropertyValueSpecification\",\"valueRequired\":true,\"valueName\":\"search_term_string\"}}],\"inLanguage\":\"es\"},{\"@type\":\"Organization\",\"@id\":\"https:\/\/nazarene.org\/es\/#organization\",\"name\":\"Church of the Nazarene\",\"url\":\"https:\/\/nazarene.org\/es\/\",\"logo\":{\"@type\":\"ImageObject\",\"inLanguage\":\"es\",\"@id\":\"https:\/\/nazarene.org\/es\/#\/schema\/logo\/image\/\",\"url\":\"https:\/\/nazarene.org\/wp-content\/uploads\/2024\/06\/Naz_Desktop_Black_Logo-1.svg\",\"contentUrl\":\"https:\/\/nazarene.org\/wp-content\/uploads\/2024\/06\/Naz_Desktop_Black_Logo-1.svg\",\"width\":258,\"height\":36,\"caption\":\"Church of the Nazarene\"},\"image\":{\"@id\":\"https:\/\/nazarene.org\/es\/#\/schema\/logo\/image\/\"},\"sameAs\":[\"https:\/\/www.facebook.com\/NazareneOfficial\/\",\"https:\/\/x.com\/Nazarene\",\"https:\/\/www.instagram.com\/nazareneofficial\/\"]}]}<\/script>\n<!-- \/ Yoast SEO Premium plugin. -->","yoast_head_json":{"title":"In Memoriam: 2 de marzo de 2018 - Church of the Nazarene","robots":{"index":"index","follow":"follow","max-snippet":"max-snippet:-1","max-image-preview":"max-image-preview:large","max-video-preview":"max-video-preview:-1"},"canonical":"https:\/\/nazarene.org\/es\/news\/in-memoriam-2-de-marzo-de-2018\/","og_locale":"es_ES","og_type":"article","og_title":"In Memoriam: 2 de marzo de 2018","og_url":"https:\/\/nazarene.org\/es\/news\/in-memoriam-2-de-marzo-de-2018\/","og_site_name":"Church of the Nazarene","article_publisher":"https:\/\/www.facebook.com\/NazareneOfficial\/","og_image":[{"url":"https:\/\/nazarene.org\/wp-content\/uploads\/migrated_images\/NCN%20News\/Generic\/In%20Memoriam\/SnowyFence.jpg","type":"","width":"","height":""}],"twitter_card":"summary_large_image","twitter_site":"@Nazarene","schema":{"@context":"https:\/\/schema.org","@graph":[{"@type":"WebPage","@id":"https:\/\/nazarene.org\/es\/news\/in-memoriam-2-de-marzo-de-2018\/","url":"https:\/\/nazarene.org\/es\/news\/in-memoriam-2-de-marzo-de-2018\/","name":"In Memoriam: 2 de marzo de 2018 - Church of the Nazarene","isPartOf":{"@id":"https:\/\/nazarene.org\/es\/#website"},"primaryImageOfPage":{"@id":"https:\/\/nazarene.org\/es\/news\/in-memoriam-2-de-marzo-de-2018\/#primaryimage"},"image":{"@id":"https:\/\/nazarene.org\/es\/news\/in-memoriam-2-de-marzo-de-2018\/#primaryimage"},"thumbnailUrl":"https:\/\/nazarene.org\/wp-content\/uploads\/migrated_images\/NCN%20News\/Generic\/In%20Memoriam\/SnowyFence.jpg","datePublished":"2019-07-10T05:00:00+00:00","breadcrumb":{"@id":"https:\/\/nazarene.org\/es\/news\/in-memoriam-2-de-marzo-de-2018\/#breadcrumb"},"inLanguage":"es","potentialAction":[{"@type":"ReadAction","target":["https:\/\/nazarene.org\/es\/news\/in-memoriam-2-de-marzo-de-2018\/"]}]},{"@type":"ImageObject","inLanguage":"es","@id":"https:\/\/nazarene.org\/es\/news\/in-memoriam-2-de-marzo-de-2018\/#primaryimage","url":"https:\/\/nazarene.org\/wp-content\/uploads\/migrated_images\/NCN%20News\/Generic\/In%20Memoriam\/SnowyFence.jpg","contentUrl":"https:\/\/nazarene.org\/wp-content\/uploads\/migrated_images\/NCN%20News\/Generic\/In%20Memoriam\/SnowyFence.jpg"},{"@type":"BreadcrumbList","@id":"https:\/\/nazarene.org\/es\/news\/in-memoriam-2-de-marzo-de-2018\/#breadcrumb","itemListElement":[{"@type":"ListItem","position":1,"name":"Home","item":"https:\/\/nazarene.org\/es\/inicio\/"},{"@type":"ListItem","position":2,"name":"News","item":"https:\/\/nazarene.org\/es\/news\/"},{"@type":"ListItem","position":3,"name":"In Memoriam: 2 de marzo de 2018"}]},{"@type":"WebSite","@id":"https:\/\/nazarene.org\/es\/#website","url":"https:\/\/nazarene.org\/es\/","name":"Church of the Nazarene","description":"Making Christlike Disciples in the Nations","publisher":{"@id":"https:\/\/nazarene.org\/es\/#organization"},"potentialAction":[{"@type":"SearchAction","target":{"@type":"EntryPoint","urlTemplate":"https:\/\/nazarene.org\/es\/?s={search_term_string}"},"query-input":{"@type":"PropertyValueSpecification","valueRequired":true,"valueName":"search_term_string"}}],"inLanguage":"es"},{"@type":"Organization","@id":"https:\/\/nazarene.org\/es\/#organization","name":"Church of the Nazarene","url":"https:\/\/nazarene.org\/es\/","logo":{"@type":"ImageObject","inLanguage":"es","@id":"https:\/\/nazarene.org\/es\/#\/schema\/logo\/image\/","url":"https:\/\/nazarene.org\/wp-content\/uploads\/2024\/06\/Naz_Desktop_Black_Logo-1.svg","contentUrl":"https:\/\/nazarene.org\/wp-content\/uploads\/2024\/06\/Naz_Desktop_Black_Logo-1.svg","width":258,"height":36,"caption":"Church of the Nazarene"},"image":{"@id":"https:\/\/nazarene.org\/es\/#\/schema\/logo\/image\/"},"sameAs":["https:\/\/www.facebook.com\/NazareneOfficial\/","https:\/\/x.com\/Nazarene","https:\/\/www.instagram.com\/nazareneofficial\/"]}]}},"_links":{"self":[{"href":"https:\/\/nazarene.org\/es\/wp-json\/wp\/v2\/news\/53815","targetHints":{"allow":["GET"]}}],"collection":[{"href":"https:\/\/nazarene.org\/es\/wp-json\/wp\/v2\/news"}],"about":[{"href":"https:\/\/nazarene.org\/es\/wp-json\/wp\/v2\/types\/news"}],"author":[{"embeddable":true,"href":"https:\/\/nazarene.org\/es\/wp-json\/wp\/v2\/users\/1"}],"version-history":[{"count":0,"href":"https:\/\/nazarene.org\/es\/wp-json\/wp\/v2\/news\/53815\/revisions"}],"wp:attachment":[{"href":"https:\/\/nazarene.org\/es\/wp-json\/wp\/v2\/media?parent=53815"}],"wp:term":[{"taxonomy":"news-categories","embeddable":true,"href":"https:\/\/nazarene.org\/es\/wp-json\/wp\/v2\/news-categories?post=53815"},{"taxonomy":"news-region-taxonomy","embeddable":true,"href":"https:\/\/nazarene.org\/es\/wp-json\/wp\/v2\/news-region-taxonomy?post=53815"},{"taxonomy":"news-tag","embeddable":true,"href":"https:\/\/nazarene.org\/es\/wp-json\/wp\/v2\/news-tag?post=53815"}],"curies":[{"name":"wp","href":"https:\/\/api.w.org\/{rel}","templated":true}]}}