{"id":53715,"date":"2019-07-10T00:00:00","date_gmt":"2019-07-10T05:00:00","guid":{"rendered":"https:\/\/nazarene.org\/news\/eddie-estep-nombrado-superintendente-de-distrito-de-kansas-city\/"},"modified":"2019-07-10T00:00:00","modified_gmt":"2019-07-10T05:00:00","slug":"eddie-estep-nombrado-superintendente-de-distrito-de-kansas-city","status":"publish","type":"news","link":"https:\/\/nazarene.org\/es\/news\/eddie-estep-nombrado-superintendente-de-distrito-de-kansas-city\/","title":{"rendered":"Eddie Estep nombrado superintendente de distrito de Kansas City"},"content":{"rendered":"<p><img fetchpriority=\"high\" decoding=\"async\" alt=\"\" height=\"400\" src=\"https:\/\/nazarene.org\/wp-content\/uploads\/migrated_images\/NCN%20News\/USACanada\/Kansas\/Estep.jpg\" width=\"750\"><\/p>\n<p>Edward \u00abEddie\u00bb Estep ha sido nombrado como superintendente del Distrito de Kansas City en consulta con el Consejo Asesor de Distrito y la Junta de Superintendentes Generales. Gustavo A. Crocker, superintendente general en la jurisdicci\u00f3n, hizo el nombramiento efectivo el 1 de marzo.<\/p>\n<p>Tras <a href=\"\/article\/nts-elects-rowell-next-president\" target=\"_blank\">la elecci\u00f3n de Jeren Rowell<\/a>&nbsp;, entonces superinte&nbsp;ndente del Distrito de Kansas City, a la oficina del presidente del <a href=\"http:\/\/www.nts.edu\" target=\"_blank\">Seminario Teol\u00f3gico Nazareno<\/a>, el Consejo Asesor de Distrito cre\u00f3 un perfil de candidato basado en las necesidades actuales del distrito. Muchos nombres fueron considerados por el consejo, y recomend\u00f3 una lista de candidatos potenciales a la Junta de Superintendentes Generales para su aprobaci\u00f3n, finalmente decidiendo sobre Estep.<\/p>\n<p>Estep es actualmente superintendente del Distrito de Carolina del Sur, una posici\u00f3n que ha ocupado desde 2006. Antes de esto, pastore\u00f3 iglesias en Columbus, Ohio; Maysville, Kentucky; Ripley, West Virginia; y Parkersburg, West Virginia.<\/p>\n<p>Me complace concluir un proceso tan atractivo de consulta con el nombramiento de Eddie Estep, dijo Crocker.&nbsp;El Dr. Estep trae a la mesa a\u00f1os de experiencia como superintendente de distrito, pastor y como capacitador de nuevos superintendentes de distrito en la Regi\u00f3n de Estados Unidos \/ Canad\u00e1 y en el extranjero. Ciertamente ayudar\u00e1 al distrito a continuar con su trayectoria sobresaliente de liderazgo, misi\u00f3n y extensi\u00f3n por el bien del Reino y la gloria de Dios.<\/p>\n<p>Estep sirvi\u00f3 en la Junta de Fideicomisarios del <a href=\"http:\/\/www.nbc.edu\" target=\"_blank\">Colegio B\u00edblico Nazareno<\/a>, el Seminario Teol\u00f3gico Nazareno y la <a href=\"http:\/\/www.mvnu.edu\" target=\"_blank\">Universidad Nazarena de Mount Vernon<\/a>. Tambi\u00e9n sirvi\u00f3 como secretario en la Junta de MVNU y en el Curso Regional del Consejo Asesor de Estudio &nbsp;para la Regi\u00f3n de Estados Unidos \/ Canad\u00e1. Estepe&nbsp;psir\u00f3 en varias juntas de distrito en Eastern Kentucky y Ohio Central y como presidente de la <a href=\"https:\/\/nazarene.org\/es\/nueva-york\/\" target=\"_blank\">Juventud Nazarena Internacional<\/a> de distrito de West Virginia del Norte. Fue elegido a la Iglesia de la Junta General de la Nazarena &nbsp;en &nbsp;&nbsp;2005 y actualmente sirve en el Consejo Asesor de Superintendentes de Distrito y en la Junta de Fideicomisarios de la <a href=\"http:\/\/www.trevecca.edu\" target=\"_blank\">Universidad de Trevecca Nazarena<\/a> como vicepresidente.<\/p>\n<p>Eddie y su esposa, Diane, actualmente residen en West Columbia, Carolina del Sur.<\/p>\n","protected":false},"excerpt":{"rendered":"<p><img decoding=\"async\" alt=\"\" height=\"400\" src=\"\/sites\/default\/files\/migrated_images\/NCN%20News\/USACanada\/Kansas\/Este&lt;\/div&gt;\"><\/p>\n","protected":false},"author":1,"featured_media":0,"menu_order":0,"template":"","news-categories":[],"news-region-taxonomy":[],"news-tag":[1667,1728,764,1784,1374],"class_list":["post-53715","news","type-news","status-publish","hentry","news-tag-bgs-es","news-tag-carolina-del-sur","news-tag-ee-uu-canada","news-tag-kansas-es","news-tag-missouri-es"],"yoast_head":"<!-- This site is optimized with the Yoast SEO Premium plugin v27.1 (Yoast SEO v27.1.1) - https:\/\/yoast.com\/product\/yoast-seo-premium-wordpress\/ -->\n<title>Eddie Estep nombrado superintendente de distrito de Kansas City - Church of the Nazarene<\/title>\n<meta name=\"robots\" content=\"index, follow, max-snippet:-1, max-image-preview:large, max-video-preview:-1\" \/>\n<link rel=\"canonical\" href=\"https:\/\/nazarene.org\/es\/news\/eddie-estep-nombrado-superintendente-de-distrito-de-kansas-city\/\" \/>\n<meta property=\"og:locale\" content=\"es_ES\" \/>\n<meta property=\"og:type\" content=\"article\" \/>\n<meta property=\"og:title\" content=\"Eddie Estep nombrado superintendente de distrito de Kansas City\" \/>\n<meta property=\"og:url\" content=\"https:\/\/nazarene.org\/es\/news\/eddie-estep-nombrado-superintendente-de-distrito-de-kansas-city\/\" \/>\n<meta property=\"og:site_name\" content=\"Church of the Nazarene\" \/>\n<meta property=\"article:publisher\" content=\"https:\/\/www.facebook.com\/NazareneOfficial\/\" \/>\n<meta property=\"og:image\" content=\"https:\/\/nazarene.org\/wp-content\/uploads\/migrated_images\/NCN%20News\/USACanada\/Kansas\/Estep.jpg\" \/>\n<meta name=\"twitter:card\" content=\"summary_large_image\" \/>\n<meta name=\"twitter:site\" content=\"@Nazarene\" \/>\n<script type=\"application\/ld+json\" class=\"yoast-schema-graph\">{\"@context\":\"https:\/\/schema.org\",\"@graph\":[{\"@type\":\"WebPage\",\"@id\":\"https:\/\/nazarene.org\/es\/news\/eddie-estep-nombrado-superintendente-de-distrito-de-kansas-city\/\",\"url\":\"https:\/\/nazarene.org\/es\/news\/eddie-estep-nombrado-superintendente-de-distrito-de-kansas-city\/\",\"name\":\"Eddie Estep nombrado superintendente de distrito de Kansas City - Church of the Nazarene\",\"isPartOf\":{\"@id\":\"https:\/\/nazarene.org\/es\/#website\"},\"primaryImageOfPage\":{\"@id\":\"https:\/\/nazarene.org\/es\/news\/eddie-estep-nombrado-superintendente-de-distrito-de-kansas-city\/#primaryimage\"},\"image\":{\"@id\":\"https:\/\/nazarene.org\/es\/news\/eddie-estep-nombrado-superintendente-de-distrito-de-kansas-city\/#primaryimage\"},\"thumbnailUrl\":\"https:\/\/nazarene.org\/wp-content\/uploads\/migrated_images\/NCN%20News\/USACanada\/Kansas\/Estep.jpg\",\"datePublished\":\"2019-07-10T05:00:00+00:00\",\"breadcrumb\":{\"@id\":\"https:\/\/nazarene.org\/es\/news\/eddie-estep-nombrado-superintendente-de-distrito-de-kansas-city\/#breadcrumb\"},\"inLanguage\":\"es\",\"potentialAction\":[{\"@type\":\"ReadAction\",\"target\":[\"https:\/\/nazarene.org\/es\/news\/eddie-estep-nombrado-superintendente-de-distrito-de-kansas-city\/\"]}]},{\"@type\":\"ImageObject\",\"inLanguage\":\"es\",\"@id\":\"https:\/\/nazarene.org\/es\/news\/eddie-estep-nombrado-superintendente-de-distrito-de-kansas-city\/#primaryimage\",\"url\":\"https:\/\/nazarene.org\/wp-content\/uploads\/migrated_images\/NCN%20News\/USACanada\/Kansas\/Estep.jpg\",\"contentUrl\":\"https:\/\/nazarene.org\/wp-content\/uploads\/migrated_images\/NCN%20News\/USACanada\/Kansas\/Estep.jpg\"},{\"@type\":\"BreadcrumbList\",\"@id\":\"https:\/\/nazarene.org\/es\/news\/eddie-estep-nombrado-superintendente-de-distrito-de-kansas-city\/#breadcrumb\",\"itemListElement\":[{\"@type\":\"ListItem\",\"position\":1,\"name\":\"Home\",\"item\":\"https:\/\/nazarene.org\/es\/inicio\/\"},{\"@type\":\"ListItem\",\"position\":2,\"name\":\"News\",\"item\":\"https:\/\/nazarene.org\/es\/news\/\"},{\"@type\":\"ListItem\",\"position\":3,\"name\":\"Eddie Estep nombrado superintendente de distrito de Kansas City\"}]},{\"@type\":\"WebSite\",\"@id\":\"https:\/\/nazarene.org\/es\/#website\",\"url\":\"https:\/\/nazarene.org\/es\/\",\"name\":\"Church of the Nazarene\",\"description\":\"Making Christlike Disciples in the Nations\",\"publisher\":{\"@id\":\"https:\/\/nazarene.org\/es\/#organization\"},\"potentialAction\":[{\"@type\":\"SearchAction\",\"target\":{\"@type\":\"EntryPoint\",\"urlTemplate\":\"https:\/\/nazarene.org\/es\/?s={search_term_string}\"},\"query-input\":{\"@type\":\"PropertyValueSpecification\",\"valueRequired\":true,\"valueName\":\"search_term_string\"}}],\"inLanguage\":\"es\"},{\"@type\":\"Organization\",\"@id\":\"https:\/\/nazarene.org\/es\/#organization\",\"name\":\"Church of the Nazarene\",\"url\":\"https:\/\/nazarene.org\/es\/\",\"logo\":{\"@type\":\"ImageObject\",\"inLanguage\":\"es\",\"@id\":\"https:\/\/nazarene.org\/es\/#\/schema\/logo\/image\/\",\"url\":\"https:\/\/nazarene.org\/wp-content\/uploads\/2024\/06\/Naz_Desktop_Black_Logo-1.svg\",\"contentUrl\":\"https:\/\/nazarene.org\/wp-content\/uploads\/2024\/06\/Naz_Desktop_Black_Logo-1.svg\",\"width\":258,\"height\":36,\"caption\":\"Church of the Nazarene\"},\"image\":{\"@id\":\"https:\/\/nazarene.org\/es\/#\/schema\/logo\/image\/\"},\"sameAs\":[\"https:\/\/www.facebook.com\/NazareneOfficial\/\",\"https:\/\/x.com\/Nazarene\",\"https:\/\/www.instagram.com\/nazareneofficial\/\"]}]}<\/script>\n<!-- \/ Yoast SEO Premium plugin. -->","yoast_head_json":{"title":"Eddie Estep nombrado superintendente de distrito de Kansas City - Church of the Nazarene","robots":{"index":"index","follow":"follow","max-snippet":"max-snippet:-1","max-image-preview":"max-image-preview:large","max-video-preview":"max-video-preview:-1"},"canonical":"https:\/\/nazarene.org\/es\/news\/eddie-estep-nombrado-superintendente-de-distrito-de-kansas-city\/","og_locale":"es_ES","og_type":"article","og_title":"Eddie Estep nombrado superintendente de distrito de Kansas City","og_url":"https:\/\/nazarene.org\/es\/news\/eddie-estep-nombrado-superintendente-de-distrito-de-kansas-city\/","og_site_name":"Church of the Nazarene","article_publisher":"https:\/\/www.facebook.com\/NazareneOfficial\/","og_image":[{"url":"https:\/\/nazarene.org\/wp-content\/uploads\/migrated_images\/NCN%20News\/USACanada\/Kansas\/Estep.jpg","type":"","width":"","height":""}],"twitter_card":"summary_large_image","twitter_site":"@Nazarene","schema":{"@context":"https:\/\/schema.org","@graph":[{"@type":"WebPage","@id":"https:\/\/nazarene.org\/es\/news\/eddie-estep-nombrado-superintendente-de-distrito-de-kansas-city\/","url":"https:\/\/nazarene.org\/es\/news\/eddie-estep-nombrado-superintendente-de-distrito-de-kansas-city\/","name":"Eddie Estep nombrado superintendente de distrito de Kansas City - Church of the Nazarene","isPartOf":{"@id":"https:\/\/nazarene.org\/es\/#website"},"primaryImageOfPage":{"@id":"https:\/\/nazarene.org\/es\/news\/eddie-estep-nombrado-superintendente-de-distrito-de-kansas-city\/#primaryimage"},"image":{"@id":"https:\/\/nazarene.org\/es\/news\/eddie-estep-nombrado-superintendente-de-distrito-de-kansas-city\/#primaryimage"},"thumbnailUrl":"https:\/\/nazarene.org\/wp-content\/uploads\/migrated_images\/NCN%20News\/USACanada\/Kansas\/Estep.jpg","datePublished":"2019-07-10T05:00:00+00:00","breadcrumb":{"@id":"https:\/\/nazarene.org\/es\/news\/eddie-estep-nombrado-superintendente-de-distrito-de-kansas-city\/#breadcrumb"},"inLanguage":"es","potentialAction":[{"@type":"ReadAction","target":["https:\/\/nazarene.org\/es\/news\/eddie-estep-nombrado-superintendente-de-distrito-de-kansas-city\/"]}]},{"@type":"ImageObject","inLanguage":"es","@id":"https:\/\/nazarene.org\/es\/news\/eddie-estep-nombrado-superintendente-de-distrito-de-kansas-city\/#primaryimage","url":"https:\/\/nazarene.org\/wp-content\/uploads\/migrated_images\/NCN%20News\/USACanada\/Kansas\/Estep.jpg","contentUrl":"https:\/\/nazarene.org\/wp-content\/uploads\/migrated_images\/NCN%20News\/USACanada\/Kansas\/Estep.jpg"},{"@type":"BreadcrumbList","@id":"https:\/\/nazarene.org\/es\/news\/eddie-estep-nombrado-superintendente-de-distrito-de-kansas-city\/#breadcrumb","itemListElement":[{"@type":"ListItem","position":1,"name":"Home","item":"https:\/\/nazarene.org\/es\/inicio\/"},{"@type":"ListItem","position":2,"name":"News","item":"https:\/\/nazarene.org\/es\/news\/"},{"@type":"ListItem","position":3,"name":"Eddie Estep nombrado superintendente de distrito de Kansas City"}]},{"@type":"WebSite","@id":"https:\/\/nazarene.org\/es\/#website","url":"https:\/\/nazarene.org\/es\/","name":"Church of the Nazarene","description":"Making Christlike Disciples in the Nations","publisher":{"@id":"https:\/\/nazarene.org\/es\/#organization"},"potentialAction":[{"@type":"SearchAction","target":{"@type":"EntryPoint","urlTemplate":"https:\/\/nazarene.org\/es\/?s={search_term_string}"},"query-input":{"@type":"PropertyValueSpecification","valueRequired":true,"valueName":"search_term_string"}}],"inLanguage":"es"},{"@type":"Organization","@id":"https:\/\/nazarene.org\/es\/#organization","name":"Church of the Nazarene","url":"https:\/\/nazarene.org\/es\/","logo":{"@type":"ImageObject","inLanguage":"es","@id":"https:\/\/nazarene.org\/es\/#\/schema\/logo\/image\/","url":"https:\/\/nazarene.org\/wp-content\/uploads\/2024\/06\/Naz_Desktop_Black_Logo-1.svg","contentUrl":"https:\/\/nazarene.org\/wp-content\/uploads\/2024\/06\/Naz_Desktop_Black_Logo-1.svg","width":258,"height":36,"caption":"Church of the Nazarene"},"image":{"@id":"https:\/\/nazarene.org\/es\/#\/schema\/logo\/image\/"},"sameAs":["https:\/\/www.facebook.com\/NazareneOfficial\/","https:\/\/x.com\/Nazarene","https:\/\/www.instagram.com\/nazareneofficial\/"]}]}},"_links":{"self":[{"href":"https:\/\/nazarene.org\/es\/wp-json\/wp\/v2\/news\/53715","targetHints":{"allow":["GET"]}}],"collection":[{"href":"https:\/\/nazarene.org\/es\/wp-json\/wp\/v2\/news"}],"about":[{"href":"https:\/\/nazarene.org\/es\/wp-json\/wp\/v2\/types\/news"}],"author":[{"embeddable":true,"href":"https:\/\/nazarene.org\/es\/wp-json\/wp\/v2\/users\/1"}],"version-history":[{"count":0,"href":"https:\/\/nazarene.org\/es\/wp-json\/wp\/v2\/news\/53715\/revisions"}],"wp:attachment":[{"href":"https:\/\/nazarene.org\/es\/wp-json\/wp\/v2\/media?parent=53715"}],"wp:term":[{"taxonomy":"news-categories","embeddable":true,"href":"https:\/\/nazarene.org\/es\/wp-json\/wp\/v2\/news-categories?post=53715"},{"taxonomy":"news-region-taxonomy","embeddable":true,"href":"https:\/\/nazarene.org\/es\/wp-json\/wp\/v2\/news-region-taxonomy?post=53715"},{"taxonomy":"news-tag","embeddable":true,"href":"https:\/\/nazarene.org\/es\/wp-json\/wp\/v2\/news-tag?post=53715"}],"curies":[{"name":"wp","href":"https:\/\/api.w.org\/{rel}","templated":true}]}}