{"id":53606,"date":"2019-07-10T00:00:00","date_gmt":"2019-07-10T05:00:00","guid":{"rendered":"https:\/\/nazarene.org\/news\/la-junta-de-superintendentes-generales-afirma-la-declaracion-del-manual-sobre-discriminacion\/"},"modified":"2019-07-10T00:00:00","modified_gmt":"2019-07-10T05:00:00","slug":"la-junta-de-superintendentes-generales-afirma-la-declaracion-del-manual-sobre-discriminacion","status":"publish","type":"news","link":"https:\/\/nazarene.org\/es\/news\/la-junta-de-superintendentes-generales-afirma-la-declaracion-del-manual-sobre-discriminacion\/","title":{"rendered":"La Junta de Superintendentes Generales afirma la declaraci\u00f3n del Manual sobre discriminaci\u00f3n"},"content":{"rendered":"<p>&nbsp;<\/p>\n<p>La atenci\u00f3n amplia se ha enfocado en los \u00faltimos d\u00edas en los Estados Unidos de Am\u00e9rica, as\u00ed como en otras naciones del mundo, en problemas de discriminaci\u00f3n, las relaciones raciales y el valor inherente de cada persona como creada en la imagen de Dios. Queremos recordar a los nazarenos de todo el mundo, as\u00ed como a todos los preocupados por estos asuntos de la siguiente declaraci\u00f3n incluida en nuestro <em>Manual<\/em> denominacional, como afirmado por nuestra Asamblea General:<\/p>\n<blockquote>\n<p class=\"rteindent1\"><a href=\"http:\/\/2017.manual.nazarene.org\/paragraph\/p915\/\" target=\"_blank\"><strong>915 Discriminaci\u00f3n:<\/strong><\/a> La Iglesia de la Nazarena reitera su <a href=\"http:\/\/2017.manual.nazarene.org\/front_matter\/historical-statement\/\" target=\"_blank\">posici\u00f3n hist\u00f3rica<\/a> de compasi\u00f3n cristiana por las personas de todas las razas. Creemos que <a href=\"http:\/\/2017.manual.nazarene.org\/section\/triune-god\/\" target=\"_blank\">Dios<\/a> es el Creador de todas las personas, y que de una sangre son todas las personas creadas.<\/p>\n<p class=\"rteindent1\">Creemos que cada individuo, independientemente de la raza, el color, el g\u00e9nero o el credo, debe tener igualdad ante la ley, incluido el derecho a votar, el acceso igualitario a oportunidades educativas, a todas las instalaciones p\u00fablicas y a la igualdad de oportunidad, de acuerdo con la capacidad de uno, de ganar una vida libre de cualquier trabajo o discriminaci\u00f3n econ\u00f3mica.<\/p>\n<p class=\"rteindent1\">Instamos a nuestras iglesias en todas partes a continuar y fortalecer los programas de educaci\u00f3n para promover la comprensi\u00f3n racial y la armon\u00eda. Tambi\u00e9n sentimos que la amonestaci\u00f3n escritural de <a href=\"https:\/\/www.biblegateway.com\/passage\/?search=Hebrews+12%3A14&amp;version=NIV\" target=\"_blank\">Hebreos 12:14<\/a> deber\u00eda guiar las acciones de nuestro pueblo. Instamos a que cada miembro de la Iglesia de la Nazarena examine humildemente sus actitudes personales y acciones hacia otros, como un primer paso en lograr el objetivo cristiano de la participaci\u00f3n plena de todos en la vida de la iglesia y toda la comunidad.<\/p>\n<p class=\"rteindent1\">Reenfatizamos nuestra creencia de que la <a href=\"http:\/\/2017.manual.nazarene.org\/section\/christian-holiness-and-entire-sanctification\/\" target=\"_blank\">santidad<\/a> del coraz\u00f3n y la vida es la base para la vida correcta. Creemos que la caridad cristiana entre grupos raciales o de <a href=\"http:\/\/2017.manual.nazarene.org\/paragraph\/p918\/\" target=\"_blank\">g\u00e9nero<\/a> vendr\u00e1 cuando los corazones de las personas hayan sido cambiados por la sumisi\u00f3n completa a <a href=\"http:\/\/2017.manual.nazarene.org\/section\/jesus-christ\/\" target=\"_blank\">Jesucristo<\/a>, y que la esencia del verdadero cristianismo consiste en amar a Dios con el coraz\u00f3n, el alma, la mente y la fuerza, y el vecino de uno como uno mismo.<\/p>\n<p class=\"rteindent1\">Por lo tanto, renunciamos a cualquier forma de indiferencia racial y \u00e9tnica, exclusi\u00f3n, subyugaci\u00f3n o opresi\u00f3n como un pecado grave contra Dios y nuestros seres humanos. Lamentamos el legado de cada forma de racismo en todo el mundo, y buscamos enfrentar ese legado a trav\u00e9s del arrepentimiento, la reconciliaci\u00f3n y la justicia b\u00edblica. Buscamos arrepentirnos de cada comportamiento en el que hemos estado excesiva o encubiertamente c\u00f3mplices con el pecado del racismo, tanto en el pasado como en el presente; y en la confesi\u00f3n y el lamento buscamos el perd\u00f3n y la reconciliaci\u00f3n.<\/p>\n<p class=\"rteindent1\">Adem\u00e1s, reconocemos que no hay reconciliaci\u00f3n aparte de la lucha humana para pararse contra y superar todo el prejuicio personal, institucional y estructural responsable de la humillaci\u00f3n racial y \u00e9tnica y la opresi\u00f3n. Llamamos a los nazarenos en todas partes a identificar y buscar eliminar actos y estructuras de prejuicio, para facilitar ocasiones para buscar el perd\u00f3n y la reconciliaci\u00f3n, y tomar acci\u00f3n para empoderar a aquellos que han sido marginados. (2017-21 <em>Manual<\/em>, Iglesia de la Nazarena)<\/p>\n<\/blockquote>\n<p>Junta de Superintendentes Generales<\/p>\n","protected":false},"excerpt":{"rendered":"<p>&nbsp; La atenci\u00f3n amplia se ha enfocado en los \u00faltimos d\u00edas en los Estados Unidos de Am\u00e9rica, as\u00ed como en otras naciones del mundo, en problemas de discriminaci\u00f3n, las relaciones raciales y el valor inherente de cada persona como creada en la imagen de Dios. Queremos recordar a los nazarenos de todo el mundo, as\u00ed [&hellip;]<\/p>\n","protected":false},"author":1,"featured_media":24538,"menu_order":0,"template":"","news-categories":[],"news-region-taxonomy":[],"news-tag":[1667,2275],"class_list":["post-53606","news","type-news","status-publish","has-post-thumbnail","hentry","news-tag-bgs-es","news-tag-iniciativa-actual"],"yoast_head":"<!-- This site is optimized with the Yoast SEO Premium plugin v27.1 (Yoast SEO v27.1.1) - https:\/\/yoast.com\/product\/yoast-seo-premium-wordpress\/ -->\n<title>La Junta de Superintendentes Generales afirma la declaraci\u00f3n del Manual sobre discriminaci\u00f3n - Church of the Nazarene<\/title>\n<meta name=\"robots\" content=\"index, follow, max-snippet:-1, max-image-preview:large, max-video-preview:-1\" \/>\n<link rel=\"canonical\" href=\"https:\/\/nazarene.org\/es\/news\/la-junta-de-superintendentes-generales-afirma-la-declaracion-del-manual-sobre-discriminacion\/\" \/>\n<meta property=\"og:locale\" content=\"es_ES\" \/>\n<meta property=\"og:type\" content=\"article\" \/>\n<meta property=\"og:title\" content=\"La Junta de Superintendentes Generales afirma la declaraci\u00f3n del Manual sobre discriminaci\u00f3n\" \/>\n<meta property=\"og:description\" content=\"&nbsp; La atenci\u00f3n amplia se ha enfocado en los \u00faltimos d\u00edas en los Estados Unidos de Am\u00e9rica, as\u00ed como en otras naciones del mundo, en problemas de discriminaci\u00f3n, las relaciones raciales y el valor inherente de cada persona como creada en la imagen de Dios. Queremos recordar a los nazarenos de todo el mundo, as\u00ed [&hellip;]\" \/>\n<meta property=\"og:url\" content=\"https:\/\/nazarene.org\/es\/news\/la-junta-de-superintendentes-generales-afirma-la-declaracion-del-manual-sobre-discriminacion\/\" \/>\n<meta property=\"og:site_name\" content=\"Church of the Nazarene\" \/>\n<meta property=\"article:publisher\" content=\"https:\/\/www.facebook.com\/NazareneOfficial\/\" \/>\n<meta name=\"twitter:card\" content=\"summary_large_image\" \/>\n<meta name=\"twitter:site\" content=\"@Nazarene\" \/>\n<script type=\"application\/ld+json\" class=\"yoast-schema-graph\">{\"@context\":\"https:\/\/schema.org\",\"@graph\":[{\"@type\":\"WebPage\",\"@id\":\"https:\/\/nazarene.org\/es\/news\/la-junta-de-superintendentes-generales-afirma-la-declaracion-del-manual-sobre-discriminacion\/\",\"url\":\"https:\/\/nazarene.org\/es\/news\/la-junta-de-superintendentes-generales-afirma-la-declaracion-del-manual-sobre-discriminacion\/\",\"name\":\"La Junta de Superintendentes Generales afirma la declaraci\u00f3n del Manual sobre discriminaci\u00f3n - Church of the Nazarene\",\"isPartOf\":{\"@id\":\"https:\/\/nazarene.org\/es\/#website\"},\"primaryImageOfPage\":{\"@id\":\"https:\/\/nazarene.org\/es\/news\/la-junta-de-superintendentes-generales-afirma-la-declaracion-del-manual-sobre-discriminacion\/#primaryimage\"},\"image\":{\"@id\":\"https:\/\/nazarene.org\/es\/news\/la-junta-de-superintendentes-generales-afirma-la-declaracion-del-manual-sobre-discriminacion\/#primaryimage\"},\"thumbnailUrl\":\"https:\/\/nazarene.org\/wp-content\/uploads\/2025\/02\/COTN-logo.png\",\"datePublished\":\"2019-07-10T05:00:00+00:00\",\"breadcrumb\":{\"@id\":\"https:\/\/nazarene.org\/es\/news\/la-junta-de-superintendentes-generales-afirma-la-declaracion-del-manual-sobre-discriminacion\/#breadcrumb\"},\"inLanguage\":\"es\",\"potentialAction\":[{\"@type\":\"ReadAction\",\"target\":[\"https:\/\/nazarene.org\/es\/news\/la-junta-de-superintendentes-generales-afirma-la-declaracion-del-manual-sobre-discriminacion\/\"]}]},{\"@type\":\"ImageObject\",\"inLanguage\":\"es\",\"@id\":\"https:\/\/nazarene.org\/es\/news\/la-junta-de-superintendentes-generales-afirma-la-declaracion-del-manual-sobre-discriminacion\/#primaryimage\",\"url\":\"https:\/\/nazarene.org\/wp-content\/uploads\/2025\/02\/COTN-logo.png\",\"contentUrl\":\"https:\/\/nazarene.org\/wp-content\/uploads\/2025\/02\/COTN-logo.png\",\"width\":750,\"height\":400},{\"@type\":\"BreadcrumbList\",\"@id\":\"https:\/\/nazarene.org\/es\/news\/la-junta-de-superintendentes-generales-afirma-la-declaracion-del-manual-sobre-discriminacion\/#breadcrumb\",\"itemListElement\":[{\"@type\":\"ListItem\",\"position\":1,\"name\":\"Home\",\"item\":\"https:\/\/nazarene.org\/es\/inicio\/\"},{\"@type\":\"ListItem\",\"position\":2,\"name\":\"News\",\"item\":\"https:\/\/nazarene.org\/es\/news\/\"},{\"@type\":\"ListItem\",\"position\":3,\"name\":\"La Junta de Superintendentes Generales afirma la declaraci\u00f3n del Manual sobre discriminaci\u00f3n\"}]},{\"@type\":\"WebSite\",\"@id\":\"https:\/\/nazarene.org\/es\/#website\",\"url\":\"https:\/\/nazarene.org\/es\/\",\"name\":\"Church of the Nazarene\",\"description\":\"Making Christlike Disciples in the Nations\",\"publisher\":{\"@id\":\"https:\/\/nazarene.org\/es\/#organization\"},\"potentialAction\":[{\"@type\":\"SearchAction\",\"target\":{\"@type\":\"EntryPoint\",\"urlTemplate\":\"https:\/\/nazarene.org\/es\/?s={search_term_string}\"},\"query-input\":{\"@type\":\"PropertyValueSpecification\",\"valueRequired\":true,\"valueName\":\"search_term_string\"}}],\"inLanguage\":\"es\"},{\"@type\":\"Organization\",\"@id\":\"https:\/\/nazarene.org\/es\/#organization\",\"name\":\"Church of the Nazarene\",\"url\":\"https:\/\/nazarene.org\/es\/\",\"logo\":{\"@type\":\"ImageObject\",\"inLanguage\":\"es\",\"@id\":\"https:\/\/nazarene.org\/es\/#\/schema\/logo\/image\/\",\"url\":\"https:\/\/nazarene.org\/wp-content\/uploads\/2024\/06\/Naz_Desktop_Black_Logo-1.svg\",\"contentUrl\":\"https:\/\/nazarene.org\/wp-content\/uploads\/2024\/06\/Naz_Desktop_Black_Logo-1.svg\",\"width\":258,\"height\":36,\"caption\":\"Church of the Nazarene\"},\"image\":{\"@id\":\"https:\/\/nazarene.org\/es\/#\/schema\/logo\/image\/\"},\"sameAs\":[\"https:\/\/www.facebook.com\/NazareneOfficial\/\",\"https:\/\/x.com\/Nazarene\",\"https:\/\/www.instagram.com\/nazareneofficial\/\"]}]}<\/script>\n<!-- \/ Yoast SEO Premium plugin. -->","yoast_head_json":{"title":"La Junta de Superintendentes Generales afirma la declaraci\u00f3n del Manual sobre discriminaci\u00f3n - Church of the Nazarene","robots":{"index":"index","follow":"follow","max-snippet":"max-snippet:-1","max-image-preview":"max-image-preview:large","max-video-preview":"max-video-preview:-1"},"canonical":"https:\/\/nazarene.org\/es\/news\/la-junta-de-superintendentes-generales-afirma-la-declaracion-del-manual-sobre-discriminacion\/","og_locale":"es_ES","og_type":"article","og_title":"La Junta de Superintendentes Generales afirma la declaraci\u00f3n del Manual sobre discriminaci\u00f3n","og_description":"&nbsp; La atenci\u00f3n amplia se ha enfocado en los \u00faltimos d\u00edas en los Estados Unidos de Am\u00e9rica, as\u00ed como en otras naciones del mundo, en problemas de discriminaci\u00f3n, las relaciones raciales y el valor inherente de cada persona como creada en la imagen de Dios. Queremos recordar a los nazarenos de todo el mundo, as\u00ed [&hellip;]","og_url":"https:\/\/nazarene.org\/es\/news\/la-junta-de-superintendentes-generales-afirma-la-declaracion-del-manual-sobre-discriminacion\/","og_site_name":"Church of the Nazarene","article_publisher":"https:\/\/www.facebook.com\/NazareneOfficial\/","twitter_card":"summary_large_image","twitter_site":"@Nazarene","schema":{"@context":"https:\/\/schema.org","@graph":[{"@type":"WebPage","@id":"https:\/\/nazarene.org\/es\/news\/la-junta-de-superintendentes-generales-afirma-la-declaracion-del-manual-sobre-discriminacion\/","url":"https:\/\/nazarene.org\/es\/news\/la-junta-de-superintendentes-generales-afirma-la-declaracion-del-manual-sobre-discriminacion\/","name":"La Junta de Superintendentes Generales afirma la declaraci\u00f3n del Manual sobre discriminaci\u00f3n - Church of the Nazarene","isPartOf":{"@id":"https:\/\/nazarene.org\/es\/#website"},"primaryImageOfPage":{"@id":"https:\/\/nazarene.org\/es\/news\/la-junta-de-superintendentes-generales-afirma-la-declaracion-del-manual-sobre-discriminacion\/#primaryimage"},"image":{"@id":"https:\/\/nazarene.org\/es\/news\/la-junta-de-superintendentes-generales-afirma-la-declaracion-del-manual-sobre-discriminacion\/#primaryimage"},"thumbnailUrl":"https:\/\/nazarene.org\/wp-content\/uploads\/2025\/02\/COTN-logo.png","datePublished":"2019-07-10T05:00:00+00:00","breadcrumb":{"@id":"https:\/\/nazarene.org\/es\/news\/la-junta-de-superintendentes-generales-afirma-la-declaracion-del-manual-sobre-discriminacion\/#breadcrumb"},"inLanguage":"es","potentialAction":[{"@type":"ReadAction","target":["https:\/\/nazarene.org\/es\/news\/la-junta-de-superintendentes-generales-afirma-la-declaracion-del-manual-sobre-discriminacion\/"]}]},{"@type":"ImageObject","inLanguage":"es","@id":"https:\/\/nazarene.org\/es\/news\/la-junta-de-superintendentes-generales-afirma-la-declaracion-del-manual-sobre-discriminacion\/#primaryimage","url":"https:\/\/nazarene.org\/wp-content\/uploads\/2025\/02\/COTN-logo.png","contentUrl":"https:\/\/nazarene.org\/wp-content\/uploads\/2025\/02\/COTN-logo.png","width":750,"height":400},{"@type":"BreadcrumbList","@id":"https:\/\/nazarene.org\/es\/news\/la-junta-de-superintendentes-generales-afirma-la-declaracion-del-manual-sobre-discriminacion\/#breadcrumb","itemListElement":[{"@type":"ListItem","position":1,"name":"Home","item":"https:\/\/nazarene.org\/es\/inicio\/"},{"@type":"ListItem","position":2,"name":"News","item":"https:\/\/nazarene.org\/es\/news\/"},{"@type":"ListItem","position":3,"name":"La Junta de Superintendentes Generales afirma la declaraci\u00f3n del Manual sobre discriminaci\u00f3n"}]},{"@type":"WebSite","@id":"https:\/\/nazarene.org\/es\/#website","url":"https:\/\/nazarene.org\/es\/","name":"Church of the Nazarene","description":"Making Christlike Disciples in the Nations","publisher":{"@id":"https:\/\/nazarene.org\/es\/#organization"},"potentialAction":[{"@type":"SearchAction","target":{"@type":"EntryPoint","urlTemplate":"https:\/\/nazarene.org\/es\/?s={search_term_string}"},"query-input":{"@type":"PropertyValueSpecification","valueRequired":true,"valueName":"search_term_string"}}],"inLanguage":"es"},{"@type":"Organization","@id":"https:\/\/nazarene.org\/es\/#organization","name":"Church of the Nazarene","url":"https:\/\/nazarene.org\/es\/","logo":{"@type":"ImageObject","inLanguage":"es","@id":"https:\/\/nazarene.org\/es\/#\/schema\/logo\/image\/","url":"https:\/\/nazarene.org\/wp-content\/uploads\/2024\/06\/Naz_Desktop_Black_Logo-1.svg","contentUrl":"https:\/\/nazarene.org\/wp-content\/uploads\/2024\/06\/Naz_Desktop_Black_Logo-1.svg","width":258,"height":36,"caption":"Church of the Nazarene"},"image":{"@id":"https:\/\/nazarene.org\/es\/#\/schema\/logo\/image\/"},"sameAs":["https:\/\/www.facebook.com\/NazareneOfficial\/","https:\/\/x.com\/Nazarene","https:\/\/www.instagram.com\/nazareneofficial\/"]}]}},"_links":{"self":[{"href":"https:\/\/nazarene.org\/es\/wp-json\/wp\/v2\/news\/53606","targetHints":{"allow":["GET"]}}],"collection":[{"href":"https:\/\/nazarene.org\/es\/wp-json\/wp\/v2\/news"}],"about":[{"href":"https:\/\/nazarene.org\/es\/wp-json\/wp\/v2\/types\/news"}],"author":[{"embeddable":true,"href":"https:\/\/nazarene.org\/es\/wp-json\/wp\/v2\/users\/1"}],"version-history":[{"count":0,"href":"https:\/\/nazarene.org\/es\/wp-json\/wp\/v2\/news\/53606\/revisions"}],"wp:featuredmedia":[{"embeddable":true,"href":"https:\/\/nazarene.org\/es\/wp-json\/wp\/v2\/media\/24538"}],"wp:attachment":[{"href":"https:\/\/nazarene.org\/es\/wp-json\/wp\/v2\/media?parent=53606"}],"wp:term":[{"taxonomy":"news-categories","embeddable":true,"href":"https:\/\/nazarene.org\/es\/wp-json\/wp\/v2\/news-categories?post=53606"},{"taxonomy":"news-region-taxonomy","embeddable":true,"href":"https:\/\/nazarene.org\/es\/wp-json\/wp\/v2\/news-region-taxonomy?post=53606"},{"taxonomy":"news-tag","embeddable":true,"href":"https:\/\/nazarene.org\/es\/wp-json\/wp\/v2\/news-tag?post=53606"}],"curies":[{"name":"wp","href":"https:\/\/api.w.org\/{rel}","templated":true}]}}