{"id":53572,"date":"2019-07-10T00:00:00","date_gmt":"2019-07-10T05:00:00","guid":{"rendered":"https:\/\/nazarene.org\/news\/in-memoriam-5-de-enero-de-2018\/"},"modified":"2019-07-10T00:00:00","modified_gmt":"2019-07-10T05:00:00","slug":"in-memoriam-5-de-enero-de-2018","status":"publish","type":"news","link":"https:\/\/nazarene.org\/es\/news\/in-memoriam-5-de-enero-de-2018\/","title":{"rendered":"In Memoriam: 5 de enero de 2018"},"content":{"rendered":"<p><img fetchpriority=\"high\" decoding=\"async\" alt=\"\" height=\"400\" src=\"https:\/\/nazarene.org\/wp-content\/uploads\/migrated_images\/NCN%20News\/Generic\/In%20Memoriam\/RainbowSnow.jpg\" width=\"750\"><\/p>\n<p>La siguiente es una lista semanal de ministros y l\u00edderes nazarenos que recientemente fueron a casa para estar con el Se\u00f1or. Los avisos se recibieron el 1 al 5 de enero de 2018.<\/p>\n<p><a href=\"http:\/\/www.legacy.com\/obituaries\/pjstar\/obituary.aspx?page=lifestory&amp;pid=187598312\" target=\"_blank\"><strong>Barbara (Hendricks) Braundmeier<\/strong><\/a>, 88, de Watseka, Illinois, muri\u00f3 el 20 de diciembre. Era la viuda del ministro jubilado Jack Braundmeier, que sirvi\u00f3 en Illinois &nbsp;y Wisconsin. Jack Braundmeier muri\u00f3 en 2009.&nbsp;<\/p>\n<p><a href=\"http:\/\/www.tributes.com\/obituary\/show\/Jim-Dillow-105659105\" target=\"_blank\"><strong>Jim Dillow<\/strong><\/a>, 70, de Fort Scott, Kansas, muri\u00f3 el 30 de diciembre. Era un ministro y superintendente de distrito, sirviendo anteriormente en Oklahoma, Missouri y Kansas y liderando el Distrito de Joplin. Le sobrevive su esposa, Susan Dillow.&nbsp;<\/p>\n<p><a href=\"http:\/\/www.adamsfuneralsvc.com\/obituary\/rev-isaac-emmert\" target=\"_blank\"><strong>I. Ervin Emmert Jr.<\/strong><\/a>, 90, de Wheeler, Texas, muri\u00f3 el 22 de diciembre. Era un ministro jubilado, sirviendo en Texas, Oklahoma, Arkansas y Kansas. Le sobrevive su esposa, Bobbie (Willison) Emmert.<\/p>\n<p><a href=\"http:\/\/www.carroll-lewellen.com\/tributes\/Alta-Everett\" target=\"_blank\"><strong>Alta (Richards) Everett<\/strong><\/a>, 99, de Longmont, Colorado, muri\u00f3 el 14 de diciembre. Era la viuda del ministro jubilado James Everett, que sirvi\u00f3 en Ohio y Illinois. James Everett muri\u00f3 en 1993.&nbsp;<\/p>\n<p><a href=\"http:\/\/www.mercer-adams.com\/memsol.cgi?user_id=2054828\" target=\"_blank\"><strong>C. Angelina Gassett<\/strong><\/a>, 92, de Hoodsport, Washington, muri\u00f3 el 31 de diciembre. Era la viuda de los ministros jubilados Jonathan Gassett y Danford Alger. Jonathan Gassett sirvi\u00f3 en Kansas y Oklahoma adem\u00e1s de liderar los distritos de Upstate de Nueva York y el Norte de Florida. HeHeure &nbsp;muri\u00f3 en 2014. Danford Alger sirvi\u00f3 en Oklahoma, California y &nbsp;Texas antes de morir en 1999.&nbsp;<\/p>\n<p><a href=\"http:\/\/www.reisfamilymortuary.net\/obituaries\/Mildred-Gibson-3\/\" target=\"_blank\"><strong>Mildred \u00abMillie\u00bb (Stillwell) Gibson<\/strong><\/a>, 90, Paso Robles, California, muri\u00f3 el 22 de diciembre. Era la viuda del ministro jubilado Gordon Gibson, que sirvi\u00f3 en California. Gordon Gibson muri\u00f3 en 2009.<\/p>\n<p><a href=\"http:\/\/www.legacy.com\/obituaries\/fredericknewspost\/obituary.aspx?page=lifestory&amp;pid=187674679\" target=\"_blank\"><strong>William Hess<\/strong><\/a>, 85, de Hershey, Pensilvania, muri\u00f3 el 28 de diciembre. Era un ministro jubilado, sirviendo en West Virginia y Pensilvania. Fue precedido en la muerte por su esposa, Arlene (Kramer) Hess, y le sobrevive su segunda esposa, Kathleen (Shott) Hess.&nbsp;<\/p>\n<p><a href=\"http:\/\/www.tributes.com\/obituary\/show\/Patricia-Dawn-Ingram-105643439\" target=\"_blank\"><strong>Patricia (Russell) Ingram<\/strong><\/a>, 73, de Ridge Farm, Illinois, muri\u00f3 el 26 de diciembre. Era la esposa del ministro jubilado Ronald Ingram, que sirvi\u00f3 en Illinois e Indiana.&nbsp;<\/p>\n<p><a href=\"http:\/\/www.tributes.com\/obituary\/show\/Robert-Eldon-Johnson-105619025\" target=\"_blank\"><strong>Robert Johnson<\/strong><\/a>, 84, de Tacoma, Washington, muri\u00f3 el 19 de diciembre. Era un ministro jubilado, sirviendo en Indiana, Washington, Alaska, Illinois y Texas. Le sobrevive su esposa, Dana Johnson.&nbsp;<\/p>\n<p><strong>Ithel Kenser<\/strong>, 83, de Lewistown, Illinois, muri\u00f3 el 3 de enero. Era un ministro jubilado, sirviendo en Arkansas y Illinois. Le sobrevive su esposa, Shirley Kenser.&nbsp;<\/p>\n<p><a href=\"http:\/\/www.legacy.com\/obituaries\/dispatch\/obituary.aspx?page=lifestory&amp;pid=187702920\" target=\"_blank\"><strong>Florence McNeely<\/strong><\/a>, 95, de Mount Sterling, Ohio, muri\u00f3 el 30 de diciembre. Era la viuda del ministro jubilado Robert McNeely, que sirvi\u00f3 en Ohio. Robert McNeely muri\u00f3 en 2014.&nbsp;<\/p>\n<p><a href=\"http:\/\/www.legacy.com\/obituaries\/mansfieldnewsjournal\/obituary.aspx?page=lifestory&amp;pid=187633959\" target=\"_blank\"><strong>James Moss<\/strong><\/a>, 91, de Chillicothe, Ohio, muri\u00f3 el 22 de diciembre. Era un ministro, sirviendo anteriormente en Ohio, West Virginia, Kansas e Indiana. Fue precedido en la muerte por su esposa, June Moss, en 2016.&nbsp;<\/p>\n<p><a href=\"http:\/\/www.tributes.com\/obituary\/show\/Amy-K.-Paulus-105619352\" target=\"_blank\"><strong>Amy Paulus<\/strong><\/a>, 47, de Merrill, Michigan, muri\u00f3 el 19 de diciembre. Era la esposa del ministro John Paulus, que pastorea la Iglesia de Market Street Square de la Nazarena en Chesaning, Michigan.&nbsp;<\/p>\n<p><a href=\"http:\/\/www.legacy.com\/obituaries\/southofboston-ledger\/obituary.aspx?page=lifestory&amp;pid=187724576\" target=\"_blank\"><strong>Anderson Rearick Jr.<\/strong><\/a>, 90, de Derry, New Hampshire, muri\u00f3 el 1 de enero. Era un ministro jubilado y educador, sirviendo en Nueva York y Massachusetts. Le sobrevive su esposa, ministro jubilado, educador y capell\u00e1n&nbsp;Ann (Cubie) Rearick, que sirvi\u00f3 en Nueva York y Massachusetts.&nbsp;<\/p>\n<p><a href=\"http:\/\/triblive.com\/obituaries\/newsstories\/13144606-74\/pastor-had-a-love-of-singing-preaching\" target=\"_blank\"><strong>John Stubbs<\/strong><\/a>, 72, North Huntingdon, Pensilvania, muri\u00f3 el 2 de enero. Era un ministro jubilado, sirviendo en Pensilvania. Le sobrevive su esposa, Janet -Stubbs.&nbsp;<\/p>\n<p><a href=\"http:\/\/www.tributes.com\/obituary\/show\/Dodd-Alfred-Tremaine-105652782\" target=\"_blank\"><strong>Dodd Termaine<\/strong><\/a>, 79, de Puyallup, Washington, muri\u00f3 el 21 de diciembre. Era un ministro jubilado, sirviendo en California. Le sobrevive su esposa, Charlotte Tremaine.&nbsp;<\/p>\n<p><strong>Marilyn Turner<\/strong>, 81, de Olathe, Kansas, muri\u00f3 el 5 de enero. Era una ex empleada en la Iglesia de la Sede Internacional de la Nazarena y la esposa del ministro jubilado J. Paul Turner, que sirvi\u00f3 en Oklahoma, Kansas y Idaho.&nbsp;<\/p>\n<p>Para ediciones anteriores de <em>In Memoriam<\/em>, vea la secci\u00f3n \u00abPasos\u00bb haciendo <a href=\"https:\/\/nazarene.org\/article-posted\/passings\" target=\"_blank\">clic aqu\u00ed<\/a>.<\/p>\n<p><em>Nota: \u00danase a nosotros en oraci\u00f3n por las familias que han perdido a seres queridos. Haga clic en los nombres para historias completas, informaci\u00f3n funeraria, obituarios locales en l\u00ednea y \/ o libros de invitados (si est\u00e1 disponible). Para enviar una entrada de un ministro o l\u00edder de la iglesia, env\u00ede a <a href=\"mailto:news@nazarene.org\">news@nazarene.org<\/a>.<\/em><\/p>\n<p>Compilado por NCN News<\/p>\n","protected":false},"excerpt":{"rendered":"<p><img decoding=\"async\" alt=\"\" height=\"400\" src=\"\/sites\/default\/files\/migrated_images\/NCN%20News\/Generic\/In%20Memoriam\/R&lt;\/div&gt;\"><\/p>\n","protected":false},"author":1,"featured_media":0,"menu_order":0,"template":"","news-categories":[],"news-region-taxonomy":[],"news-tag":[793,792],"class_list":["post-53572","news","type-news","status-publish","hentry","news-tag-in-memoriam-es","news-tag-pasos"],"yoast_head":"<!-- This site is optimized with the Yoast SEO Premium plugin v27.1 (Yoast SEO v27.1.1) - https:\/\/yoast.com\/product\/yoast-seo-premium-wordpress\/ -->\n<title>In Memoriam: 5 de enero de 2018 - Church of the Nazarene<\/title>\n<meta name=\"robots\" content=\"index, follow, max-snippet:-1, max-image-preview:large, max-video-preview:-1\" \/>\n<link rel=\"canonical\" href=\"https:\/\/nazarene.org\/es\/news\/in-memoriam-5-de-enero-de-2018\/\" \/>\n<meta property=\"og:locale\" content=\"es_ES\" \/>\n<meta property=\"og:type\" content=\"article\" \/>\n<meta property=\"og:title\" content=\"In Memoriam: 5 de enero de 2018\" \/>\n<meta property=\"og:url\" content=\"https:\/\/nazarene.org\/es\/news\/in-memoriam-5-de-enero-de-2018\/\" \/>\n<meta property=\"og:site_name\" content=\"Church of the Nazarene\" \/>\n<meta property=\"article:publisher\" content=\"https:\/\/www.facebook.com\/NazareneOfficial\/\" \/>\n<meta property=\"og:image\" content=\"https:\/\/nazarene.org\/wp-content\/uploads\/migrated_images\/NCN%20News\/Generic\/In%20Memoriam\/RainbowSnow.jpg\" \/>\n<meta name=\"twitter:card\" content=\"summary_large_image\" \/>\n<meta name=\"twitter:site\" content=\"@Nazarene\" \/>\n<script type=\"application\/ld+json\" class=\"yoast-schema-graph\">{\"@context\":\"https:\/\/schema.org\",\"@graph\":[{\"@type\":\"WebPage\",\"@id\":\"https:\/\/nazarene.org\/es\/news\/in-memoriam-5-de-enero-de-2018\/\",\"url\":\"https:\/\/nazarene.org\/es\/news\/in-memoriam-5-de-enero-de-2018\/\",\"name\":\"In Memoriam: 5 de enero de 2018 - Church of the Nazarene\",\"isPartOf\":{\"@id\":\"https:\/\/nazarene.org\/es\/#website\"},\"primaryImageOfPage\":{\"@id\":\"https:\/\/nazarene.org\/es\/news\/in-memoriam-5-de-enero-de-2018\/#primaryimage\"},\"image\":{\"@id\":\"https:\/\/nazarene.org\/es\/news\/in-memoriam-5-de-enero-de-2018\/#primaryimage\"},\"thumbnailUrl\":\"https:\/\/nazarene.org\/wp-content\/uploads\/migrated_images\/NCN%20News\/Generic\/In%20Memoriam\/RainbowSnow.jpg\",\"datePublished\":\"2019-07-10T05:00:00+00:00\",\"breadcrumb\":{\"@id\":\"https:\/\/nazarene.org\/es\/news\/in-memoriam-5-de-enero-de-2018\/#breadcrumb\"},\"inLanguage\":\"es\",\"potentialAction\":[{\"@type\":\"ReadAction\",\"target\":[\"https:\/\/nazarene.org\/es\/news\/in-memoriam-5-de-enero-de-2018\/\"]}]},{\"@type\":\"ImageObject\",\"inLanguage\":\"es\",\"@id\":\"https:\/\/nazarene.org\/es\/news\/in-memoriam-5-de-enero-de-2018\/#primaryimage\",\"url\":\"https:\/\/nazarene.org\/wp-content\/uploads\/migrated_images\/NCN%20News\/Generic\/In%20Memoriam\/RainbowSnow.jpg\",\"contentUrl\":\"https:\/\/nazarene.org\/wp-content\/uploads\/migrated_images\/NCN%20News\/Generic\/In%20Memoriam\/RainbowSnow.jpg\"},{\"@type\":\"BreadcrumbList\",\"@id\":\"https:\/\/nazarene.org\/es\/news\/in-memoriam-5-de-enero-de-2018\/#breadcrumb\",\"itemListElement\":[{\"@type\":\"ListItem\",\"position\":1,\"name\":\"Home\",\"item\":\"https:\/\/nazarene.org\/es\/inicio\/\"},{\"@type\":\"ListItem\",\"position\":2,\"name\":\"News\",\"item\":\"https:\/\/nazarene.org\/es\/news\/\"},{\"@type\":\"ListItem\",\"position\":3,\"name\":\"In Memoriam: 5 de enero de 2018\"}]},{\"@type\":\"WebSite\",\"@id\":\"https:\/\/nazarene.org\/es\/#website\",\"url\":\"https:\/\/nazarene.org\/es\/\",\"name\":\"Church of the Nazarene\",\"description\":\"Making Christlike Disciples in the Nations\",\"publisher\":{\"@id\":\"https:\/\/nazarene.org\/es\/#organization\"},\"potentialAction\":[{\"@type\":\"SearchAction\",\"target\":{\"@type\":\"EntryPoint\",\"urlTemplate\":\"https:\/\/nazarene.org\/es\/?s={search_term_string}\"},\"query-input\":{\"@type\":\"PropertyValueSpecification\",\"valueRequired\":true,\"valueName\":\"search_term_string\"}}],\"inLanguage\":\"es\"},{\"@type\":\"Organization\",\"@id\":\"https:\/\/nazarene.org\/es\/#organization\",\"name\":\"Church of the Nazarene\",\"url\":\"https:\/\/nazarene.org\/es\/\",\"logo\":{\"@type\":\"ImageObject\",\"inLanguage\":\"es\",\"@id\":\"https:\/\/nazarene.org\/es\/#\/schema\/logo\/image\/\",\"url\":\"https:\/\/nazarene.org\/wp-content\/uploads\/2024\/06\/Naz_Desktop_Black_Logo-1.svg\",\"contentUrl\":\"https:\/\/nazarene.org\/wp-content\/uploads\/2024\/06\/Naz_Desktop_Black_Logo-1.svg\",\"width\":258,\"height\":36,\"caption\":\"Church of the Nazarene\"},\"image\":{\"@id\":\"https:\/\/nazarene.org\/es\/#\/schema\/logo\/image\/\"},\"sameAs\":[\"https:\/\/www.facebook.com\/NazareneOfficial\/\",\"https:\/\/x.com\/Nazarene\",\"https:\/\/www.instagram.com\/nazareneofficial\/\"]}]}<\/script>\n<!-- \/ Yoast SEO Premium plugin. -->","yoast_head_json":{"title":"In Memoriam: 5 de enero de 2018 - Church of the Nazarene","robots":{"index":"index","follow":"follow","max-snippet":"max-snippet:-1","max-image-preview":"max-image-preview:large","max-video-preview":"max-video-preview:-1"},"canonical":"https:\/\/nazarene.org\/es\/news\/in-memoriam-5-de-enero-de-2018\/","og_locale":"es_ES","og_type":"article","og_title":"In Memoriam: 5 de enero de 2018","og_url":"https:\/\/nazarene.org\/es\/news\/in-memoriam-5-de-enero-de-2018\/","og_site_name":"Church of the Nazarene","article_publisher":"https:\/\/www.facebook.com\/NazareneOfficial\/","og_image":[{"url":"https:\/\/nazarene.org\/wp-content\/uploads\/migrated_images\/NCN%20News\/Generic\/In%20Memoriam\/RainbowSnow.jpg","type":"","width":"","height":""}],"twitter_card":"summary_large_image","twitter_site":"@Nazarene","schema":{"@context":"https:\/\/schema.org","@graph":[{"@type":"WebPage","@id":"https:\/\/nazarene.org\/es\/news\/in-memoriam-5-de-enero-de-2018\/","url":"https:\/\/nazarene.org\/es\/news\/in-memoriam-5-de-enero-de-2018\/","name":"In Memoriam: 5 de enero de 2018 - Church of the Nazarene","isPartOf":{"@id":"https:\/\/nazarene.org\/es\/#website"},"primaryImageOfPage":{"@id":"https:\/\/nazarene.org\/es\/news\/in-memoriam-5-de-enero-de-2018\/#primaryimage"},"image":{"@id":"https:\/\/nazarene.org\/es\/news\/in-memoriam-5-de-enero-de-2018\/#primaryimage"},"thumbnailUrl":"https:\/\/nazarene.org\/wp-content\/uploads\/migrated_images\/NCN%20News\/Generic\/In%20Memoriam\/RainbowSnow.jpg","datePublished":"2019-07-10T05:00:00+00:00","breadcrumb":{"@id":"https:\/\/nazarene.org\/es\/news\/in-memoriam-5-de-enero-de-2018\/#breadcrumb"},"inLanguage":"es","potentialAction":[{"@type":"ReadAction","target":["https:\/\/nazarene.org\/es\/news\/in-memoriam-5-de-enero-de-2018\/"]}]},{"@type":"ImageObject","inLanguage":"es","@id":"https:\/\/nazarene.org\/es\/news\/in-memoriam-5-de-enero-de-2018\/#primaryimage","url":"https:\/\/nazarene.org\/wp-content\/uploads\/migrated_images\/NCN%20News\/Generic\/In%20Memoriam\/RainbowSnow.jpg","contentUrl":"https:\/\/nazarene.org\/wp-content\/uploads\/migrated_images\/NCN%20News\/Generic\/In%20Memoriam\/RainbowSnow.jpg"},{"@type":"BreadcrumbList","@id":"https:\/\/nazarene.org\/es\/news\/in-memoriam-5-de-enero-de-2018\/#breadcrumb","itemListElement":[{"@type":"ListItem","position":1,"name":"Home","item":"https:\/\/nazarene.org\/es\/inicio\/"},{"@type":"ListItem","position":2,"name":"News","item":"https:\/\/nazarene.org\/es\/news\/"},{"@type":"ListItem","position":3,"name":"In Memoriam: 5 de enero de 2018"}]},{"@type":"WebSite","@id":"https:\/\/nazarene.org\/es\/#website","url":"https:\/\/nazarene.org\/es\/","name":"Church of the Nazarene","description":"Making Christlike Disciples in the Nations","publisher":{"@id":"https:\/\/nazarene.org\/es\/#organization"},"potentialAction":[{"@type":"SearchAction","target":{"@type":"EntryPoint","urlTemplate":"https:\/\/nazarene.org\/es\/?s={search_term_string}"},"query-input":{"@type":"PropertyValueSpecification","valueRequired":true,"valueName":"search_term_string"}}],"inLanguage":"es"},{"@type":"Organization","@id":"https:\/\/nazarene.org\/es\/#organization","name":"Church of the Nazarene","url":"https:\/\/nazarene.org\/es\/","logo":{"@type":"ImageObject","inLanguage":"es","@id":"https:\/\/nazarene.org\/es\/#\/schema\/logo\/image\/","url":"https:\/\/nazarene.org\/wp-content\/uploads\/2024\/06\/Naz_Desktop_Black_Logo-1.svg","contentUrl":"https:\/\/nazarene.org\/wp-content\/uploads\/2024\/06\/Naz_Desktop_Black_Logo-1.svg","width":258,"height":36,"caption":"Church of the Nazarene"},"image":{"@id":"https:\/\/nazarene.org\/es\/#\/schema\/logo\/image\/"},"sameAs":["https:\/\/www.facebook.com\/NazareneOfficial\/","https:\/\/x.com\/Nazarene","https:\/\/www.instagram.com\/nazareneofficial\/"]}]}},"_links":{"self":[{"href":"https:\/\/nazarene.org\/es\/wp-json\/wp\/v2\/news\/53572","targetHints":{"allow":["GET"]}}],"collection":[{"href":"https:\/\/nazarene.org\/es\/wp-json\/wp\/v2\/news"}],"about":[{"href":"https:\/\/nazarene.org\/es\/wp-json\/wp\/v2\/types\/news"}],"author":[{"embeddable":true,"href":"https:\/\/nazarene.org\/es\/wp-json\/wp\/v2\/users\/1"}],"version-history":[{"count":0,"href":"https:\/\/nazarene.org\/es\/wp-json\/wp\/v2\/news\/53572\/revisions"}],"wp:attachment":[{"href":"https:\/\/nazarene.org\/es\/wp-json\/wp\/v2\/media?parent=53572"}],"wp:term":[{"taxonomy":"news-categories","embeddable":true,"href":"https:\/\/nazarene.org\/es\/wp-json\/wp\/v2\/news-categories?post=53572"},{"taxonomy":"news-region-taxonomy","embeddable":true,"href":"https:\/\/nazarene.org\/es\/wp-json\/wp\/v2\/news-region-taxonomy?post=53572"},{"taxonomy":"news-tag","embeddable":true,"href":"https:\/\/nazarene.org\/es\/wp-json\/wp\/v2\/news-tag?post=53572"}],"curies":[{"name":"wp","href":"https:\/\/api.w.org\/{rel}","templated":true}]}}