{"id":53429,"date":"2019-07-10T00:00:00","date_gmt":"2019-07-10T05:00:00","guid":{"rendered":"https:\/\/nazarene.org\/news\/superintendente-de-distrito-de-lesotho-secretario-asesinado-en-un-accidente-de-automovil\/"},"modified":"2019-07-10T00:00:00","modified_gmt":"2019-07-10T05:00:00","slug":"superintendente-de-distrito-de-lesotho-secretario-asesinado-en-un-accidente-de-automovil","status":"publish","type":"news","link":"https:\/\/nazarene.org\/es\/news\/superintendente-de-distrito-de-lesotho-secretario-asesinado-en-un-accidente-de-automovil\/","title":{"rendered":"Superintendente de distrito de Lesotho, secretario asesinado en un accidente de autom\u00f3vil"},"content":{"rendered":"<div style=\"text-align:center\">\n<figure class=\"image\" style=\"display:inline-block\"><img fetchpriority=\"high\" decoding=\"async\" alt=\"\" height=\"400\" src=\"https:\/\/nazarene.org\/wp-content\/uploads\/migrated_images\/NCN%20News\/Africa\/Lesotho\/DistrictLeadersPassing.jpg\" width=\"750\"><figcaption>Izquierda: Secretaria de Distrito de Lesotho, Lebina Lebina<br \/>\nDerecha: Superintendente del Distrito de Lesotho, Lepeli Mpusi<\/figcaption><\/figure>\n<\/div>\n<p>La oficina de la Regi\u00f3n de \u00c1frica de la Nazarena proporcion\u00f3 la siguiente informaci\u00f3n despu\u00e9s de la muerte de dos l\u00edderes en el Distrito de Lesotho:<\/p>\n<p class=\"rteindent1\"><em>Es con gran tristeza que lo informamos de la muerte del Superintendente del Distrito de Lesotho, Lepeli Mpusi y la Secretaria de Distrito Lebina Lebina.<\/em><\/p>\n<p class=\"rteindent1\"><em>La noche del viernes 10 de noviembre, el Rev Mpusi y Rev Lebina murieron en un tr\u00e1gico accidente de autom\u00f3vil mientras hac\u00edan el ministerio en las monta\u00f1as de Lesotho. Pedimos que las familias de estos dos l\u00edderes sean recordadas en la oraci\u00f3n.<\/em><\/p>\n<p>A Mpusi le sobrevive su esposa y cuatro hijos y Lebina le sobrevive su esposa y tres hijos.&nbsp;<\/p>\n<p>Se publicar\u00e1 m\u00e1s informaci\u00f3n a medida que se pone a disposici\u00f3n.&nbsp;<\/p>\n<p><a href=\"http:\/\/africanazarene.org\/\" target=\"_blank\">Iglesia de la \u00c1frica Nazarena<\/a><\/p>\n","protected":false},"excerpt":{"rendered":"<div style=\"text-align:center\">\n<figure class=\"image\" style=\"display:inline-block\"><img alt=\"\" heig=\"\"><\/p>\n","protected":false},"author":1,"featured_media":0,"menu_order":0,"template":"","news-categories":[],"news-region-taxonomy":[],"news-tag":[877,1733,792],"class_list":["post-53429","news","type-news","status-publish","hentry","news-tag-africa-es","news-tag-lesotho-es","news-tag-pasos"],"yoast_head":"<!-- This site is optimized with the Yoast SEO Premium plugin v27.1 (Yoast SEO v27.1.1) - https:\/\/yoast.com\/product\/yoast-seo-premium-wordpress\/ -->\n<title>Superintendente de distrito de Lesotho, secretario asesinado en un accidente de autom\u00f3vil - Church of the Nazarene<\/title>\n<meta name=\"robots\" content=\"index, follow, max-snippet:-1, max-image-preview:large, max-video-preview:-1\" \/>\n<link rel=\"canonical\" href=\"https:\/\/nazarene.org\/es\/news\/superintendente-de-distrito-de-lesotho-secretario-asesinado-en-un-accidente-de-automovil\/\" \/>\n<meta property=\"og:locale\" content=\"es_ES\" \/>\n<meta property=\"og:type\" content=\"article\" \/>\n<meta property=\"og:title\" content=\"Superintendente de distrito de Lesotho, secretario asesinado en un accidente de autom\u00f3vil\" \/>\n<meta property=\"og:url\" content=\"https:\/\/nazarene.org\/es\/news\/superintendente-de-distrito-de-lesotho-secretario-asesinado-en-un-accidente-de-automovil\/\" \/>\n<meta property=\"og:site_name\" content=\"Church of the Nazarene\" \/>\n<meta property=\"article:publisher\" content=\"https:\/\/www.facebook.com\/NazareneOfficial\/\" \/>\n<meta property=\"og:image\" content=\"https:\/\/nazarene.org\/wp-content\/uploads\/migrated_images\/NCN%20News\/Africa\/Lesotho\/DistrictLeadersPassing.jpg\" \/>\n<meta name=\"twitter:card\" content=\"summary_large_image\" \/>\n<meta name=\"twitter:site\" content=\"@Nazarene\" \/>\n<script type=\"application\/ld+json\" class=\"yoast-schema-graph\">{\"@context\":\"https:\/\/schema.org\",\"@graph\":[{\"@type\":\"WebPage\",\"@id\":\"https:\/\/nazarene.org\/es\/news\/superintendente-de-distrito-de-lesotho-secretario-asesinado-en-un-accidente-de-automovil\/\",\"url\":\"https:\/\/nazarene.org\/es\/news\/superintendente-de-distrito-de-lesotho-secretario-asesinado-en-un-accidente-de-automovil\/\",\"name\":\"Superintendente de distrito de Lesotho, secretario asesinado en un accidente de autom\u00f3vil - Church of the Nazarene\",\"isPartOf\":{\"@id\":\"https:\/\/nazarene.org\/es\/#website\"},\"primaryImageOfPage\":{\"@id\":\"https:\/\/nazarene.org\/es\/news\/superintendente-de-distrito-de-lesotho-secretario-asesinado-en-un-accidente-de-automovil\/#primaryimage\"},\"image\":{\"@id\":\"https:\/\/nazarene.org\/es\/news\/superintendente-de-distrito-de-lesotho-secretario-asesinado-en-un-accidente-de-automovil\/#primaryimage\"},\"thumbnailUrl\":\"https:\/\/nazarene.org\/wp-content\/uploads\/migrated_images\/NCN%20News\/Africa\/Lesotho\/DistrictLeadersPassing.jpg\",\"datePublished\":\"2019-07-10T05:00:00+00:00\",\"breadcrumb\":{\"@id\":\"https:\/\/nazarene.org\/es\/news\/superintendente-de-distrito-de-lesotho-secretario-asesinado-en-un-accidente-de-automovil\/#breadcrumb\"},\"inLanguage\":\"es\",\"potentialAction\":[{\"@type\":\"ReadAction\",\"target\":[\"https:\/\/nazarene.org\/es\/news\/superintendente-de-distrito-de-lesotho-secretario-asesinado-en-un-accidente-de-automovil\/\"]}]},{\"@type\":\"ImageObject\",\"inLanguage\":\"es\",\"@id\":\"https:\/\/nazarene.org\/es\/news\/superintendente-de-distrito-de-lesotho-secretario-asesinado-en-un-accidente-de-automovil\/#primaryimage\",\"url\":\"https:\/\/nazarene.org\/wp-content\/uploads\/migrated_images\/NCN%20News\/Africa\/Lesotho\/DistrictLeadersPassing.jpg\",\"contentUrl\":\"https:\/\/nazarene.org\/wp-content\/uploads\/migrated_images\/NCN%20News\/Africa\/Lesotho\/DistrictLeadersPassing.jpg\"},{\"@type\":\"BreadcrumbList\",\"@id\":\"https:\/\/nazarene.org\/es\/news\/superintendente-de-distrito-de-lesotho-secretario-asesinado-en-un-accidente-de-automovil\/#breadcrumb\",\"itemListElement\":[{\"@type\":\"ListItem\",\"position\":1,\"name\":\"Home\",\"item\":\"https:\/\/nazarene.org\/es\/inicio\/\"},{\"@type\":\"ListItem\",\"position\":2,\"name\":\"News\",\"item\":\"https:\/\/nazarene.org\/es\/news\/\"},{\"@type\":\"ListItem\",\"position\":3,\"name\":\"Superintendente de distrito de Lesotho, secretario asesinado en un accidente de autom\u00f3vil\"}]},{\"@type\":\"WebSite\",\"@id\":\"https:\/\/nazarene.org\/es\/#website\",\"url\":\"https:\/\/nazarene.org\/es\/\",\"name\":\"Church of the Nazarene\",\"description\":\"Making Christlike Disciples in the Nations\",\"publisher\":{\"@id\":\"https:\/\/nazarene.org\/es\/#organization\"},\"potentialAction\":[{\"@type\":\"SearchAction\",\"target\":{\"@type\":\"EntryPoint\",\"urlTemplate\":\"https:\/\/nazarene.org\/es\/?s={search_term_string}\"},\"query-input\":{\"@type\":\"PropertyValueSpecification\",\"valueRequired\":true,\"valueName\":\"search_term_string\"}}],\"inLanguage\":\"es\"},{\"@type\":\"Organization\",\"@id\":\"https:\/\/nazarene.org\/es\/#organization\",\"name\":\"Church of the Nazarene\",\"url\":\"https:\/\/nazarene.org\/es\/\",\"logo\":{\"@type\":\"ImageObject\",\"inLanguage\":\"es\",\"@id\":\"https:\/\/nazarene.org\/es\/#\/schema\/logo\/image\/\",\"url\":\"https:\/\/nazarene.org\/wp-content\/uploads\/2024\/06\/Naz_Desktop_Black_Logo-1.svg\",\"contentUrl\":\"https:\/\/nazarene.org\/wp-content\/uploads\/2024\/06\/Naz_Desktop_Black_Logo-1.svg\",\"width\":258,\"height\":36,\"caption\":\"Church of the Nazarene\"},\"image\":{\"@id\":\"https:\/\/nazarene.org\/es\/#\/schema\/logo\/image\/\"},\"sameAs\":[\"https:\/\/www.facebook.com\/NazareneOfficial\/\",\"https:\/\/x.com\/Nazarene\",\"https:\/\/www.instagram.com\/nazareneofficial\/\"]}]}<\/script>\n<!-- \/ Yoast SEO Premium plugin. -->","yoast_head_json":{"title":"Superintendente de distrito de Lesotho, secretario asesinado en un accidente de autom\u00f3vil - Church of the Nazarene","robots":{"index":"index","follow":"follow","max-snippet":"max-snippet:-1","max-image-preview":"max-image-preview:large","max-video-preview":"max-video-preview:-1"},"canonical":"https:\/\/nazarene.org\/es\/news\/superintendente-de-distrito-de-lesotho-secretario-asesinado-en-un-accidente-de-automovil\/","og_locale":"es_ES","og_type":"article","og_title":"Superintendente de distrito de Lesotho, secretario asesinado en un accidente de autom\u00f3vil","og_url":"https:\/\/nazarene.org\/es\/news\/superintendente-de-distrito-de-lesotho-secretario-asesinado-en-un-accidente-de-automovil\/","og_site_name":"Church of the Nazarene","article_publisher":"https:\/\/www.facebook.com\/NazareneOfficial\/","og_image":[{"url":"https:\/\/nazarene.org\/wp-content\/uploads\/migrated_images\/NCN%20News\/Africa\/Lesotho\/DistrictLeadersPassing.jpg","type":"","width":"","height":""}],"twitter_card":"summary_large_image","twitter_site":"@Nazarene","schema":{"@context":"https:\/\/schema.org","@graph":[{"@type":"WebPage","@id":"https:\/\/nazarene.org\/es\/news\/superintendente-de-distrito-de-lesotho-secretario-asesinado-en-un-accidente-de-automovil\/","url":"https:\/\/nazarene.org\/es\/news\/superintendente-de-distrito-de-lesotho-secretario-asesinado-en-un-accidente-de-automovil\/","name":"Superintendente de distrito de Lesotho, secretario asesinado en un accidente de autom\u00f3vil - Church of the Nazarene","isPartOf":{"@id":"https:\/\/nazarene.org\/es\/#website"},"primaryImageOfPage":{"@id":"https:\/\/nazarene.org\/es\/news\/superintendente-de-distrito-de-lesotho-secretario-asesinado-en-un-accidente-de-automovil\/#primaryimage"},"image":{"@id":"https:\/\/nazarene.org\/es\/news\/superintendente-de-distrito-de-lesotho-secretario-asesinado-en-un-accidente-de-automovil\/#primaryimage"},"thumbnailUrl":"https:\/\/nazarene.org\/wp-content\/uploads\/migrated_images\/NCN%20News\/Africa\/Lesotho\/DistrictLeadersPassing.jpg","datePublished":"2019-07-10T05:00:00+00:00","breadcrumb":{"@id":"https:\/\/nazarene.org\/es\/news\/superintendente-de-distrito-de-lesotho-secretario-asesinado-en-un-accidente-de-automovil\/#breadcrumb"},"inLanguage":"es","potentialAction":[{"@type":"ReadAction","target":["https:\/\/nazarene.org\/es\/news\/superintendente-de-distrito-de-lesotho-secretario-asesinado-en-un-accidente-de-automovil\/"]}]},{"@type":"ImageObject","inLanguage":"es","@id":"https:\/\/nazarene.org\/es\/news\/superintendente-de-distrito-de-lesotho-secretario-asesinado-en-un-accidente-de-automovil\/#primaryimage","url":"https:\/\/nazarene.org\/wp-content\/uploads\/migrated_images\/NCN%20News\/Africa\/Lesotho\/DistrictLeadersPassing.jpg","contentUrl":"https:\/\/nazarene.org\/wp-content\/uploads\/migrated_images\/NCN%20News\/Africa\/Lesotho\/DistrictLeadersPassing.jpg"},{"@type":"BreadcrumbList","@id":"https:\/\/nazarene.org\/es\/news\/superintendente-de-distrito-de-lesotho-secretario-asesinado-en-un-accidente-de-automovil\/#breadcrumb","itemListElement":[{"@type":"ListItem","position":1,"name":"Home","item":"https:\/\/nazarene.org\/es\/inicio\/"},{"@type":"ListItem","position":2,"name":"News","item":"https:\/\/nazarene.org\/es\/news\/"},{"@type":"ListItem","position":3,"name":"Superintendente de distrito de Lesotho, secretario asesinado en un accidente de autom\u00f3vil"}]},{"@type":"WebSite","@id":"https:\/\/nazarene.org\/es\/#website","url":"https:\/\/nazarene.org\/es\/","name":"Church of the Nazarene","description":"Making Christlike Disciples in the Nations","publisher":{"@id":"https:\/\/nazarene.org\/es\/#organization"},"potentialAction":[{"@type":"SearchAction","target":{"@type":"EntryPoint","urlTemplate":"https:\/\/nazarene.org\/es\/?s={search_term_string}"},"query-input":{"@type":"PropertyValueSpecification","valueRequired":true,"valueName":"search_term_string"}}],"inLanguage":"es"},{"@type":"Organization","@id":"https:\/\/nazarene.org\/es\/#organization","name":"Church of the Nazarene","url":"https:\/\/nazarene.org\/es\/","logo":{"@type":"ImageObject","inLanguage":"es","@id":"https:\/\/nazarene.org\/es\/#\/schema\/logo\/image\/","url":"https:\/\/nazarene.org\/wp-content\/uploads\/2024\/06\/Naz_Desktop_Black_Logo-1.svg","contentUrl":"https:\/\/nazarene.org\/wp-content\/uploads\/2024\/06\/Naz_Desktop_Black_Logo-1.svg","width":258,"height":36,"caption":"Church of the Nazarene"},"image":{"@id":"https:\/\/nazarene.org\/es\/#\/schema\/logo\/image\/"},"sameAs":["https:\/\/www.facebook.com\/NazareneOfficial\/","https:\/\/x.com\/Nazarene","https:\/\/www.instagram.com\/nazareneofficial\/"]}]}},"_links":{"self":[{"href":"https:\/\/nazarene.org\/es\/wp-json\/wp\/v2\/news\/53429","targetHints":{"allow":["GET"]}}],"collection":[{"href":"https:\/\/nazarene.org\/es\/wp-json\/wp\/v2\/news"}],"about":[{"href":"https:\/\/nazarene.org\/es\/wp-json\/wp\/v2\/types\/news"}],"author":[{"embeddable":true,"href":"https:\/\/nazarene.org\/es\/wp-json\/wp\/v2\/users\/1"}],"version-history":[{"count":0,"href":"https:\/\/nazarene.org\/es\/wp-json\/wp\/v2\/news\/53429\/revisions"}],"wp:attachment":[{"href":"https:\/\/nazarene.org\/es\/wp-json\/wp\/v2\/media?parent=53429"}],"wp:term":[{"taxonomy":"news-categories","embeddable":true,"href":"https:\/\/nazarene.org\/es\/wp-json\/wp\/v2\/news-categories?post=53429"},{"taxonomy":"news-region-taxonomy","embeddable":true,"href":"https:\/\/nazarene.org\/es\/wp-json\/wp\/v2\/news-region-taxonomy?post=53429"},{"taxonomy":"news-tag","embeddable":true,"href":"https:\/\/nazarene.org\/es\/wp-json\/wp\/v2\/news-tag?post=53429"}],"curies":[{"name":"wp","href":"https:\/\/api.w.org\/{rel}","templated":true}]}}