{"id":53406,"date":"2019-07-10T00:00:00","date_gmt":"2019-07-10T05:00:00","guid":{"rendered":"https:\/\/nazarene.org\/news\/gs-habla-en-la-celebracion-del-500o-aniversario-de-la-reformacion-en-alemania\/"},"modified":"2019-07-10T00:00:00","modified_gmt":"2019-07-10T05:00:00","slug":"gs-habla-en-la-celebracion-del-500o-aniversario-de-la-reformacion-en-alemania","status":"publish","type":"news","link":"https:\/\/nazarene.org\/es\/news\/gs-habla-en-la-celebracion-del-500o-aniversario-de-la-reformacion-en-alemania\/","title":{"rendered":"GS habla en la celebraci\u00f3n del 500\u00ba aniversario de la Reformaci\u00f3n en Alemania"},"content":{"rendered":"<p><img fetchpriority=\"high\" decoding=\"async\" alt=\"\" height=\"400\" src=\"https:\/\/nazarene.org\/wp-content\/uploads\/migrated_images\/NCN%20News\/Eurasia\/Germany\/CrockerinGermany.jpg\" width=\"750\"><\/p>\n<p>El Superintendente General Gustavo A. Crock&nbsp;erspoke esta semana en el 500\u00ba aniversario del D\u00eda de la Reforma en la &nbsp;acelebraci\u00f3n en Alemania. El evento reuni\u00f3 a m\u00e1s de 700 l\u00edderes de todo el mundo, representando a una gran mayor\u00eda de denominaciones que componen la Alianza Evang\u00e9lica Mundial.<\/p>\n<p>Crocker fue invitado a hablar sobre el valor y el papel de las denominaciones en la v\u00edspera de la Reforma.<\/p>\n<p>La Iglesia es el veh\u00edculo para proclamar el Nuevo Pacto, dijo Crocker en su presentaci\u00f3n. Citando 1 Peter 2:9, uno de los vers\u00edculos a que Martin Luther se refiri\u00f3 a menudo, Crocker &nbsp;dijo que &nbsp;\u00abcomo el pueblo elegido, el sacerdocio real y la naci\u00f3n santa, Dios ha confiado las denominaciones como las nuevas tribus en el nuevo pacto, y cada uno de nosotros tiene un prop\u00f3sito y una identidad que necesitamos abrazar. Cada uno de nosotros, &nbsp;tribus de la nueva naci\u00f3n, &nbsp;necesita abrazar y fortalecer nuestra identidad, abrazar y fortalecer la doctrina que Dios nos ha llamado a proclamar, y honrarla mientras participamos junto con otras tribus en cumplir la Gran Comisi\u00f3n.<\/p>\n<p><img decoding=\"async\" alt=\"\" height=\"400\" src=\"https:\/\/nazarene.org\/wp-content\/uploads\/migrated_images\/NCN%20News\/Eurasia\/Germany\/CrockerMartinLutherAward.jpg\" width=\"750\"><\/p>\n<p>El martes, Crocker recibi\u00f3 el Premio al Liderazgo Martin Luther, junto con otros nueve l\u00edderes evang\u00e9licos globales. Crocker describi\u00f3 lo experimentado como \u00abun momento muy humilde\u00bb.<\/p>\n<p>La Celebraci\u00f3n de la Reforma tuvo lugar en Berl\u00edn y Wittenberg, Alemania&nbsp;, y termin\u00f3 el 1 de noviembre con un lanzamiento del nuevo siglo en la Iglesia del Castillo en Wittenberg.<\/p>\n<p>Relacionado:&nbsp;<a href=\"http:\/\/www.holinesstoday.org\/reformations-of-the-church\" target=\"_blank\">La Reforma (s) de la Iglesia\u00bb (via&nbsp;<em>Holiness Today<\/em>)<\/a><\/p>\n","protected":false},"excerpt":{"rendered":"<p><img decoding=\"async\" alt=\"\" height=\"400\" src=\"\/sites\/default\/files\/migrated_images\/NCN%20News\/Eurasia\/Germany\/Crock&lt;\/div&gt;\"><\/p>\n","protected":false},"author":1,"featured_media":0,"menu_order":0,"template":"","news-categories":[],"news-region-taxonomy":[],"news-tag":[1740,1667,1481],"class_list":["post-53406","news","type-news","status-publish","hentry","news-tag-alemania","news-tag-bgs-es","news-tag-eurasia-es"],"yoast_head":"<!-- This site is optimized with the Yoast SEO Premium plugin v27.1 (Yoast SEO v27.1.1) - https:\/\/yoast.com\/product\/yoast-seo-premium-wordpress\/ -->\n<title>GS habla en la celebraci\u00f3n del 500\u00ba aniversario de la Reformaci\u00f3n en Alemania - Church of the Nazarene<\/title>\n<meta name=\"robots\" content=\"index, follow, max-snippet:-1, max-image-preview:large, max-video-preview:-1\" \/>\n<link rel=\"canonical\" href=\"https:\/\/nazarene.org\/es\/news\/gs-habla-en-la-celebracion-del-500o-aniversario-de-la-reformacion-en-alemania\/\" \/>\n<meta property=\"og:locale\" content=\"es_ES\" \/>\n<meta property=\"og:type\" content=\"article\" \/>\n<meta property=\"og:title\" content=\"GS habla en la celebraci\u00f3n del 500\u00ba aniversario de la Reformaci\u00f3n en Alemania\" \/>\n<meta property=\"og:url\" content=\"https:\/\/nazarene.org\/es\/news\/gs-habla-en-la-celebracion-del-500o-aniversario-de-la-reformacion-en-alemania\/\" \/>\n<meta property=\"og:site_name\" content=\"Church of the Nazarene\" \/>\n<meta property=\"article:publisher\" content=\"https:\/\/www.facebook.com\/NazareneOfficial\/\" \/>\n<meta property=\"og:image\" content=\"https:\/\/nazarene.org\/wp-content\/uploads\/migrated_images\/NCN%20News\/Eurasia\/Germany\/CrockerinGermany.jpg\" \/>\n<meta name=\"twitter:card\" content=\"summary_large_image\" \/>\n<meta name=\"twitter:site\" content=\"@Nazarene\" \/>\n<script type=\"application\/ld+json\" class=\"yoast-schema-graph\">{\"@context\":\"https:\/\/schema.org\",\"@graph\":[{\"@type\":\"WebPage\",\"@id\":\"https:\/\/nazarene.org\/es\/news\/gs-habla-en-la-celebracion-del-500o-aniversario-de-la-reformacion-en-alemania\/\",\"url\":\"https:\/\/nazarene.org\/es\/news\/gs-habla-en-la-celebracion-del-500o-aniversario-de-la-reformacion-en-alemania\/\",\"name\":\"GS habla en la celebraci\u00f3n del 500\u00ba aniversario de la Reformaci\u00f3n en Alemania - Church of the Nazarene\",\"isPartOf\":{\"@id\":\"https:\/\/nazarene.org\/es\/#website\"},\"primaryImageOfPage\":{\"@id\":\"https:\/\/nazarene.org\/es\/news\/gs-habla-en-la-celebracion-del-500o-aniversario-de-la-reformacion-en-alemania\/#primaryimage\"},\"image\":{\"@id\":\"https:\/\/nazarene.org\/es\/news\/gs-habla-en-la-celebracion-del-500o-aniversario-de-la-reformacion-en-alemania\/#primaryimage\"},\"thumbnailUrl\":\"https:\/\/nazarene.org\/wp-content\/uploads\/migrated_images\/NCN%20News\/Eurasia\/Germany\/CrockerinGermany.jpg\",\"datePublished\":\"2019-07-10T05:00:00+00:00\",\"breadcrumb\":{\"@id\":\"https:\/\/nazarene.org\/es\/news\/gs-habla-en-la-celebracion-del-500o-aniversario-de-la-reformacion-en-alemania\/#breadcrumb\"},\"inLanguage\":\"es\",\"potentialAction\":[{\"@type\":\"ReadAction\",\"target\":[\"https:\/\/nazarene.org\/es\/news\/gs-habla-en-la-celebracion-del-500o-aniversario-de-la-reformacion-en-alemania\/\"]}]},{\"@type\":\"ImageObject\",\"inLanguage\":\"es\",\"@id\":\"https:\/\/nazarene.org\/es\/news\/gs-habla-en-la-celebracion-del-500o-aniversario-de-la-reformacion-en-alemania\/#primaryimage\",\"url\":\"https:\/\/nazarene.org\/wp-content\/uploads\/migrated_images\/NCN%20News\/Eurasia\/Germany\/CrockerinGermany.jpg\",\"contentUrl\":\"https:\/\/nazarene.org\/wp-content\/uploads\/migrated_images\/NCN%20News\/Eurasia\/Germany\/CrockerinGermany.jpg\"},{\"@type\":\"BreadcrumbList\",\"@id\":\"https:\/\/nazarene.org\/es\/news\/gs-habla-en-la-celebracion-del-500o-aniversario-de-la-reformacion-en-alemania\/#breadcrumb\",\"itemListElement\":[{\"@type\":\"ListItem\",\"position\":1,\"name\":\"Home\",\"item\":\"https:\/\/nazarene.org\/es\/inicio\/\"},{\"@type\":\"ListItem\",\"position\":2,\"name\":\"News\",\"item\":\"https:\/\/nazarene.org\/es\/news\/\"},{\"@type\":\"ListItem\",\"position\":3,\"name\":\"GS habla en la celebraci\u00f3n del 500\u00ba aniversario de la Reformaci\u00f3n en Alemania\"}]},{\"@type\":\"WebSite\",\"@id\":\"https:\/\/nazarene.org\/es\/#website\",\"url\":\"https:\/\/nazarene.org\/es\/\",\"name\":\"Church of the Nazarene\",\"description\":\"Making Christlike Disciples in the Nations\",\"publisher\":{\"@id\":\"https:\/\/nazarene.org\/es\/#organization\"},\"potentialAction\":[{\"@type\":\"SearchAction\",\"target\":{\"@type\":\"EntryPoint\",\"urlTemplate\":\"https:\/\/nazarene.org\/es\/?s={search_term_string}\"},\"query-input\":{\"@type\":\"PropertyValueSpecification\",\"valueRequired\":true,\"valueName\":\"search_term_string\"}}],\"inLanguage\":\"es\"},{\"@type\":\"Organization\",\"@id\":\"https:\/\/nazarene.org\/es\/#organization\",\"name\":\"Church of the Nazarene\",\"url\":\"https:\/\/nazarene.org\/es\/\",\"logo\":{\"@type\":\"ImageObject\",\"inLanguage\":\"es\",\"@id\":\"https:\/\/nazarene.org\/es\/#\/schema\/logo\/image\/\",\"url\":\"https:\/\/nazarene.org\/wp-content\/uploads\/2024\/06\/Naz_Desktop_Black_Logo-1.svg\",\"contentUrl\":\"https:\/\/nazarene.org\/wp-content\/uploads\/2024\/06\/Naz_Desktop_Black_Logo-1.svg\",\"width\":258,\"height\":36,\"caption\":\"Church of the Nazarene\"},\"image\":{\"@id\":\"https:\/\/nazarene.org\/es\/#\/schema\/logo\/image\/\"},\"sameAs\":[\"https:\/\/www.facebook.com\/NazareneOfficial\/\",\"https:\/\/x.com\/Nazarene\",\"https:\/\/www.instagram.com\/nazareneofficial\/\"]}]}<\/script>\n<!-- \/ Yoast SEO Premium plugin. -->","yoast_head_json":{"title":"GS habla en la celebraci\u00f3n del 500\u00ba aniversario de la Reformaci\u00f3n en Alemania - Church of the Nazarene","robots":{"index":"index","follow":"follow","max-snippet":"max-snippet:-1","max-image-preview":"max-image-preview:large","max-video-preview":"max-video-preview:-1"},"canonical":"https:\/\/nazarene.org\/es\/news\/gs-habla-en-la-celebracion-del-500o-aniversario-de-la-reformacion-en-alemania\/","og_locale":"es_ES","og_type":"article","og_title":"GS habla en la celebraci\u00f3n del 500\u00ba aniversario de la Reformaci\u00f3n en Alemania","og_url":"https:\/\/nazarene.org\/es\/news\/gs-habla-en-la-celebracion-del-500o-aniversario-de-la-reformacion-en-alemania\/","og_site_name":"Church of the Nazarene","article_publisher":"https:\/\/www.facebook.com\/NazareneOfficial\/","og_image":[{"url":"https:\/\/nazarene.org\/wp-content\/uploads\/migrated_images\/NCN%20News\/Eurasia\/Germany\/CrockerinGermany.jpg","type":"","width":"","height":""}],"twitter_card":"summary_large_image","twitter_site":"@Nazarene","schema":{"@context":"https:\/\/schema.org","@graph":[{"@type":"WebPage","@id":"https:\/\/nazarene.org\/es\/news\/gs-habla-en-la-celebracion-del-500o-aniversario-de-la-reformacion-en-alemania\/","url":"https:\/\/nazarene.org\/es\/news\/gs-habla-en-la-celebracion-del-500o-aniversario-de-la-reformacion-en-alemania\/","name":"GS habla en la celebraci\u00f3n del 500\u00ba aniversario de la Reformaci\u00f3n en Alemania - Church of the Nazarene","isPartOf":{"@id":"https:\/\/nazarene.org\/es\/#website"},"primaryImageOfPage":{"@id":"https:\/\/nazarene.org\/es\/news\/gs-habla-en-la-celebracion-del-500o-aniversario-de-la-reformacion-en-alemania\/#primaryimage"},"image":{"@id":"https:\/\/nazarene.org\/es\/news\/gs-habla-en-la-celebracion-del-500o-aniversario-de-la-reformacion-en-alemania\/#primaryimage"},"thumbnailUrl":"https:\/\/nazarene.org\/wp-content\/uploads\/migrated_images\/NCN%20News\/Eurasia\/Germany\/CrockerinGermany.jpg","datePublished":"2019-07-10T05:00:00+00:00","breadcrumb":{"@id":"https:\/\/nazarene.org\/es\/news\/gs-habla-en-la-celebracion-del-500o-aniversario-de-la-reformacion-en-alemania\/#breadcrumb"},"inLanguage":"es","potentialAction":[{"@type":"ReadAction","target":["https:\/\/nazarene.org\/es\/news\/gs-habla-en-la-celebracion-del-500o-aniversario-de-la-reformacion-en-alemania\/"]}]},{"@type":"ImageObject","inLanguage":"es","@id":"https:\/\/nazarene.org\/es\/news\/gs-habla-en-la-celebracion-del-500o-aniversario-de-la-reformacion-en-alemania\/#primaryimage","url":"https:\/\/nazarene.org\/wp-content\/uploads\/migrated_images\/NCN%20News\/Eurasia\/Germany\/CrockerinGermany.jpg","contentUrl":"https:\/\/nazarene.org\/wp-content\/uploads\/migrated_images\/NCN%20News\/Eurasia\/Germany\/CrockerinGermany.jpg"},{"@type":"BreadcrumbList","@id":"https:\/\/nazarene.org\/es\/news\/gs-habla-en-la-celebracion-del-500o-aniversario-de-la-reformacion-en-alemania\/#breadcrumb","itemListElement":[{"@type":"ListItem","position":1,"name":"Home","item":"https:\/\/nazarene.org\/es\/inicio\/"},{"@type":"ListItem","position":2,"name":"News","item":"https:\/\/nazarene.org\/es\/news\/"},{"@type":"ListItem","position":3,"name":"GS habla en la celebraci\u00f3n del 500\u00ba aniversario de la Reformaci\u00f3n en Alemania"}]},{"@type":"WebSite","@id":"https:\/\/nazarene.org\/es\/#website","url":"https:\/\/nazarene.org\/es\/","name":"Church of the Nazarene","description":"Making Christlike Disciples in the Nations","publisher":{"@id":"https:\/\/nazarene.org\/es\/#organization"},"potentialAction":[{"@type":"SearchAction","target":{"@type":"EntryPoint","urlTemplate":"https:\/\/nazarene.org\/es\/?s={search_term_string}"},"query-input":{"@type":"PropertyValueSpecification","valueRequired":true,"valueName":"search_term_string"}}],"inLanguage":"es"},{"@type":"Organization","@id":"https:\/\/nazarene.org\/es\/#organization","name":"Church of the Nazarene","url":"https:\/\/nazarene.org\/es\/","logo":{"@type":"ImageObject","inLanguage":"es","@id":"https:\/\/nazarene.org\/es\/#\/schema\/logo\/image\/","url":"https:\/\/nazarene.org\/wp-content\/uploads\/2024\/06\/Naz_Desktop_Black_Logo-1.svg","contentUrl":"https:\/\/nazarene.org\/wp-content\/uploads\/2024\/06\/Naz_Desktop_Black_Logo-1.svg","width":258,"height":36,"caption":"Church of the Nazarene"},"image":{"@id":"https:\/\/nazarene.org\/es\/#\/schema\/logo\/image\/"},"sameAs":["https:\/\/www.facebook.com\/NazareneOfficial\/","https:\/\/x.com\/Nazarene","https:\/\/www.instagram.com\/nazareneofficial\/"]}]}},"_links":{"self":[{"href":"https:\/\/nazarene.org\/es\/wp-json\/wp\/v2\/news\/53406","targetHints":{"allow":["GET"]}}],"collection":[{"href":"https:\/\/nazarene.org\/es\/wp-json\/wp\/v2\/news"}],"about":[{"href":"https:\/\/nazarene.org\/es\/wp-json\/wp\/v2\/types\/news"}],"author":[{"embeddable":true,"href":"https:\/\/nazarene.org\/es\/wp-json\/wp\/v2\/users\/1"}],"version-history":[{"count":0,"href":"https:\/\/nazarene.org\/es\/wp-json\/wp\/v2\/news\/53406\/revisions"}],"wp:attachment":[{"href":"https:\/\/nazarene.org\/es\/wp-json\/wp\/v2\/media?parent=53406"}],"wp:term":[{"taxonomy":"news-categories","embeddable":true,"href":"https:\/\/nazarene.org\/es\/wp-json\/wp\/v2\/news-categories?post=53406"},{"taxonomy":"news-region-taxonomy","embeddable":true,"href":"https:\/\/nazarene.org\/es\/wp-json\/wp\/v2\/news-region-taxonomy?post=53406"},{"taxonomy":"news-tag","embeddable":true,"href":"https:\/\/nazarene.org\/es\/wp-json\/wp\/v2\/news-tag?post=53406"}],"curies":[{"name":"wp","href":"https:\/\/api.w.org\/{rel}","templated":true}]}}