{"id":53350,"date":"2019-07-10T00:00:00","date_gmt":"2019-07-10T05:00:00","guid":{"rendered":"https:\/\/nazarene.org\/news\/la-comunidad-de-hope-reconoce-al-presidente-de-la-junta-fundadora-con-premio\/"},"modified":"2019-07-10T00:00:00","modified_gmt":"2019-07-10T05:00:00","slug":"la-comunidad-de-hope-reconoce-al-presidente-de-la-junta-fundadora-con-premio","status":"publish","type":"news","link":"https:\/\/nazarene.org\/es\/news\/la-comunidad-de-hope-reconoce-al-presidente-de-la-junta-fundadora-con-premio\/","title":{"rendered":"La Comunidad de Hope reconoce al presidente de la junta fundadora con premio"},"content":{"rendered":"<div style=\"text-align:center\">\n<figure class=\"image\" style=\"display:inline-block\"><img fetchpriority=\"high\" decoding=\"async\" alt=\"\" height=\"400\" src=\"https:\/\/nazarene.org\/wp-content\/uploads\/migrated_images\/NCN%20News\/USACanada\/DC\/RobertSloanAward.jpg\" width=\"750\"><figcaption>De izquierda a derecha: Fundador de la Comunidad de Hope Tom Nees, destinatario del premio Robert Sloan y Director Ejecutivo de la Comunidad de Hope Kelly Sweeney McShane<\/figcaption><\/figure>\n<\/div>\n<p>La Comunidad de Esperanza, un Centro del Ministerio Nazareno Compasivo, present\u00f3 &nbsp;el Premio Tom Nees 2017 de Servicio Excepcional &nbsp;a Robert L. Sloan, que ha liderado, asesorado y servido como conector durante 44 a\u00f1os.&nbsp;<\/p>\n<p>Este honor se otorga anualmente por la organizaci\u00f3n en honor del fundador&nbsp;Tom Nees, recono&nbsp;ciendo al cipiente por su o su servicio de larga duraci\u00f3n e impacto a las mujeres, los hombres y los ni\u00f1os que recurren a la Comunidad de Esperanza en busca de ayuda.&nbsp;<\/p>\n<p>Sloan era el presidente de la junta fundadora que, en asociaci\u00f3n con Nees, &nbsp;ten\u00eda una visi\u00f3n para la Comunidad de Esperanza y la trajo a la vida. Ha continuado su participaci\u00f3n activa durante m\u00e1s de cuatro d\u00e9cadas, sirviendo como asesor de directores ejecutivos y un recaudador de amigos de todas las maneras. Ha servido como miembro de un comit\u00e9 de campa\u00f1a de capital reciente y exitoso y como miembro del comit\u00e9 anfitri\u00f3n de eventos de recaudaci\u00f3n de fondos.&nbsp;<\/p>\n<p>Bob fue una de las primeras personas con las que conoc\u00ed cuando me convert\u00ed en director ejecutivo hace 16 a\u00f1os, dijo Kelly Sweeney McShane. Bob me ha ofrecido regularmente sabidur\u00eda y orientaci\u00f3n a lo largo de toda mi mandato, y estoy profundamente agradecido. Este trabajo es muy personal para Bob, &nbsp;un hombre de profunda fe y humildad, y muestra en todo lo que hace.&nbsp;<\/p>\n<p>Mientras aceptaba el premio &nbsp;de Nees y McShane, Sloan comparti\u00f3 historias de las vidas que lo impactaron a \u00e9l, a los clientes y compa\u00f1eros visionarios.<\/p>\n<p>Gracias por pensar en m\u00ed y por proporcionarme m\u00e1s reconocimiento del que merezco, dijo.&nbsp;\u00abAcept\u00e9 el premio en el nombre de todos aquellos que comenzaron el trabajo y que contin\u00faan el trabajo.&nbsp;<\/p>\n<p>Sloan ha compartido su coraz\u00f3n y la experiencia a trav\u00e9s de una vida de trabajo en la administraci\u00f3n de la salud, incluido un mandato de 27 a\u00f1os como presidente y CEO de Sibley Memorial Hospital, una entidad del Sistema de Salud Johns Hopkins. &nbsp;Heredero de Sibley en 2012 pero contin\u00faa su legado de servir a otros como presidente y CEO de la Fundaci\u00f3n Jane Bancroft Robinson. Actualmente sirve en la Junta de Directores de la Fundaci\u00f3n Morris &amp; Gwendolyn Cafritz y WETA Televisi\u00f3n P\u00fablica Nacional. Los nombramientos anteriores de la junta han incluido la Junta de Alumnos de la Universidad Olivet Nazarena donde se gradu\u00f3 en 1968, CareFirst BlueCross BlueShield, la Asociaci\u00f3n del Hospital de DC y la Junta de Alumnos de la Universidad Olivet Nazarena.&nbsp;Sloan tambi\u00e9n ha recibido reconocimiento de la Asociaci\u00f3n del Hospital del Distrito de Columbia, que cre\u00f3 el Premio de Liderazgo Robert L. Sloan para l\u00edderes de hospitales que han demostrado la calidad del liderazgo inspirado en Robert L. Sloan, y en 2013&nbsp;recibi\u00f3 el Consejo de Atenci\u00f3n de la Salud del \u00c1rea de la Capital Nacional, Matthew F. McNulty, Jr.&nbsp;Premio en reconocimiento de contribuciones ejemplares al campo de la salud en la Regi\u00f3n de la Capital Nacional.&nbsp;<\/p>\n<p>Mediante nuestros c\u00e1lculos, Sloan ha impactado las vidas de miles de familias que est\u00e1n superando la falta de hogar y decenas de miles de pacientes de atenci\u00f3n m\u00e9dica.&nbsp;<\/p>\n<p>El premio fue presentado en el 35\u00ba Aniversario de la Comunidad de Hope en 2015. Los destinatarios del premio anteriores incluyen Christopher Kerns de Fort Myer Construction y Dodie Brady de Global Harmony a trav\u00e9s de la Excelencia Personal.&nbsp;<\/p>\n<p>Env\u00edos de la <a href=\"https:\/\/www.communityofhopedc.org\/\" target=\"_blank\">Comunidad de Hope<\/a>&nbsp;via de <a href=\"mailto:news@nazarene.org\">NCN News<\/a><\/p>\n<p>Nota del Editor: Tom Nees es el ex director de lo que ahora es la Iglesia de la Regi\u00f3n de Estados Unidos \/ Canad\u00e1 de la Nazarena.<\/p>\n<p>\u00bfHistorias para compartir? Env\u00ede un correo electr\u00f3nico a <a href=\"mailto:news@nazarene.org?subject=NCN%20News%20submission\">news@nazarene.org<\/a>.<\/p>\n","protected":false},"excerpt":{"rendered":"<div style=\"text-align:center\">\n<figure class=\"image\" style=\"display:inline-block\"><img alt=\"\" heig=\"\"><\/p>\n","protected":false},"author":1,"featured_media":0,"menu_order":0,"template":"","news-categories":[],"news-region-taxonomy":[],"news-tag":[764],"class_list":["post-53350","news","type-news","status-publish","hentry","news-tag-ee-uu-canada"],"yoast_head":"<!-- This site is optimized with the Yoast SEO Premium plugin v27.1 (Yoast SEO v27.1.1) - https:\/\/yoast.com\/product\/yoast-seo-premium-wordpress\/ -->\n<title>La Comunidad de Hope reconoce al presidente de la junta fundadora con premio - Church of the Nazarene<\/title>\n<meta name=\"robots\" content=\"index, follow, max-snippet:-1, max-image-preview:large, max-video-preview:-1\" \/>\n<link rel=\"canonical\" href=\"https:\/\/nazarene.org\/es\/news\/la-comunidad-de-hope-reconoce-al-presidente-de-la-junta-fundadora-con-premio\/\" \/>\n<meta property=\"og:locale\" content=\"es_ES\" \/>\n<meta property=\"og:type\" content=\"article\" \/>\n<meta property=\"og:title\" content=\"La Comunidad de Hope reconoce al presidente de la junta fundadora con premio\" \/>\n<meta property=\"og:url\" content=\"https:\/\/nazarene.org\/es\/news\/la-comunidad-de-hope-reconoce-al-presidente-de-la-junta-fundadora-con-premio\/\" \/>\n<meta property=\"og:site_name\" content=\"Church of the Nazarene\" \/>\n<meta property=\"article:publisher\" content=\"https:\/\/www.facebook.com\/NazareneOfficial\/\" \/>\n<meta property=\"og:image\" content=\"https:\/\/nazarene.org\/wp-content\/uploads\/migrated_images\/NCN%20News\/USACanada\/DC\/RobertSloanAward.jpg\" \/>\n<meta name=\"twitter:card\" content=\"summary_large_image\" \/>\n<meta name=\"twitter:site\" content=\"@Nazarene\" \/>\n<script type=\"application\/ld+json\" class=\"yoast-schema-graph\">{\"@context\":\"https:\/\/schema.org\",\"@graph\":[{\"@type\":\"WebPage\",\"@id\":\"https:\/\/nazarene.org\/es\/news\/la-comunidad-de-hope-reconoce-al-presidente-de-la-junta-fundadora-con-premio\/\",\"url\":\"https:\/\/nazarene.org\/es\/news\/la-comunidad-de-hope-reconoce-al-presidente-de-la-junta-fundadora-con-premio\/\",\"name\":\"La Comunidad de Hope reconoce al presidente de la junta fundadora con premio - Church of the Nazarene\",\"isPartOf\":{\"@id\":\"https:\/\/nazarene.org\/es\/#website\"},\"primaryImageOfPage\":{\"@id\":\"https:\/\/nazarene.org\/es\/news\/la-comunidad-de-hope-reconoce-al-presidente-de-la-junta-fundadora-con-premio\/#primaryimage\"},\"image\":{\"@id\":\"https:\/\/nazarene.org\/es\/news\/la-comunidad-de-hope-reconoce-al-presidente-de-la-junta-fundadora-con-premio\/#primaryimage\"},\"thumbnailUrl\":\"https:\/\/nazarene.org\/wp-content\/uploads\/migrated_images\/NCN%20News\/USACanada\/DC\/RobertSloanAward.jpg\",\"datePublished\":\"2019-07-10T05:00:00+00:00\",\"breadcrumb\":{\"@id\":\"https:\/\/nazarene.org\/es\/news\/la-comunidad-de-hope-reconoce-al-presidente-de-la-junta-fundadora-con-premio\/#breadcrumb\"},\"inLanguage\":\"es\",\"potentialAction\":[{\"@type\":\"ReadAction\",\"target\":[\"https:\/\/nazarene.org\/es\/news\/la-comunidad-de-hope-reconoce-al-presidente-de-la-junta-fundadora-con-premio\/\"]}]},{\"@type\":\"ImageObject\",\"inLanguage\":\"es\",\"@id\":\"https:\/\/nazarene.org\/es\/news\/la-comunidad-de-hope-reconoce-al-presidente-de-la-junta-fundadora-con-premio\/#primaryimage\",\"url\":\"https:\/\/nazarene.org\/wp-content\/uploads\/migrated_images\/NCN%20News\/USACanada\/DC\/RobertSloanAward.jpg\",\"contentUrl\":\"https:\/\/nazarene.org\/wp-content\/uploads\/migrated_images\/NCN%20News\/USACanada\/DC\/RobertSloanAward.jpg\"},{\"@type\":\"BreadcrumbList\",\"@id\":\"https:\/\/nazarene.org\/es\/news\/la-comunidad-de-hope-reconoce-al-presidente-de-la-junta-fundadora-con-premio\/#breadcrumb\",\"itemListElement\":[{\"@type\":\"ListItem\",\"position\":1,\"name\":\"Home\",\"item\":\"https:\/\/nazarene.org\/es\/inicio\/\"},{\"@type\":\"ListItem\",\"position\":2,\"name\":\"News\",\"item\":\"https:\/\/nazarene.org\/es\/news\/\"},{\"@type\":\"ListItem\",\"position\":3,\"name\":\"La Comunidad de Hope reconoce al presidente de la junta fundadora con premio\"}]},{\"@type\":\"WebSite\",\"@id\":\"https:\/\/nazarene.org\/es\/#website\",\"url\":\"https:\/\/nazarene.org\/es\/\",\"name\":\"Church of the Nazarene\",\"description\":\"Making Christlike Disciples in the Nations\",\"publisher\":{\"@id\":\"https:\/\/nazarene.org\/es\/#organization\"},\"potentialAction\":[{\"@type\":\"SearchAction\",\"target\":{\"@type\":\"EntryPoint\",\"urlTemplate\":\"https:\/\/nazarene.org\/es\/?s={search_term_string}\"},\"query-input\":{\"@type\":\"PropertyValueSpecification\",\"valueRequired\":true,\"valueName\":\"search_term_string\"}}],\"inLanguage\":\"es\"},{\"@type\":\"Organization\",\"@id\":\"https:\/\/nazarene.org\/es\/#organization\",\"name\":\"Church of the Nazarene\",\"url\":\"https:\/\/nazarene.org\/es\/\",\"logo\":{\"@type\":\"ImageObject\",\"inLanguage\":\"es\",\"@id\":\"https:\/\/nazarene.org\/es\/#\/schema\/logo\/image\/\",\"url\":\"https:\/\/nazarene.org\/wp-content\/uploads\/2024\/06\/Naz_Desktop_Black_Logo-1.svg\",\"contentUrl\":\"https:\/\/nazarene.org\/wp-content\/uploads\/2024\/06\/Naz_Desktop_Black_Logo-1.svg\",\"width\":258,\"height\":36,\"caption\":\"Church of the Nazarene\"},\"image\":{\"@id\":\"https:\/\/nazarene.org\/es\/#\/schema\/logo\/image\/\"},\"sameAs\":[\"https:\/\/www.facebook.com\/NazareneOfficial\/\",\"https:\/\/x.com\/Nazarene\",\"https:\/\/www.instagram.com\/nazareneofficial\/\"]}]}<\/script>\n<!-- \/ Yoast SEO Premium plugin. -->","yoast_head_json":{"title":"La Comunidad de Hope reconoce al presidente de la junta fundadora con premio - Church of the Nazarene","robots":{"index":"index","follow":"follow","max-snippet":"max-snippet:-1","max-image-preview":"max-image-preview:large","max-video-preview":"max-video-preview:-1"},"canonical":"https:\/\/nazarene.org\/es\/news\/la-comunidad-de-hope-reconoce-al-presidente-de-la-junta-fundadora-con-premio\/","og_locale":"es_ES","og_type":"article","og_title":"La Comunidad de Hope reconoce al presidente de la junta fundadora con premio","og_url":"https:\/\/nazarene.org\/es\/news\/la-comunidad-de-hope-reconoce-al-presidente-de-la-junta-fundadora-con-premio\/","og_site_name":"Church of the Nazarene","article_publisher":"https:\/\/www.facebook.com\/NazareneOfficial\/","og_image":[{"url":"https:\/\/nazarene.org\/wp-content\/uploads\/migrated_images\/NCN%20News\/USACanada\/DC\/RobertSloanAward.jpg","type":"","width":"","height":""}],"twitter_card":"summary_large_image","twitter_site":"@Nazarene","schema":{"@context":"https:\/\/schema.org","@graph":[{"@type":"WebPage","@id":"https:\/\/nazarene.org\/es\/news\/la-comunidad-de-hope-reconoce-al-presidente-de-la-junta-fundadora-con-premio\/","url":"https:\/\/nazarene.org\/es\/news\/la-comunidad-de-hope-reconoce-al-presidente-de-la-junta-fundadora-con-premio\/","name":"La Comunidad de Hope reconoce al presidente de la junta fundadora con premio - Church of the Nazarene","isPartOf":{"@id":"https:\/\/nazarene.org\/es\/#website"},"primaryImageOfPage":{"@id":"https:\/\/nazarene.org\/es\/news\/la-comunidad-de-hope-reconoce-al-presidente-de-la-junta-fundadora-con-premio\/#primaryimage"},"image":{"@id":"https:\/\/nazarene.org\/es\/news\/la-comunidad-de-hope-reconoce-al-presidente-de-la-junta-fundadora-con-premio\/#primaryimage"},"thumbnailUrl":"https:\/\/nazarene.org\/wp-content\/uploads\/migrated_images\/NCN%20News\/USACanada\/DC\/RobertSloanAward.jpg","datePublished":"2019-07-10T05:00:00+00:00","breadcrumb":{"@id":"https:\/\/nazarene.org\/es\/news\/la-comunidad-de-hope-reconoce-al-presidente-de-la-junta-fundadora-con-premio\/#breadcrumb"},"inLanguage":"es","potentialAction":[{"@type":"ReadAction","target":["https:\/\/nazarene.org\/es\/news\/la-comunidad-de-hope-reconoce-al-presidente-de-la-junta-fundadora-con-premio\/"]}]},{"@type":"ImageObject","inLanguage":"es","@id":"https:\/\/nazarene.org\/es\/news\/la-comunidad-de-hope-reconoce-al-presidente-de-la-junta-fundadora-con-premio\/#primaryimage","url":"https:\/\/nazarene.org\/wp-content\/uploads\/migrated_images\/NCN%20News\/USACanada\/DC\/RobertSloanAward.jpg","contentUrl":"https:\/\/nazarene.org\/wp-content\/uploads\/migrated_images\/NCN%20News\/USACanada\/DC\/RobertSloanAward.jpg"},{"@type":"BreadcrumbList","@id":"https:\/\/nazarene.org\/es\/news\/la-comunidad-de-hope-reconoce-al-presidente-de-la-junta-fundadora-con-premio\/#breadcrumb","itemListElement":[{"@type":"ListItem","position":1,"name":"Home","item":"https:\/\/nazarene.org\/es\/inicio\/"},{"@type":"ListItem","position":2,"name":"News","item":"https:\/\/nazarene.org\/es\/news\/"},{"@type":"ListItem","position":3,"name":"La Comunidad de Hope reconoce al presidente de la junta fundadora con premio"}]},{"@type":"WebSite","@id":"https:\/\/nazarene.org\/es\/#website","url":"https:\/\/nazarene.org\/es\/","name":"Church of the Nazarene","description":"Making Christlike Disciples in the Nations","publisher":{"@id":"https:\/\/nazarene.org\/es\/#organization"},"potentialAction":[{"@type":"SearchAction","target":{"@type":"EntryPoint","urlTemplate":"https:\/\/nazarene.org\/es\/?s={search_term_string}"},"query-input":{"@type":"PropertyValueSpecification","valueRequired":true,"valueName":"search_term_string"}}],"inLanguage":"es"},{"@type":"Organization","@id":"https:\/\/nazarene.org\/es\/#organization","name":"Church of the Nazarene","url":"https:\/\/nazarene.org\/es\/","logo":{"@type":"ImageObject","inLanguage":"es","@id":"https:\/\/nazarene.org\/es\/#\/schema\/logo\/image\/","url":"https:\/\/nazarene.org\/wp-content\/uploads\/2024\/06\/Naz_Desktop_Black_Logo-1.svg","contentUrl":"https:\/\/nazarene.org\/wp-content\/uploads\/2024\/06\/Naz_Desktop_Black_Logo-1.svg","width":258,"height":36,"caption":"Church of the Nazarene"},"image":{"@id":"https:\/\/nazarene.org\/es\/#\/schema\/logo\/image\/"},"sameAs":["https:\/\/www.facebook.com\/NazareneOfficial\/","https:\/\/x.com\/Nazarene","https:\/\/www.instagram.com\/nazareneofficial\/"]}]}},"_links":{"self":[{"href":"https:\/\/nazarene.org\/es\/wp-json\/wp\/v2\/news\/53350","targetHints":{"allow":["GET"]}}],"collection":[{"href":"https:\/\/nazarene.org\/es\/wp-json\/wp\/v2\/news"}],"about":[{"href":"https:\/\/nazarene.org\/es\/wp-json\/wp\/v2\/types\/news"}],"author":[{"embeddable":true,"href":"https:\/\/nazarene.org\/es\/wp-json\/wp\/v2\/users\/1"}],"version-history":[{"count":0,"href":"https:\/\/nazarene.org\/es\/wp-json\/wp\/v2\/news\/53350\/revisions"}],"wp:attachment":[{"href":"https:\/\/nazarene.org\/es\/wp-json\/wp\/v2\/media?parent=53350"}],"wp:term":[{"taxonomy":"news-categories","embeddable":true,"href":"https:\/\/nazarene.org\/es\/wp-json\/wp\/v2\/news-categories?post=53350"},{"taxonomy":"news-region-taxonomy","embeddable":true,"href":"https:\/\/nazarene.org\/es\/wp-json\/wp\/v2\/news-region-taxonomy?post=53350"},{"taxonomy":"news-tag","embeddable":true,"href":"https:\/\/nazarene.org\/es\/wp-json\/wp\/v2\/news-tag?post=53350"}],"curies":[{"name":"wp","href":"https:\/\/api.w.org\/{rel}","templated":true}]}}