{"id":53345,"date":"2019-07-10T00:00:00","date_gmt":"2019-07-10T05:00:00","guid":{"rendered":"https:\/\/nazarene.org\/news\/superintendente-general-a-hablar-en-la-celebracion-de-la-reforma-protestante\/"},"modified":"2019-07-10T00:00:00","modified_gmt":"2019-07-10T05:00:00","slug":"superintendente-general-a-hablar-en-la-celebracion-de-la-reforma-protestante","status":"publish","type":"news","link":"https:\/\/nazarene.org\/es\/news\/superintendente-general-a-hablar-en-la-celebracion-de-la-reforma-protestante\/","title":{"rendered":"Superintendente general a hablar en la celebraci\u00f3n de la Reforma Protestante"},"content":{"rendered":"<p><img fetchpriority=\"high\" decoding=\"async\" alt=\"\" height=\"400\" src=\"https:\/\/nazarene.org\/wp-content\/uploads\/migrated_images\/NCN%20News\/Resources\/WittenburgCongress2017b.jpg\" width=\"750\"><\/p>\n<p>El Congreso de Wittenberg 2017, una reuni\u00f3n global \u00fanica de m\u00e1s de 750 l\u00edderes cristianos, se celebrar\u00e1 el 30 de octubre &nbsp;al 1 de &nbsp;noviembre junto con el 500\u00ba aniversario de las 95 Tesis de Martin Luther. Organizada por la Red de la Iglesia Global, la cumbre presentar\u00e1 presentaciones de m\u00e1s de 30 oradores cristianos, incluida la Iglesia del Superintendente General Nazarena Gustavo A. Crocker.<\/p>\n<p>Este evento de una vez en la vida reunir\u00e1 a l\u00edderes de cada denominaci\u00f3n cristiana principal para sinergizar los esfuerzos para crecer exponencialmente el tama\u00f1o de la Iglesia Global, &nbsp;dijo Leonard Sweet, coanfitri\u00f3n de The Wittenberg 2017. Aquellos que asisten ser\u00e1n renovados en su coraz\u00f3n para la Palabra de Dios, reavivados en su mente hacia el Cuerpo de Cristo, y liberados para salir y completar 2030 en nuestra vida.<\/p>\n<p>El Congreso de Wittenberg 2017 se convocar\u00e1 en el Hotel Maritim Berlin de cinco estrellas en Berl\u00edn durante las primeras cinco sesiones. El 1 de noviembre, la sesi\u00f3n de cierre de la cumbre se celebrar\u00e1 en la Iglesia del Castillo en Wittenberg, el lugar hist\u00f3rico donde Martin Luther clav\u00f3 sus 95 Tesis a la puerta y donde m\u00e1s tarde fue enterrado.<\/p>\n<p>Fue el 1 de noviembre de &nbsp;1517 cuando las personas llegaron a la iglesia para el D\u00eda de Todos los Santos, que las 95 Tesis fueron le\u00eddas por primera vez y contempladas por el p\u00fablico, &nbsp;dijo James O. Davis, fundador \/ presidente de la Red de la Iglesia Global y coanfitri\u00f3n de El Congreso de Wittenberg 2017. Es apropiado que el \u00faltimo d\u00eda de nuestro Congreso tenga lugar en la Iglesia de Castillo en el 500\u00ba aniversario del primer d\u00eda de la Reforma Protestante.<\/p>\n<p>Los presentadores del Congreso de Wittenberg 2017 incluyen:<\/p>\n<table style=\"width:100%\">\n<tbody>\n<tr>\n<td>Dr. Samson O. Ayokunle<\/td>\n<td>Rev. Eddy Leo<\/td>\n<td>Dr. John Sorensen<\/td>\n<\/tr>\n<tr>\n<td>Dr. Doug Beacham<\/td>\n<td>Dr. Ron Luce<\/td>\n<td>Rev. Hartmut Steeb<\/td>\n<\/tr>\n<tr>\n<td>Dr. Glenn Burris<\/td>\n<td>Dr. Jo Anne Lyon<\/td>\n<td>Dr. Leonard Sweet<\/td>\n<\/tr>\n<tr>\n<td>Dr. Jan von Camphausen<\/td>\n<td>Dr. Alex Mitala<\/td>\n<td>Dr. Efraim Tendero<\/td>\n<\/tr>\n<tr>\n<td>Dr. Chuck Conniry<\/td>\n<td>Dr. David Mohan<\/td>\n<td>Dr. Kenneth C. Ulmer<\/td>\n<\/tr>\n<tr>\n<td>Dr. Gustavo Crocker<\/td>\n<td>Reverendo Peter Mortlock<\/td>\n<td>Peter Wenz<\/td>\n<\/tr>\n<tr>\n<td>Dr. James O. Davis<\/td>\n<td>Pastor Poncho Murguia<\/td>\n<td>Dr. George O. Wood<\/td>\n<\/tr>\n<tr>\n<td>Dr. Leon Fontaine<\/td>\n<td>Reverendo Samuel Rodriguez<\/td>\n<td>Reverendo Lazarus Yeghnazar<\/td>\n<\/tr>\n<tr>\n<td>Dr. Timothy Hill<\/td>\n<td>Dr. Heinrich Christian Rust<\/td>\n<td>Dr. Byoungho Zoh<\/td>\n<\/tr>\n<tr>\n<td>Johannes Justus<\/td>\n<td>Reverendo Alberto Salcedo<\/td>\n<td>Dr. P. Douglas Small<\/td>\n<\/tr>\n<tr>\n<td>Dr. Suliasi Kurulo<\/td>\n<td>Dr. David Sobrepena<\/td>\n<\/tr>\n<\/tbody>\n<\/table>\n<p>El Congreso de Wittenberg 2017 se transmitir\u00e1 en vivo exclusivamente en billion.tv para millones de personas de todo el mundo para seguir todos los eventos de la cumbre de 3 d\u00edas.<\/p>\n<p>Para m\u00e1s informaci\u00f3n, visite <a href=\"http:\/\/luther2017.tv\/\" target=\"_blank\">luther2017.tv<\/a>.<\/p>\n<p>&nbsp;<\/p>\n<p>Relacionado: <a href=\"http:\/\/www.holinesstoday.org\/reformations-of-the-church\" target=\"_blank\">\u00abLa Reforma (s) de la Iglesia\u00bb (a trav\u00e9s de <em>Holiness Today<\/em>)<\/a><\/p>\n","protected":false},"excerpt":{"rendered":"<p><img decoding=\"async\" alt=\"\" height=\"400\" src=\"\/sites\/default\/files\/migrated_images\/NCN%20News\/Resources\/WittenburgC&lt;\/div&gt;\"><\/p>\n","protected":false},"author":1,"featured_media":0,"menu_order":0,"template":"","news-categories":[],"news-region-taxonomy":[],"news-tag":[1667,1498],"class_list":["post-53345","news","type-news","status-publish","hentry","news-tag-bgs-es","news-tag-recursos-es"],"yoast_head":"<!-- This site is optimized with the Yoast SEO Premium plugin v27.1 (Yoast SEO v27.1.1) - https:\/\/yoast.com\/product\/yoast-seo-premium-wordpress\/ -->\n<title>Superintendente general a hablar en la celebraci\u00f3n de la Reforma Protestante - Church of the Nazarene<\/title>\n<meta name=\"robots\" content=\"index, follow, max-snippet:-1, max-image-preview:large, max-video-preview:-1\" \/>\n<link rel=\"canonical\" href=\"https:\/\/nazarene.org\/es\/news\/superintendente-general-a-hablar-en-la-celebracion-de-la-reforma-protestante\/\" \/>\n<meta property=\"og:locale\" content=\"es_ES\" \/>\n<meta property=\"og:type\" content=\"article\" \/>\n<meta property=\"og:title\" content=\"Superintendente general a hablar en la celebraci\u00f3n de la Reforma Protestante\" \/>\n<meta property=\"og:url\" content=\"https:\/\/nazarene.org\/es\/news\/superintendente-general-a-hablar-en-la-celebracion-de-la-reforma-protestante\/\" \/>\n<meta property=\"og:site_name\" content=\"Church of the Nazarene\" \/>\n<meta property=\"article:publisher\" content=\"https:\/\/www.facebook.com\/NazareneOfficial\/\" \/>\n<meta property=\"og:image\" content=\"https:\/\/nazarene.org\/wp-content\/uploads\/migrated_images\/NCN%20News\/Resources\/WittenburgCongress2017b.jpg\" \/>\n<meta name=\"twitter:card\" content=\"summary_large_image\" \/>\n<meta name=\"twitter:site\" content=\"@Nazarene\" \/>\n<script type=\"application\/ld+json\" class=\"yoast-schema-graph\">{\"@context\":\"https:\/\/schema.org\",\"@graph\":[{\"@type\":\"WebPage\",\"@id\":\"https:\/\/nazarene.org\/es\/news\/superintendente-general-a-hablar-en-la-celebracion-de-la-reforma-protestante\/\",\"url\":\"https:\/\/nazarene.org\/es\/news\/superintendente-general-a-hablar-en-la-celebracion-de-la-reforma-protestante\/\",\"name\":\"Superintendente general a hablar en la celebraci\u00f3n de la Reforma Protestante - Church of the Nazarene\",\"isPartOf\":{\"@id\":\"https:\/\/nazarene.org\/es\/#website\"},\"primaryImageOfPage\":{\"@id\":\"https:\/\/nazarene.org\/es\/news\/superintendente-general-a-hablar-en-la-celebracion-de-la-reforma-protestante\/#primaryimage\"},\"image\":{\"@id\":\"https:\/\/nazarene.org\/es\/news\/superintendente-general-a-hablar-en-la-celebracion-de-la-reforma-protestante\/#primaryimage\"},\"thumbnailUrl\":\"https:\/\/nazarene.org\/wp-content\/uploads\/migrated_images\/NCN%20News\/Resources\/WittenburgCongress2017b.jpg\",\"datePublished\":\"2019-07-10T05:00:00+00:00\",\"breadcrumb\":{\"@id\":\"https:\/\/nazarene.org\/es\/news\/superintendente-general-a-hablar-en-la-celebracion-de-la-reforma-protestante\/#breadcrumb\"},\"inLanguage\":\"es\",\"potentialAction\":[{\"@type\":\"ReadAction\",\"target\":[\"https:\/\/nazarene.org\/es\/news\/superintendente-general-a-hablar-en-la-celebracion-de-la-reforma-protestante\/\"]}]},{\"@type\":\"ImageObject\",\"inLanguage\":\"es\",\"@id\":\"https:\/\/nazarene.org\/es\/news\/superintendente-general-a-hablar-en-la-celebracion-de-la-reforma-protestante\/#primaryimage\",\"url\":\"https:\/\/nazarene.org\/wp-content\/uploads\/migrated_images\/NCN%20News\/Resources\/WittenburgCongress2017b.jpg\",\"contentUrl\":\"https:\/\/nazarene.org\/wp-content\/uploads\/migrated_images\/NCN%20News\/Resources\/WittenburgCongress2017b.jpg\"},{\"@type\":\"BreadcrumbList\",\"@id\":\"https:\/\/nazarene.org\/es\/news\/superintendente-general-a-hablar-en-la-celebracion-de-la-reforma-protestante\/#breadcrumb\",\"itemListElement\":[{\"@type\":\"ListItem\",\"position\":1,\"name\":\"Home\",\"item\":\"https:\/\/nazarene.org\/es\/inicio\/\"},{\"@type\":\"ListItem\",\"position\":2,\"name\":\"News\",\"item\":\"https:\/\/nazarene.org\/es\/news\/\"},{\"@type\":\"ListItem\",\"position\":3,\"name\":\"Superintendente general a hablar en la celebraci\u00f3n de la Reforma Protestante\"}]},{\"@type\":\"WebSite\",\"@id\":\"https:\/\/nazarene.org\/es\/#website\",\"url\":\"https:\/\/nazarene.org\/es\/\",\"name\":\"Church of the Nazarene\",\"description\":\"Making Christlike Disciples in the Nations\",\"publisher\":{\"@id\":\"https:\/\/nazarene.org\/es\/#organization\"},\"potentialAction\":[{\"@type\":\"SearchAction\",\"target\":{\"@type\":\"EntryPoint\",\"urlTemplate\":\"https:\/\/nazarene.org\/es\/?s={search_term_string}\"},\"query-input\":{\"@type\":\"PropertyValueSpecification\",\"valueRequired\":true,\"valueName\":\"search_term_string\"}}],\"inLanguage\":\"es\"},{\"@type\":\"Organization\",\"@id\":\"https:\/\/nazarene.org\/es\/#organization\",\"name\":\"Church of the Nazarene\",\"url\":\"https:\/\/nazarene.org\/es\/\",\"logo\":{\"@type\":\"ImageObject\",\"inLanguage\":\"es\",\"@id\":\"https:\/\/nazarene.org\/es\/#\/schema\/logo\/image\/\",\"url\":\"https:\/\/nazarene.org\/wp-content\/uploads\/2024\/06\/Naz_Desktop_Black_Logo-1.svg\",\"contentUrl\":\"https:\/\/nazarene.org\/wp-content\/uploads\/2024\/06\/Naz_Desktop_Black_Logo-1.svg\",\"width\":258,\"height\":36,\"caption\":\"Church of the Nazarene\"},\"image\":{\"@id\":\"https:\/\/nazarene.org\/es\/#\/schema\/logo\/image\/\"},\"sameAs\":[\"https:\/\/www.facebook.com\/NazareneOfficial\/\",\"https:\/\/x.com\/Nazarene\",\"https:\/\/www.instagram.com\/nazareneofficial\/\"]}]}<\/script>\n<!-- \/ Yoast SEO Premium plugin. -->","yoast_head_json":{"title":"Superintendente general a hablar en la celebraci\u00f3n de la Reforma Protestante - Church of the Nazarene","robots":{"index":"index","follow":"follow","max-snippet":"max-snippet:-1","max-image-preview":"max-image-preview:large","max-video-preview":"max-video-preview:-1"},"canonical":"https:\/\/nazarene.org\/es\/news\/superintendente-general-a-hablar-en-la-celebracion-de-la-reforma-protestante\/","og_locale":"es_ES","og_type":"article","og_title":"Superintendente general a hablar en la celebraci\u00f3n de la Reforma Protestante","og_url":"https:\/\/nazarene.org\/es\/news\/superintendente-general-a-hablar-en-la-celebracion-de-la-reforma-protestante\/","og_site_name":"Church of the Nazarene","article_publisher":"https:\/\/www.facebook.com\/NazareneOfficial\/","og_image":[{"url":"https:\/\/nazarene.org\/wp-content\/uploads\/migrated_images\/NCN%20News\/Resources\/WittenburgCongress2017b.jpg","type":"","width":"","height":""}],"twitter_card":"summary_large_image","twitter_site":"@Nazarene","schema":{"@context":"https:\/\/schema.org","@graph":[{"@type":"WebPage","@id":"https:\/\/nazarene.org\/es\/news\/superintendente-general-a-hablar-en-la-celebracion-de-la-reforma-protestante\/","url":"https:\/\/nazarene.org\/es\/news\/superintendente-general-a-hablar-en-la-celebracion-de-la-reforma-protestante\/","name":"Superintendente general a hablar en la celebraci\u00f3n de la Reforma Protestante - Church of the Nazarene","isPartOf":{"@id":"https:\/\/nazarene.org\/es\/#website"},"primaryImageOfPage":{"@id":"https:\/\/nazarene.org\/es\/news\/superintendente-general-a-hablar-en-la-celebracion-de-la-reforma-protestante\/#primaryimage"},"image":{"@id":"https:\/\/nazarene.org\/es\/news\/superintendente-general-a-hablar-en-la-celebracion-de-la-reforma-protestante\/#primaryimage"},"thumbnailUrl":"https:\/\/nazarene.org\/wp-content\/uploads\/migrated_images\/NCN%20News\/Resources\/WittenburgCongress2017b.jpg","datePublished":"2019-07-10T05:00:00+00:00","breadcrumb":{"@id":"https:\/\/nazarene.org\/es\/news\/superintendente-general-a-hablar-en-la-celebracion-de-la-reforma-protestante\/#breadcrumb"},"inLanguage":"es","potentialAction":[{"@type":"ReadAction","target":["https:\/\/nazarene.org\/es\/news\/superintendente-general-a-hablar-en-la-celebracion-de-la-reforma-protestante\/"]}]},{"@type":"ImageObject","inLanguage":"es","@id":"https:\/\/nazarene.org\/es\/news\/superintendente-general-a-hablar-en-la-celebracion-de-la-reforma-protestante\/#primaryimage","url":"https:\/\/nazarene.org\/wp-content\/uploads\/migrated_images\/NCN%20News\/Resources\/WittenburgCongress2017b.jpg","contentUrl":"https:\/\/nazarene.org\/wp-content\/uploads\/migrated_images\/NCN%20News\/Resources\/WittenburgCongress2017b.jpg"},{"@type":"BreadcrumbList","@id":"https:\/\/nazarene.org\/es\/news\/superintendente-general-a-hablar-en-la-celebracion-de-la-reforma-protestante\/#breadcrumb","itemListElement":[{"@type":"ListItem","position":1,"name":"Home","item":"https:\/\/nazarene.org\/es\/inicio\/"},{"@type":"ListItem","position":2,"name":"News","item":"https:\/\/nazarene.org\/es\/news\/"},{"@type":"ListItem","position":3,"name":"Superintendente general a hablar en la celebraci\u00f3n de la Reforma Protestante"}]},{"@type":"WebSite","@id":"https:\/\/nazarene.org\/es\/#website","url":"https:\/\/nazarene.org\/es\/","name":"Church of the Nazarene","description":"Making Christlike Disciples in the Nations","publisher":{"@id":"https:\/\/nazarene.org\/es\/#organization"},"potentialAction":[{"@type":"SearchAction","target":{"@type":"EntryPoint","urlTemplate":"https:\/\/nazarene.org\/es\/?s={search_term_string}"},"query-input":{"@type":"PropertyValueSpecification","valueRequired":true,"valueName":"search_term_string"}}],"inLanguage":"es"},{"@type":"Organization","@id":"https:\/\/nazarene.org\/es\/#organization","name":"Church of the Nazarene","url":"https:\/\/nazarene.org\/es\/","logo":{"@type":"ImageObject","inLanguage":"es","@id":"https:\/\/nazarene.org\/es\/#\/schema\/logo\/image\/","url":"https:\/\/nazarene.org\/wp-content\/uploads\/2024\/06\/Naz_Desktop_Black_Logo-1.svg","contentUrl":"https:\/\/nazarene.org\/wp-content\/uploads\/2024\/06\/Naz_Desktop_Black_Logo-1.svg","width":258,"height":36,"caption":"Church of the Nazarene"},"image":{"@id":"https:\/\/nazarene.org\/es\/#\/schema\/logo\/image\/"},"sameAs":["https:\/\/www.facebook.com\/NazareneOfficial\/","https:\/\/x.com\/Nazarene","https:\/\/www.instagram.com\/nazareneofficial\/"]}]}},"_links":{"self":[{"href":"https:\/\/nazarene.org\/es\/wp-json\/wp\/v2\/news\/53345","targetHints":{"allow":["GET"]}}],"collection":[{"href":"https:\/\/nazarene.org\/es\/wp-json\/wp\/v2\/news"}],"about":[{"href":"https:\/\/nazarene.org\/es\/wp-json\/wp\/v2\/types\/news"}],"author":[{"embeddable":true,"href":"https:\/\/nazarene.org\/es\/wp-json\/wp\/v2\/users\/1"}],"version-history":[{"count":0,"href":"https:\/\/nazarene.org\/es\/wp-json\/wp\/v2\/news\/53345\/revisions"}],"wp:attachment":[{"href":"https:\/\/nazarene.org\/es\/wp-json\/wp\/v2\/media?parent=53345"}],"wp:term":[{"taxonomy":"news-categories","embeddable":true,"href":"https:\/\/nazarene.org\/es\/wp-json\/wp\/v2\/news-categories?post=53345"},{"taxonomy":"news-region-taxonomy","embeddable":true,"href":"https:\/\/nazarene.org\/es\/wp-json\/wp\/v2\/news-region-taxonomy?post=53345"},{"taxonomy":"news-tag","embeddable":true,"href":"https:\/\/nazarene.org\/es\/wp-json\/wp\/v2\/news-tag?post=53345"}],"curies":[{"name":"wp","href":"https:\/\/api.w.org\/{rel}","templated":true}]}}