{"id":49707,"date":"2020-09-11T00:00:00","date_gmt":"2020-09-11T05:00:00","guid":{"rendered":"https:\/\/nazarene.org\/news\/celebrar-el-legado-de-harold-graves-sr\/"},"modified":"2020-09-11T00:00:00","modified_gmt":"2020-09-11T05:00:00","slug":"celebrar-el-legado-de-harold-graves-sr","status":"publish","type":"news","link":"https:\/\/nazarene.org\/es\/news\/celebrar-el-legado-de-harold-graves-sr\/","title":{"rendered":"Celebrar el legado de Harold Graves Sr."},"content":{"rendered":"<p>Harold B. Graves Sr., 92, de Georgetown, Texas, muri\u00f3 el 9 de septiembre de 2020. Era un superintendente de distrito jubilado y ministro. Es el padre del actual Superintendente General David Graves y el presidente del Colegio B\u00edblico Nazareno, Harold Graves Jr.<\/p>\n<p>Harold B. Graves naci\u00f3 el 12 de octubre de 1927 en Nashville, Tennessee. M\u00e1s tarde en su infancia, su familia se mud\u00f3 a Franklin, Tennessee, donde se gradu\u00f3 de la escuela secundaria. Se cas\u00f3 con Bettie Eby en 1949 y comenz\u00f3 a asistir a Trevecca Nazarene College (ahora la Universidad).<\/p>\n<p>Recibi\u00f3 una licenciatura en el ministerio de Trevecca en 1952, y en 1981 recibi\u00f3 su Doctorado de Divinidad de Mount Vernon Nazarene College (ahora la Universidad).<\/p>\n<p>Comenz\u00f3 su ministerio como un estudiante universitario, pastoreando la Primera Iglesia Waverly de la Nazarena de 1951 a 1952. Sirvi\u00f3 como evangelista en Tennessee hasta 1953, cuando regres\u00f3 al pastorado en la Primera Iglesia Gallatin de la Nazarena (1953-1956). Tambi\u00e9n sirvi\u00f3 en la Antigua Iglesia Hickory de la Nazarena (1956-1963) y la Primera Iglesia de Clarksville de la Nazarena (1963-1968) antes de mudarse a Indiana al pastor Gary Glen Park de la Nazarena (1968-1973). En 1973, se convirti\u00f3 en pastor en la Iglesia de Cincinnati Springdale de la Nazarena, donde sirvi\u00f3 hasta 1975, cuando recibi\u00f3 la llamada a convertirse en el superintendente del Distrito de San Antonio.&nbsp;<\/p>\n<p>Lider\u00f3 el Distrito de San Antonio hasta 1980, cuando se convirti\u00f3 en superintendente del Distrito de Southwestern de Ohio. Lider\u00f3 el Distrito de Southwestern de Ohio durante 20 a\u00f1os hasta su jubilaci\u00f3n en 2000.&nbsp;<\/p>\n<p>Le sobreviven su esposa, Bettie, hijos Harold Jr., David y Ty, hijas Brenda Graves-Johnson y Cheri Graves-Alderman, catorce nietos y veintinueve grandes nietos.<\/p>\n","protected":false},"excerpt":{"rendered":"<p>Harold B. Graves Sr., 92, de Georgetown, Texas, muri\u00f3 el 9 de septiembre de 2020. Era un superintendente de distrito jubilado y ministro, sirviendo a la Iglesia de la Nazarena durante m\u00e1s de 50 a\u00f1os.<\/p>\n","protected":false},"author":1,"featured_media":26474,"menu_order":0,"template":"","news-categories":[],"news-region-taxonomy":[],"news-tag":[764,828,792,1484,1595],"class_list":["post-49707","news","type-news","status-publish","has-post-thumbnail","hentry","news-tag-ee-uu-canada","news-tag-ohio-es","news-tag-pasos","news-tag-tennessee-es","news-tag-texas-es"],"yoast_head":"<!-- This site is optimized with the Yoast SEO Premium plugin v27.1 (Yoast SEO v27.1.1) - https:\/\/yoast.com\/product\/yoast-seo-premium-wordpress\/ -->\n<title>Celebrar el legado de Harold Graves Sr. - Church of the Nazarene<\/title>\n<meta name=\"robots\" content=\"index, follow, max-snippet:-1, max-image-preview:large, max-video-preview:-1\" \/>\n<link rel=\"canonical\" href=\"https:\/\/nazarene.org\/es\/news\/celebrar-el-legado-de-harold-graves-sr\/\" \/>\n<meta property=\"og:locale\" content=\"es_ES\" \/>\n<meta property=\"og:type\" content=\"article\" \/>\n<meta property=\"og:title\" content=\"Celebrar el legado de Harold Graves Sr.\" \/>\n<meta property=\"og:description\" content=\"Harold B. Graves Sr., 92, de Georgetown, Texas, muri\u00f3 el 9 de septiembre de 2020. Era un superintendente de distrito jubilado y ministro, sirviendo a la Iglesia de la Nazarena durante m\u00e1s de 50 a\u00f1os.\" \/>\n<meta property=\"og:url\" content=\"https:\/\/nazarene.org\/es\/news\/celebrar-el-legado-de-harold-graves-sr\/\" \/>\n<meta property=\"og:site_name\" content=\"Church of the Nazarene\" \/>\n<meta property=\"article:publisher\" content=\"https:\/\/www.facebook.com\/NazareneOfficial\/\" \/>\n<meta name=\"twitter:card\" content=\"summary_large_image\" \/>\n<meta name=\"twitter:site\" content=\"@Nazarene\" \/>\n<script type=\"application\/ld+json\" class=\"yoast-schema-graph\">{\"@context\":\"https:\/\/schema.org\",\"@graph\":[{\"@type\":\"WebPage\",\"@id\":\"https:\/\/nazarene.org\/es\/news\/celebrar-el-legado-de-harold-graves-sr\/\",\"url\":\"https:\/\/nazarene.org\/es\/news\/celebrar-el-legado-de-harold-graves-sr\/\",\"name\":\"Celebrar el legado de Harold Graves Sr. - Church of the Nazarene\",\"isPartOf\":{\"@id\":\"https:\/\/nazarene.org\/es\/#website\"},\"primaryImageOfPage\":{\"@id\":\"https:\/\/nazarene.org\/es\/news\/celebrar-el-legado-de-harold-graves-sr\/#primaryimage\"},\"image\":{\"@id\":\"https:\/\/nazarene.org\/es\/news\/celebrar-el-legado-de-harold-graves-sr\/#primaryimage\"},\"thumbnailUrl\":\"https:\/\/nazarene.org\/wp-content\/uploads\/2025\/02\/Harold-Graves.jpg\",\"datePublished\":\"2020-09-11T05:00:00+00:00\",\"breadcrumb\":{\"@id\":\"https:\/\/nazarene.org\/es\/news\/celebrar-el-legado-de-harold-graves-sr\/#breadcrumb\"},\"inLanguage\":\"es\",\"potentialAction\":[{\"@type\":\"ReadAction\",\"target\":[\"https:\/\/nazarene.org\/es\/news\/celebrar-el-legado-de-harold-graves-sr\/\"]}]},{\"@type\":\"ImageObject\",\"inLanguage\":\"es\",\"@id\":\"https:\/\/nazarene.org\/es\/news\/celebrar-el-legado-de-harold-graves-sr\/#primaryimage\",\"url\":\"https:\/\/nazarene.org\/wp-content\/uploads\/2025\/02\/Harold-Graves.jpg\",\"contentUrl\":\"https:\/\/nazarene.org\/wp-content\/uploads\/2025\/02\/Harold-Graves.jpg\",\"width\":750,\"height\":400},{\"@type\":\"BreadcrumbList\",\"@id\":\"https:\/\/nazarene.org\/es\/news\/celebrar-el-legado-de-harold-graves-sr\/#breadcrumb\",\"itemListElement\":[{\"@type\":\"ListItem\",\"position\":1,\"name\":\"Home\",\"item\":\"https:\/\/nazarene.org\/es\/inicio\/\"},{\"@type\":\"ListItem\",\"position\":2,\"name\":\"News\",\"item\":\"https:\/\/nazarene.org\/es\/news\/\"},{\"@type\":\"ListItem\",\"position\":3,\"name\":\"Celebrar el legado de Harold Graves Sr.\"}]},{\"@type\":\"WebSite\",\"@id\":\"https:\/\/nazarene.org\/es\/#website\",\"url\":\"https:\/\/nazarene.org\/es\/\",\"name\":\"Church of the Nazarene\",\"description\":\"Making Christlike Disciples in the Nations\",\"publisher\":{\"@id\":\"https:\/\/nazarene.org\/es\/#organization\"},\"potentialAction\":[{\"@type\":\"SearchAction\",\"target\":{\"@type\":\"EntryPoint\",\"urlTemplate\":\"https:\/\/nazarene.org\/es\/?s={search_term_string}\"},\"query-input\":{\"@type\":\"PropertyValueSpecification\",\"valueRequired\":true,\"valueName\":\"search_term_string\"}}],\"inLanguage\":\"es\"},{\"@type\":\"Organization\",\"@id\":\"https:\/\/nazarene.org\/es\/#organization\",\"name\":\"Church of the Nazarene\",\"url\":\"https:\/\/nazarene.org\/es\/\",\"logo\":{\"@type\":\"ImageObject\",\"inLanguage\":\"es\",\"@id\":\"https:\/\/nazarene.org\/es\/#\/schema\/logo\/image\/\",\"url\":\"https:\/\/nazarene.org\/wp-content\/uploads\/2024\/06\/Naz_Desktop_Black_Logo-1.svg\",\"contentUrl\":\"https:\/\/nazarene.org\/wp-content\/uploads\/2024\/06\/Naz_Desktop_Black_Logo-1.svg\",\"width\":258,\"height\":36,\"caption\":\"Church of the Nazarene\"},\"image\":{\"@id\":\"https:\/\/nazarene.org\/es\/#\/schema\/logo\/image\/\"},\"sameAs\":[\"https:\/\/www.facebook.com\/NazareneOfficial\/\",\"https:\/\/x.com\/Nazarene\",\"https:\/\/www.instagram.com\/nazareneofficial\/\"]}]}<\/script>\n<!-- \/ Yoast SEO Premium plugin. -->","yoast_head_json":{"title":"Celebrar el legado de Harold Graves Sr. - Church of the Nazarene","robots":{"index":"index","follow":"follow","max-snippet":"max-snippet:-1","max-image-preview":"max-image-preview:large","max-video-preview":"max-video-preview:-1"},"canonical":"https:\/\/nazarene.org\/es\/news\/celebrar-el-legado-de-harold-graves-sr\/","og_locale":"es_ES","og_type":"article","og_title":"Celebrar el legado de Harold Graves Sr.","og_description":"Harold B. Graves Sr., 92, de Georgetown, Texas, muri\u00f3 el 9 de septiembre de 2020. Era un superintendente de distrito jubilado y ministro, sirviendo a la Iglesia de la Nazarena durante m\u00e1s de 50 a\u00f1os.","og_url":"https:\/\/nazarene.org\/es\/news\/celebrar-el-legado-de-harold-graves-sr\/","og_site_name":"Church of the Nazarene","article_publisher":"https:\/\/www.facebook.com\/NazareneOfficial\/","twitter_card":"summary_large_image","twitter_site":"@Nazarene","schema":{"@context":"https:\/\/schema.org","@graph":[{"@type":"WebPage","@id":"https:\/\/nazarene.org\/es\/news\/celebrar-el-legado-de-harold-graves-sr\/","url":"https:\/\/nazarene.org\/es\/news\/celebrar-el-legado-de-harold-graves-sr\/","name":"Celebrar el legado de Harold Graves Sr. - Church of the Nazarene","isPartOf":{"@id":"https:\/\/nazarene.org\/es\/#website"},"primaryImageOfPage":{"@id":"https:\/\/nazarene.org\/es\/news\/celebrar-el-legado-de-harold-graves-sr\/#primaryimage"},"image":{"@id":"https:\/\/nazarene.org\/es\/news\/celebrar-el-legado-de-harold-graves-sr\/#primaryimage"},"thumbnailUrl":"https:\/\/nazarene.org\/wp-content\/uploads\/2025\/02\/Harold-Graves.jpg","datePublished":"2020-09-11T05:00:00+00:00","breadcrumb":{"@id":"https:\/\/nazarene.org\/es\/news\/celebrar-el-legado-de-harold-graves-sr\/#breadcrumb"},"inLanguage":"es","potentialAction":[{"@type":"ReadAction","target":["https:\/\/nazarene.org\/es\/news\/celebrar-el-legado-de-harold-graves-sr\/"]}]},{"@type":"ImageObject","inLanguage":"es","@id":"https:\/\/nazarene.org\/es\/news\/celebrar-el-legado-de-harold-graves-sr\/#primaryimage","url":"https:\/\/nazarene.org\/wp-content\/uploads\/2025\/02\/Harold-Graves.jpg","contentUrl":"https:\/\/nazarene.org\/wp-content\/uploads\/2025\/02\/Harold-Graves.jpg","width":750,"height":400},{"@type":"BreadcrumbList","@id":"https:\/\/nazarene.org\/es\/news\/celebrar-el-legado-de-harold-graves-sr\/#breadcrumb","itemListElement":[{"@type":"ListItem","position":1,"name":"Home","item":"https:\/\/nazarene.org\/es\/inicio\/"},{"@type":"ListItem","position":2,"name":"News","item":"https:\/\/nazarene.org\/es\/news\/"},{"@type":"ListItem","position":3,"name":"Celebrar el legado de Harold Graves Sr."}]},{"@type":"WebSite","@id":"https:\/\/nazarene.org\/es\/#website","url":"https:\/\/nazarene.org\/es\/","name":"Church of the Nazarene","description":"Making Christlike Disciples in the Nations","publisher":{"@id":"https:\/\/nazarene.org\/es\/#organization"},"potentialAction":[{"@type":"SearchAction","target":{"@type":"EntryPoint","urlTemplate":"https:\/\/nazarene.org\/es\/?s={search_term_string}"},"query-input":{"@type":"PropertyValueSpecification","valueRequired":true,"valueName":"search_term_string"}}],"inLanguage":"es"},{"@type":"Organization","@id":"https:\/\/nazarene.org\/es\/#organization","name":"Church of the Nazarene","url":"https:\/\/nazarene.org\/es\/","logo":{"@type":"ImageObject","inLanguage":"es","@id":"https:\/\/nazarene.org\/es\/#\/schema\/logo\/image\/","url":"https:\/\/nazarene.org\/wp-content\/uploads\/2024\/06\/Naz_Desktop_Black_Logo-1.svg","contentUrl":"https:\/\/nazarene.org\/wp-content\/uploads\/2024\/06\/Naz_Desktop_Black_Logo-1.svg","width":258,"height":36,"caption":"Church of the Nazarene"},"image":{"@id":"https:\/\/nazarene.org\/es\/#\/schema\/logo\/image\/"},"sameAs":["https:\/\/www.facebook.com\/NazareneOfficial\/","https:\/\/x.com\/Nazarene","https:\/\/www.instagram.com\/nazareneofficial\/"]}]}},"_links":{"self":[{"href":"https:\/\/nazarene.org\/es\/wp-json\/wp\/v2\/news\/49707","targetHints":{"allow":["GET"]}}],"collection":[{"href":"https:\/\/nazarene.org\/es\/wp-json\/wp\/v2\/news"}],"about":[{"href":"https:\/\/nazarene.org\/es\/wp-json\/wp\/v2\/types\/news"}],"author":[{"embeddable":true,"href":"https:\/\/nazarene.org\/es\/wp-json\/wp\/v2\/users\/1"}],"version-history":[{"count":0,"href":"https:\/\/nazarene.org\/es\/wp-json\/wp\/v2\/news\/49707\/revisions"}],"wp:featuredmedia":[{"embeddable":true,"href":"https:\/\/nazarene.org\/es\/wp-json\/wp\/v2\/media\/26474"}],"wp:attachment":[{"href":"https:\/\/nazarene.org\/es\/wp-json\/wp\/v2\/media?parent=49707"}],"wp:term":[{"taxonomy":"news-categories","embeddable":true,"href":"https:\/\/nazarene.org\/es\/wp-json\/wp\/v2\/news-categories?post=49707"},{"taxonomy":"news-region-taxonomy","embeddable":true,"href":"https:\/\/nazarene.org\/es\/wp-json\/wp\/v2\/news-region-taxonomy?post=49707"},{"taxonomy":"news-tag","embeddable":true,"href":"https:\/\/nazarene.org\/es\/wp-json\/wp\/v2\/news-tag?post=49707"}],"curies":[{"name":"wp","href":"https:\/\/api.w.org\/{rel}","templated":true}]}}