{"id":48623,"date":"2021-07-02T00:00:00","date_gmt":"2021-07-02T05:00:00","guid":{"rendered":"https:\/\/nazarene.org\/news\/la-celebracion-de-grace-une-a-mas-de-65000-nazarenos\/"},"modified":"2021-07-02T00:00:00","modified_gmt":"2021-07-02T05:00:00","slug":"la-celebracion-de-grace-une-a-mas-de-65000-nazarenos","status":"publish","type":"news","link":"https:\/\/nazarene.org\/es\/news\/la-celebracion-de-grace-une-a-mas-de-65000-nazarenos\/","title":{"rendered":"La celebraci\u00f3n de Grace une a m\u00e1s de 65,000 nazarenos"},"content":{"rendered":"<p>Una Celebraci\u00f3n de Grace, el segundo servicio virtual de la denominaci\u00f3n, reuni\u00f3 a m\u00e1s de 65,000 nazarenos de 111 pa\u00edses del 26 al 27 de junio de 2021. El servicio de una hora fue transmitido en &nbsp;vivo en m\u00faltiples plataformas en los cinco idiomas principales de la denominaci\u00f3n: ingl\u00e9s, espa\u00f1ol, franc\u00e9s, portugu\u00e9s y coreano.<\/p>\n<p>En nombre de la Junta de Superintendentes Generales, quiero expresar nuestra profunda gratitud por los incre\u00edbles talentos de nuestros l\u00edderes de adoraci\u00f3n nazarenos de todo el mundo, dijo el General Superintendente &nbsp;Fili Chambo. El equipo de medios hizo un excelente trabajo de producir un servicio que destaca nuestra identidad global y la unicidad en Cristo. Qu\u00e9 bendici\u00f3n ha sido leer comentarios y publicaciones de nazarenos de todo el mundo expresando emoci\u00f3n y el compromiso con el mensaje de la salvaci\u00f3n completa.<\/p>\n<p><i>Orquesta Infanto Juvenil<\/i>, una orquesta juvenil del Distrito de Sierra Centro de Ecuador, abri\u00f3 el servicio con una versi\u00f3n instrumental de \u00abAmazing Grace\u00bb. El servicio present\u00f3 cuatro canciones en nueve idiomas con m\u00e1s de 100 cantantes y m\u00fasicos nazarenos<\/p>\n<p>Alabar a Dios, escribi\u00f3 Dianalyn Quinoviva de Filipinas. Es tan abrumador ver la belleza de adorar juntos en la m\u00fasica y en Su palabra.<\/p>\n<p>Cada uno de los seis superintendentes generales comparti\u00f3 un mensaje relacionado con Un Viaje de la Gracia, la iniciativa de discipulado denominacional basada en las palabras de Jes\u00fas en Juan 14:6: \u00abSoy el camino, la verdad y la vida\u00bb.&nbsp;<\/p>\n<p>Ha sido impresionante caminar a trav\u00e9s de la serie Journey of Grace en nuestra iglesia local, sumergirse en <i>Way, Truth, Life<\/i> del Dr. David Busic, y ahora ser testigo de nuestra familia global de la iglesia en un servicio especial en l\u00ednea titulado Una Celebraci\u00f3n de Grace, escribi\u00f3 Matt Gargiulo de Indiana, Estados Unidos. Agradecido por mi Iglesia y el incre\u00edble regalo de la gracia de Dios.<\/p>\n<p>Los sermones se enfocaron en el papel de la gracia en la vida de los creyentes mientras crecen de ninguna fe a una nueva fe a la fe madura.<\/p>\n<p>Estoy en l\u00e1grimas porque me doy cuenta del inmenso amor de Dios en Cristo por m\u00ed por este hermoso servicio, dijo Patient Nawej.<\/p>\n<p>La transmisi\u00f3n en vivo de 24 horas estaba disponible a trav\u00e9s de Facebook Live y Church Online adem\u00e1s de estar disponible para descargar en Vimeo. Los espectadores pudieron interactuar en la secci\u00f3n de comentarios de ambas plataformas de transmisi\u00f3n, reuniendo a nazarenos de todos los rincones del globo.<\/p>\n<p>Muy bueno ver a nuestros hermanos de todo el mundo, escribi\u00f3 Fernanda Demoraes de Brasil. Somos un pueblo,<\/p>\n<p>El servicio coincidi\u00f3 con las fechas originales de la <a href=\"https:\/\/nazarene.org\/generalassembly\/\" target=\"_blank\">30\u00aa Asamblea General<\/a>, programada anteriormente para el 23 de junio al 2 de julio de 2021.&nbsp;<\/p>\n<p>Gracias por este servicio, escribi\u00f3 Amy de Oklahoma, Estados Unidos. Mi coraz\u00f3n ha estado anhelando la Asamblea General y esta es una bendici\u00f3n.<\/p>\n<p>Para ver el servicio completo en cinco idiomas o acceder a las canciones individualmente, haga &nbsp;<a href=\"https:\/\/nazarene.org\/celebration-of-grace\">clic aqu\u00ed<\/a>.<\/p>\n","protected":false},"excerpt":{"rendered":"<p>Una Celebraci\u00f3n de Grace, el segundo servicio virtual de la denominaci\u00f3n, reuni\u00f3 a m\u00e1s de 65,000 nazarenos de 111 pa\u00edses del 26 al 27 de junio de 2021. El servicio present\u00f3 cuatro canciones en nueve idiomas con m\u00e1s de 100 cantantes y m\u00fasicos nazarenos<\/p>\n","protected":false},"author":1,"featured_media":27514,"menu_order":0,"template":"","news-categories":[],"news-region-taxonomy":[],"news-tag":[757,1667],"class_list":["post-48623","news","type-news","status-publish","has-post-thumbnail","hentry","news-tag-anuncios-de-gmc","news-tag-bgs-es"],"yoast_head":"<!-- This site is optimized with the Yoast SEO Premium plugin v27.1 (Yoast SEO v27.1.1) - https:\/\/yoast.com\/product\/yoast-seo-premium-wordpress\/ -->\n<title>La celebraci\u00f3n de Grace une a m\u00e1s de 65,000 nazarenos - Church of the Nazarene<\/title>\n<meta name=\"robots\" content=\"index, follow, max-snippet:-1, max-image-preview:large, max-video-preview:-1\" \/>\n<link rel=\"canonical\" href=\"https:\/\/nazarene.org\/es\/news\/la-celebracion-de-grace-une-a-mas-de-65000-nazarenos\/\" \/>\n<meta property=\"og:locale\" content=\"es_ES\" \/>\n<meta property=\"og:type\" content=\"article\" \/>\n<meta property=\"og:title\" content=\"La celebraci\u00f3n de Grace une a m\u00e1s de 65,000 nazarenos\" \/>\n<meta property=\"og:description\" content=\"Una Celebraci\u00f3n de Grace, el segundo servicio virtual de la denominaci\u00f3n, reuni\u00f3 a m\u00e1s de 65,000 nazarenos de 111 pa\u00edses del 26 al 27 de junio de 2021. El servicio present\u00f3 cuatro canciones en nueve idiomas con m\u00e1s de 100 cantantes y m\u00fasicos nazarenos\" \/>\n<meta property=\"og:url\" content=\"https:\/\/nazarene.org\/es\/news\/la-celebracion-de-grace-une-a-mas-de-65000-nazarenos\/\" \/>\n<meta property=\"og:site_name\" content=\"Church of the Nazarene\" \/>\n<meta property=\"article:publisher\" content=\"https:\/\/www.facebook.com\/NazareneOfficial\/\" \/>\n<meta name=\"twitter:card\" content=\"summary_large_image\" \/>\n<meta name=\"twitter:site\" content=\"@Nazarene\" \/>\n<script type=\"application\/ld+json\" class=\"yoast-schema-graph\">{\"@context\":\"https:\/\/schema.org\",\"@graph\":[{\"@type\":\"WebPage\",\"@id\":\"https:\/\/nazarene.org\/es\/news\/la-celebracion-de-grace-une-a-mas-de-65000-nazarenos\/\",\"url\":\"https:\/\/nazarene.org\/es\/news\/la-celebracion-de-grace-une-a-mas-de-65000-nazarenos\/\",\"name\":\"La celebraci\u00f3n de Grace une a m\u00e1s de 65,000 nazarenos - Church of the Nazarene\",\"isPartOf\":{\"@id\":\"https:\/\/nazarene.org\/es\/#website\"},\"primaryImageOfPage\":{\"@id\":\"https:\/\/nazarene.org\/es\/news\/la-celebracion-de-grace-une-a-mas-de-65000-nazarenos\/#primaryimage\"},\"image\":{\"@id\":\"https:\/\/nazarene.org\/es\/news\/la-celebracion-de-grace-une-a-mas-de-65000-nazarenos\/#primaryimage\"},\"thumbnailUrl\":\"https:\/\/nazarene.org\/wp-content\/uploads\/2025\/02\/Celebration-of-Grace-1.png\",\"datePublished\":\"2021-07-02T05:00:00+00:00\",\"breadcrumb\":{\"@id\":\"https:\/\/nazarene.org\/es\/news\/la-celebracion-de-grace-une-a-mas-de-65000-nazarenos\/#breadcrumb\"},\"inLanguage\":\"es\",\"potentialAction\":[{\"@type\":\"ReadAction\",\"target\":[\"https:\/\/nazarene.org\/es\/news\/la-celebracion-de-grace-une-a-mas-de-65000-nazarenos\/\"]}]},{\"@type\":\"ImageObject\",\"inLanguage\":\"es\",\"@id\":\"https:\/\/nazarene.org\/es\/news\/la-celebracion-de-grace-une-a-mas-de-65000-nazarenos\/#primaryimage\",\"url\":\"https:\/\/nazarene.org\/wp-content\/uploads\/2025\/02\/Celebration-of-Grace-1.png\",\"contentUrl\":\"https:\/\/nazarene.org\/wp-content\/uploads\/2025\/02\/Celebration-of-Grace-1.png\",\"width\":750,\"height\":400},{\"@type\":\"BreadcrumbList\",\"@id\":\"https:\/\/nazarene.org\/es\/news\/la-celebracion-de-grace-une-a-mas-de-65000-nazarenos\/#breadcrumb\",\"itemListElement\":[{\"@type\":\"ListItem\",\"position\":1,\"name\":\"Home\",\"item\":\"https:\/\/nazarene.org\/es\/inicio\/\"},{\"@type\":\"ListItem\",\"position\":2,\"name\":\"News\",\"item\":\"https:\/\/nazarene.org\/es\/news\/\"},{\"@type\":\"ListItem\",\"position\":3,\"name\":\"La celebraci\u00f3n de Grace une a m\u00e1s de 65,000 nazarenos\"}]},{\"@type\":\"WebSite\",\"@id\":\"https:\/\/nazarene.org\/es\/#website\",\"url\":\"https:\/\/nazarene.org\/es\/\",\"name\":\"Church of the Nazarene\",\"description\":\"Making Christlike Disciples in the Nations\",\"publisher\":{\"@id\":\"https:\/\/nazarene.org\/es\/#organization\"},\"potentialAction\":[{\"@type\":\"SearchAction\",\"target\":{\"@type\":\"EntryPoint\",\"urlTemplate\":\"https:\/\/nazarene.org\/es\/?s={search_term_string}\"},\"query-input\":{\"@type\":\"PropertyValueSpecification\",\"valueRequired\":true,\"valueName\":\"search_term_string\"}}],\"inLanguage\":\"es\"},{\"@type\":\"Organization\",\"@id\":\"https:\/\/nazarene.org\/es\/#organization\",\"name\":\"Church of the Nazarene\",\"url\":\"https:\/\/nazarene.org\/es\/\",\"logo\":{\"@type\":\"ImageObject\",\"inLanguage\":\"es\",\"@id\":\"https:\/\/nazarene.org\/es\/#\/schema\/logo\/image\/\",\"url\":\"https:\/\/nazarene.org\/wp-content\/uploads\/2024\/06\/Naz_Desktop_Black_Logo-1.svg\",\"contentUrl\":\"https:\/\/nazarene.org\/wp-content\/uploads\/2024\/06\/Naz_Desktop_Black_Logo-1.svg\",\"width\":258,\"height\":36,\"caption\":\"Church of the Nazarene\"},\"image\":{\"@id\":\"https:\/\/nazarene.org\/es\/#\/schema\/logo\/image\/\"},\"sameAs\":[\"https:\/\/www.facebook.com\/NazareneOfficial\/\",\"https:\/\/x.com\/Nazarene\",\"https:\/\/www.instagram.com\/nazareneofficial\/\"]}]}<\/script>\n<!-- \/ Yoast SEO Premium plugin. -->","yoast_head_json":{"title":"La celebraci\u00f3n de Grace une a m\u00e1s de 65,000 nazarenos - Church of the Nazarene","robots":{"index":"index","follow":"follow","max-snippet":"max-snippet:-1","max-image-preview":"max-image-preview:large","max-video-preview":"max-video-preview:-1"},"canonical":"https:\/\/nazarene.org\/es\/news\/la-celebracion-de-grace-une-a-mas-de-65000-nazarenos\/","og_locale":"es_ES","og_type":"article","og_title":"La celebraci\u00f3n de Grace une a m\u00e1s de 65,000 nazarenos","og_description":"Una Celebraci\u00f3n de Grace, el segundo servicio virtual de la denominaci\u00f3n, reuni\u00f3 a m\u00e1s de 65,000 nazarenos de 111 pa\u00edses del 26 al 27 de junio de 2021. El servicio present\u00f3 cuatro canciones en nueve idiomas con m\u00e1s de 100 cantantes y m\u00fasicos nazarenos","og_url":"https:\/\/nazarene.org\/es\/news\/la-celebracion-de-grace-une-a-mas-de-65000-nazarenos\/","og_site_name":"Church of the Nazarene","article_publisher":"https:\/\/www.facebook.com\/NazareneOfficial\/","twitter_card":"summary_large_image","twitter_site":"@Nazarene","schema":{"@context":"https:\/\/schema.org","@graph":[{"@type":"WebPage","@id":"https:\/\/nazarene.org\/es\/news\/la-celebracion-de-grace-une-a-mas-de-65000-nazarenos\/","url":"https:\/\/nazarene.org\/es\/news\/la-celebracion-de-grace-une-a-mas-de-65000-nazarenos\/","name":"La celebraci\u00f3n de Grace une a m\u00e1s de 65,000 nazarenos - Church of the Nazarene","isPartOf":{"@id":"https:\/\/nazarene.org\/es\/#website"},"primaryImageOfPage":{"@id":"https:\/\/nazarene.org\/es\/news\/la-celebracion-de-grace-une-a-mas-de-65000-nazarenos\/#primaryimage"},"image":{"@id":"https:\/\/nazarene.org\/es\/news\/la-celebracion-de-grace-une-a-mas-de-65000-nazarenos\/#primaryimage"},"thumbnailUrl":"https:\/\/nazarene.org\/wp-content\/uploads\/2025\/02\/Celebration-of-Grace-1.png","datePublished":"2021-07-02T05:00:00+00:00","breadcrumb":{"@id":"https:\/\/nazarene.org\/es\/news\/la-celebracion-de-grace-une-a-mas-de-65000-nazarenos\/#breadcrumb"},"inLanguage":"es","potentialAction":[{"@type":"ReadAction","target":["https:\/\/nazarene.org\/es\/news\/la-celebracion-de-grace-une-a-mas-de-65000-nazarenos\/"]}]},{"@type":"ImageObject","inLanguage":"es","@id":"https:\/\/nazarene.org\/es\/news\/la-celebracion-de-grace-une-a-mas-de-65000-nazarenos\/#primaryimage","url":"https:\/\/nazarene.org\/wp-content\/uploads\/2025\/02\/Celebration-of-Grace-1.png","contentUrl":"https:\/\/nazarene.org\/wp-content\/uploads\/2025\/02\/Celebration-of-Grace-1.png","width":750,"height":400},{"@type":"BreadcrumbList","@id":"https:\/\/nazarene.org\/es\/news\/la-celebracion-de-grace-une-a-mas-de-65000-nazarenos\/#breadcrumb","itemListElement":[{"@type":"ListItem","position":1,"name":"Home","item":"https:\/\/nazarene.org\/es\/inicio\/"},{"@type":"ListItem","position":2,"name":"News","item":"https:\/\/nazarene.org\/es\/news\/"},{"@type":"ListItem","position":3,"name":"La celebraci\u00f3n de Grace une a m\u00e1s de 65,000 nazarenos"}]},{"@type":"WebSite","@id":"https:\/\/nazarene.org\/es\/#website","url":"https:\/\/nazarene.org\/es\/","name":"Church of the Nazarene","description":"Making Christlike Disciples in the Nations","publisher":{"@id":"https:\/\/nazarene.org\/es\/#organization"},"potentialAction":[{"@type":"SearchAction","target":{"@type":"EntryPoint","urlTemplate":"https:\/\/nazarene.org\/es\/?s={search_term_string}"},"query-input":{"@type":"PropertyValueSpecification","valueRequired":true,"valueName":"search_term_string"}}],"inLanguage":"es"},{"@type":"Organization","@id":"https:\/\/nazarene.org\/es\/#organization","name":"Church of the Nazarene","url":"https:\/\/nazarene.org\/es\/","logo":{"@type":"ImageObject","inLanguage":"es","@id":"https:\/\/nazarene.org\/es\/#\/schema\/logo\/image\/","url":"https:\/\/nazarene.org\/wp-content\/uploads\/2024\/06\/Naz_Desktop_Black_Logo-1.svg","contentUrl":"https:\/\/nazarene.org\/wp-content\/uploads\/2024\/06\/Naz_Desktop_Black_Logo-1.svg","width":258,"height":36,"caption":"Church of the Nazarene"},"image":{"@id":"https:\/\/nazarene.org\/es\/#\/schema\/logo\/image\/"},"sameAs":["https:\/\/www.facebook.com\/NazareneOfficial\/","https:\/\/x.com\/Nazarene","https:\/\/www.instagram.com\/nazareneofficial\/"]}]}},"_links":{"self":[{"href":"https:\/\/nazarene.org\/es\/wp-json\/wp\/v2\/news\/48623","targetHints":{"allow":["GET"]}}],"collection":[{"href":"https:\/\/nazarene.org\/es\/wp-json\/wp\/v2\/news"}],"about":[{"href":"https:\/\/nazarene.org\/es\/wp-json\/wp\/v2\/types\/news"}],"author":[{"embeddable":true,"href":"https:\/\/nazarene.org\/es\/wp-json\/wp\/v2\/users\/1"}],"version-history":[{"count":0,"href":"https:\/\/nazarene.org\/es\/wp-json\/wp\/v2\/news\/48623\/revisions"}],"wp:featuredmedia":[{"embeddable":true,"href":"https:\/\/nazarene.org\/es\/wp-json\/wp\/v2\/media\/27514"}],"wp:attachment":[{"href":"https:\/\/nazarene.org\/es\/wp-json\/wp\/v2\/media?parent=48623"}],"wp:term":[{"taxonomy":"news-categories","embeddable":true,"href":"https:\/\/nazarene.org\/es\/wp-json\/wp\/v2\/news-categories?post=48623"},{"taxonomy":"news-region-taxonomy","embeddable":true,"href":"https:\/\/nazarene.org\/es\/wp-json\/wp\/v2\/news-region-taxonomy?post=48623"},{"taxonomy":"news-tag","embeddable":true,"href":"https:\/\/nazarene.org\/es\/wp-json\/wp\/v2\/news-tag?post=48623"}],"curies":[{"name":"wp","href":"https:\/\/api.w.org\/{rel}","templated":true}]}}