{"id":48481,"date":"2021-08-05T00:00:00","date_gmt":"2021-08-05T05:00:00","guid":{"rendered":"https:\/\/nazarene.org\/news\/la-iglesia-de-la-fundacion-nazarena-busca-un-nuevo-presidente\/"},"modified":"2021-08-05T00:00:00","modified_gmt":"2021-08-05T05:00:00","slug":"la-iglesia-de-la-fundacion-nazarena-busca-un-nuevo-presidente","status":"publish","type":"news","link":"https:\/\/nazarene.org\/es\/news\/la-iglesia-de-la-fundacion-nazarena-busca-un-nuevo-presidente\/","title":{"rendered":"La Iglesia de la Fundaci\u00f3n Nazarena busca un nuevo presidente"},"content":{"rendered":"<p>La Iglesia de la Fundaci\u00f3n Nazarena est\u00e1 buscando un nuevo &nbsp;presidente despu\u00e9s de la jubilaci\u00f3n de Kenneth R. Roney, que sirvi\u00f3 como presidente durante nueve a\u00f1os.&nbsp;<\/p>\n<p>Planeamos tener un nuevo presidente seleccionado para el 1 de febrero de 2022, en el tiempo para las reuniones globales de la iglesia programadas para ese mes, dijo Charles A. Davis Jr., presidente del Comit\u00e9 de B\u00fasqueda de la Fundaci\u00f3n. Hasta entonces, la Fundaci\u00f3n Nazarena est\u00e1 en buenas manos con Ken Roney como presidente interino y un excelente personal.&nbsp;<\/p>\n<p>La Iglesia de la Fundaci\u00f3n Nazarena tiene su sede en el Centro del Ministerio Global de la denominaci\u00f3n en Lenexa, Kansas. La Fundaci\u00f3n proporciona informaci\u00f3n y asistencia personal a aquellos que quieren hacer el mejor uso de los activos tangibles que Dios les ha dado, incluido proporcionar a sus propias familias y apoyar el trabajo de su iglesia local u otros ministerios preferidos.&nbsp;<\/p>\n<p>La Fundaci\u00f3n tambi\u00e9n se asocia con las iglesias locales y los ministerios nazarenos para proporcionar apoyo de planificaci\u00f3n de regalos, dar materiales de legado y administraci\u00f3n de inversiones profesional.&nbsp;<\/p>\n<p>El Comit\u00e9 de B\u00fasqueda ha preparado un anuncio de trabajo formal con detalles sobre la posici\u00f3n, que puede accederse <a href=\"https:\/\/cnf.nazarenefoundation.org\/_public\/files\/president_job_announcement.pdf\" target=\"_blank\">aqu\u00ed<\/a>. Todas las cartas de cobertura y los curr\u00edculos deben enviarse al comit\u00e9 antes del 1 de octubre de 2021.<\/p>\n<p>Lo invitamos a participar en el proceso de b\u00fasqueda y ayudar a la Junta de Directores de la Fundaci\u00f3n Nazarena a encontrar a la persona correcta para ser nuestro pr\u00f3ximo presidente.&nbsp;<\/p>\n<ul>\n<li>Ore sobre la oportunidad de servir en este papel del ministerio.&nbsp;<\/li>\n<li>Considere compartir este anuncio de trabajo con alguien que podr\u00eda tener un inter\u00e9s en la posici\u00f3n presidencial.&nbsp;<\/li>\n<li>Recomendar candidatos escribiendo a: <a href=\"mailto:presidentialsearch@nazarenefoundation.org%20\" target=\"_blank\">presidentialsearch@nazarenefoundation.org&nbsp;<\/a><\/li>\n<li>Comunica su inter\u00e9s escribiendo a: <a href=\"mailto:presidentialsearch@nazarenefoundation.org%20\" target=\"_blank\">presidentialsearch@nazarenefoundation.org<\/a>&nbsp;<\/li>\n<\/ul>\n<p>Toda la comunicaci\u00f3n permanecer\u00e1 confidencial. Las preguntas pueden dirigirse a Charles A. Davis Jr., presidente &nbsp;del Comit\u00e9 de B\u00fasqueda de la Fundaci\u00f3n Nazarena, en <a href=\"mailto:cdavis@nazarenefoundation.org\" target=\"_blank\">cdavis@nazarenefoundation.org<\/a>.&nbsp;<\/p>\n<p><a href=\"https:\/\/legacy.nazarenefoundation.org\/\" target=\"_blank\">Iglesia de la Fundaci\u00f3n Nazarena<\/a><\/p>\n","protected":false},"excerpt":{"rendered":"<p>La Iglesia de la Fundaci\u00f3n Nazarena est\u00e1 buscando un nuevo presidente despu\u00e9s de la jubilaci\u00f3n de Kenneth R. Roney, que sirvi\u00f3 como presidente durante nueve a\u00f1os. <\/p>\n","protected":false},"author":1,"featured_media":27626,"menu_order":0,"template":"","news-categories":[],"news-region-taxonomy":[],"news-tag":[757,2193],"class_list":["post-48481","news","type-news","status-publish","has-post-thumbnail","hentry","news-tag-anuncios-de-gmc","news-tag-fundacion-nazarena"],"yoast_head":"<!-- This site is optimized with the Yoast SEO Premium plugin v27.1 (Yoast SEO v27.1.1) - https:\/\/yoast.com\/product\/yoast-seo-premium-wordpress\/ -->\n<title>La Iglesia de la Fundaci\u00f3n Nazarena busca un nuevo presidente - Church of the Nazarene<\/title>\n<meta name=\"robots\" content=\"index, follow, max-snippet:-1, max-image-preview:large, max-video-preview:-1\" \/>\n<link rel=\"canonical\" href=\"https:\/\/nazarene.org\/es\/news\/la-iglesia-de-la-fundacion-nazarena-busca-un-nuevo-presidente\/\" \/>\n<meta property=\"og:locale\" content=\"es_ES\" \/>\n<meta property=\"og:type\" content=\"article\" \/>\n<meta property=\"og:title\" content=\"La Iglesia de la Fundaci\u00f3n Nazarena busca un nuevo presidente\" \/>\n<meta property=\"og:description\" content=\"La Iglesia de la Fundaci\u00f3n Nazarena est\u00e1 buscando un nuevo presidente despu\u00e9s de la jubilaci\u00f3n de Kenneth R. Roney, que sirvi\u00f3 como presidente durante nueve a\u00f1os.\" \/>\n<meta property=\"og:url\" content=\"https:\/\/nazarene.org\/es\/news\/la-iglesia-de-la-fundacion-nazarena-busca-un-nuevo-presidente\/\" \/>\n<meta property=\"og:site_name\" content=\"Church of the Nazarene\" \/>\n<meta property=\"article:publisher\" content=\"https:\/\/www.facebook.com\/NazareneOfficial\/\" \/>\n<meta name=\"twitter:card\" content=\"summary_large_image\" \/>\n<meta name=\"twitter:site\" content=\"@Nazarene\" \/>\n<script type=\"application\/ld+json\" class=\"yoast-schema-graph\">{\"@context\":\"https:\/\/schema.org\",\"@graph\":[{\"@type\":\"WebPage\",\"@id\":\"https:\/\/nazarene.org\/es\/news\/la-iglesia-de-la-fundacion-nazarena-busca-un-nuevo-presidente\/\",\"url\":\"https:\/\/nazarene.org\/es\/news\/la-iglesia-de-la-fundacion-nazarena-busca-un-nuevo-presidente\/\",\"name\":\"La Iglesia de la Fundaci\u00f3n Nazarena busca un nuevo presidente - Church of the Nazarene\",\"isPartOf\":{\"@id\":\"https:\/\/nazarene.org\/es\/#website\"},\"primaryImageOfPage\":{\"@id\":\"https:\/\/nazarene.org\/es\/news\/la-iglesia-de-la-fundacion-nazarena-busca-un-nuevo-presidente\/#primaryimage\"},\"image\":{\"@id\":\"https:\/\/nazarene.org\/es\/news\/la-iglesia-de-la-fundacion-nazarena-busca-un-nuevo-presidente\/#primaryimage\"},\"thumbnailUrl\":\"https:\/\/nazarene.org\/wp-content\/uploads\/2025\/02\/Foundry-Graphic_V1.jpg\",\"datePublished\":\"2021-08-05T05:00:00+00:00\",\"breadcrumb\":{\"@id\":\"https:\/\/nazarene.org\/es\/news\/la-iglesia-de-la-fundacion-nazarena-busca-un-nuevo-presidente\/#breadcrumb\"},\"inLanguage\":\"es\",\"potentialAction\":[{\"@type\":\"ReadAction\",\"target\":[\"https:\/\/nazarene.org\/es\/news\/la-iglesia-de-la-fundacion-nazarena-busca-un-nuevo-presidente\/\"]}]},{\"@type\":\"ImageObject\",\"inLanguage\":\"es\",\"@id\":\"https:\/\/nazarene.org\/es\/news\/la-iglesia-de-la-fundacion-nazarena-busca-un-nuevo-presidente\/#primaryimage\",\"url\":\"https:\/\/nazarene.org\/wp-content\/uploads\/2025\/02\/Foundry-Graphic_V1.jpg\",\"contentUrl\":\"https:\/\/nazarene.org\/wp-content\/uploads\/2025\/02\/Foundry-Graphic_V1.jpg\",\"width\":11460,\"height\":6116},{\"@type\":\"BreadcrumbList\",\"@id\":\"https:\/\/nazarene.org\/es\/news\/la-iglesia-de-la-fundacion-nazarena-busca-un-nuevo-presidente\/#breadcrumb\",\"itemListElement\":[{\"@type\":\"ListItem\",\"position\":1,\"name\":\"Home\",\"item\":\"https:\/\/nazarene.org\/es\/inicio\/\"},{\"@type\":\"ListItem\",\"position\":2,\"name\":\"News\",\"item\":\"https:\/\/nazarene.org\/es\/news\/\"},{\"@type\":\"ListItem\",\"position\":3,\"name\":\"La Iglesia de la Fundaci\u00f3n Nazarena busca un nuevo presidente\"}]},{\"@type\":\"WebSite\",\"@id\":\"https:\/\/nazarene.org\/es\/#website\",\"url\":\"https:\/\/nazarene.org\/es\/\",\"name\":\"Church of the Nazarene\",\"description\":\"Making Christlike Disciples in the Nations\",\"publisher\":{\"@id\":\"https:\/\/nazarene.org\/es\/#organization\"},\"potentialAction\":[{\"@type\":\"SearchAction\",\"target\":{\"@type\":\"EntryPoint\",\"urlTemplate\":\"https:\/\/nazarene.org\/es\/?s={search_term_string}\"},\"query-input\":{\"@type\":\"PropertyValueSpecification\",\"valueRequired\":true,\"valueName\":\"search_term_string\"}}],\"inLanguage\":\"es\"},{\"@type\":\"Organization\",\"@id\":\"https:\/\/nazarene.org\/es\/#organization\",\"name\":\"Church of the Nazarene\",\"url\":\"https:\/\/nazarene.org\/es\/\",\"logo\":{\"@type\":\"ImageObject\",\"inLanguage\":\"es\",\"@id\":\"https:\/\/nazarene.org\/es\/#\/schema\/logo\/image\/\",\"url\":\"https:\/\/nazarene.org\/wp-content\/uploads\/2024\/06\/Naz_Desktop_Black_Logo-1.svg\",\"contentUrl\":\"https:\/\/nazarene.org\/wp-content\/uploads\/2024\/06\/Naz_Desktop_Black_Logo-1.svg\",\"width\":258,\"height\":36,\"caption\":\"Church of the Nazarene\"},\"image\":{\"@id\":\"https:\/\/nazarene.org\/es\/#\/schema\/logo\/image\/\"},\"sameAs\":[\"https:\/\/www.facebook.com\/NazareneOfficial\/\",\"https:\/\/x.com\/Nazarene\",\"https:\/\/www.instagram.com\/nazareneofficial\/\"]}]}<\/script>\n<!-- \/ Yoast SEO Premium plugin. -->","yoast_head_json":{"title":"La Iglesia de la Fundaci\u00f3n Nazarena busca un nuevo presidente - Church of the Nazarene","robots":{"index":"index","follow":"follow","max-snippet":"max-snippet:-1","max-image-preview":"max-image-preview:large","max-video-preview":"max-video-preview:-1"},"canonical":"https:\/\/nazarene.org\/es\/news\/la-iglesia-de-la-fundacion-nazarena-busca-un-nuevo-presidente\/","og_locale":"es_ES","og_type":"article","og_title":"La Iglesia de la Fundaci\u00f3n Nazarena busca un nuevo presidente","og_description":"La Iglesia de la Fundaci\u00f3n Nazarena est\u00e1 buscando un nuevo presidente despu\u00e9s de la jubilaci\u00f3n de Kenneth R. Roney, que sirvi\u00f3 como presidente durante nueve a\u00f1os.","og_url":"https:\/\/nazarene.org\/es\/news\/la-iglesia-de-la-fundacion-nazarena-busca-un-nuevo-presidente\/","og_site_name":"Church of the Nazarene","article_publisher":"https:\/\/www.facebook.com\/NazareneOfficial\/","twitter_card":"summary_large_image","twitter_site":"@Nazarene","schema":{"@context":"https:\/\/schema.org","@graph":[{"@type":"WebPage","@id":"https:\/\/nazarene.org\/es\/news\/la-iglesia-de-la-fundacion-nazarena-busca-un-nuevo-presidente\/","url":"https:\/\/nazarene.org\/es\/news\/la-iglesia-de-la-fundacion-nazarena-busca-un-nuevo-presidente\/","name":"La Iglesia de la Fundaci\u00f3n Nazarena busca un nuevo presidente - Church of the Nazarene","isPartOf":{"@id":"https:\/\/nazarene.org\/es\/#website"},"primaryImageOfPage":{"@id":"https:\/\/nazarene.org\/es\/news\/la-iglesia-de-la-fundacion-nazarena-busca-un-nuevo-presidente\/#primaryimage"},"image":{"@id":"https:\/\/nazarene.org\/es\/news\/la-iglesia-de-la-fundacion-nazarena-busca-un-nuevo-presidente\/#primaryimage"},"thumbnailUrl":"https:\/\/nazarene.org\/wp-content\/uploads\/2025\/02\/Foundry-Graphic_V1.jpg","datePublished":"2021-08-05T05:00:00+00:00","breadcrumb":{"@id":"https:\/\/nazarene.org\/es\/news\/la-iglesia-de-la-fundacion-nazarena-busca-un-nuevo-presidente\/#breadcrumb"},"inLanguage":"es","potentialAction":[{"@type":"ReadAction","target":["https:\/\/nazarene.org\/es\/news\/la-iglesia-de-la-fundacion-nazarena-busca-un-nuevo-presidente\/"]}]},{"@type":"ImageObject","inLanguage":"es","@id":"https:\/\/nazarene.org\/es\/news\/la-iglesia-de-la-fundacion-nazarena-busca-un-nuevo-presidente\/#primaryimage","url":"https:\/\/nazarene.org\/wp-content\/uploads\/2025\/02\/Foundry-Graphic_V1.jpg","contentUrl":"https:\/\/nazarene.org\/wp-content\/uploads\/2025\/02\/Foundry-Graphic_V1.jpg","width":11460,"height":6116},{"@type":"BreadcrumbList","@id":"https:\/\/nazarene.org\/es\/news\/la-iglesia-de-la-fundacion-nazarena-busca-un-nuevo-presidente\/#breadcrumb","itemListElement":[{"@type":"ListItem","position":1,"name":"Home","item":"https:\/\/nazarene.org\/es\/inicio\/"},{"@type":"ListItem","position":2,"name":"News","item":"https:\/\/nazarene.org\/es\/news\/"},{"@type":"ListItem","position":3,"name":"La Iglesia de la Fundaci\u00f3n Nazarena busca un nuevo presidente"}]},{"@type":"WebSite","@id":"https:\/\/nazarene.org\/es\/#website","url":"https:\/\/nazarene.org\/es\/","name":"Church of the Nazarene","description":"Making Christlike Disciples in the Nations","publisher":{"@id":"https:\/\/nazarene.org\/es\/#organization"},"potentialAction":[{"@type":"SearchAction","target":{"@type":"EntryPoint","urlTemplate":"https:\/\/nazarene.org\/es\/?s={search_term_string}"},"query-input":{"@type":"PropertyValueSpecification","valueRequired":true,"valueName":"search_term_string"}}],"inLanguage":"es"},{"@type":"Organization","@id":"https:\/\/nazarene.org\/es\/#organization","name":"Church of the Nazarene","url":"https:\/\/nazarene.org\/es\/","logo":{"@type":"ImageObject","inLanguage":"es","@id":"https:\/\/nazarene.org\/es\/#\/schema\/logo\/image\/","url":"https:\/\/nazarene.org\/wp-content\/uploads\/2024\/06\/Naz_Desktop_Black_Logo-1.svg","contentUrl":"https:\/\/nazarene.org\/wp-content\/uploads\/2024\/06\/Naz_Desktop_Black_Logo-1.svg","width":258,"height":36,"caption":"Church of the Nazarene"},"image":{"@id":"https:\/\/nazarene.org\/es\/#\/schema\/logo\/image\/"},"sameAs":["https:\/\/www.facebook.com\/NazareneOfficial\/","https:\/\/x.com\/Nazarene","https:\/\/www.instagram.com\/nazareneofficial\/"]}]}},"_links":{"self":[{"href":"https:\/\/nazarene.org\/es\/wp-json\/wp\/v2\/news\/48481","targetHints":{"allow":["GET"]}}],"collection":[{"href":"https:\/\/nazarene.org\/es\/wp-json\/wp\/v2\/news"}],"about":[{"href":"https:\/\/nazarene.org\/es\/wp-json\/wp\/v2\/types\/news"}],"author":[{"embeddable":true,"href":"https:\/\/nazarene.org\/es\/wp-json\/wp\/v2\/users\/1"}],"version-history":[{"count":0,"href":"https:\/\/nazarene.org\/es\/wp-json\/wp\/v2\/news\/48481\/revisions"}],"wp:featuredmedia":[{"embeddable":true,"href":"https:\/\/nazarene.org\/es\/wp-json\/wp\/v2\/media\/27626"}],"wp:attachment":[{"href":"https:\/\/nazarene.org\/es\/wp-json\/wp\/v2\/media?parent=48481"}],"wp:term":[{"taxonomy":"news-categories","embeddable":true,"href":"https:\/\/nazarene.org\/es\/wp-json\/wp\/v2\/news-categories?post=48481"},{"taxonomy":"news-region-taxonomy","embeddable":true,"href":"https:\/\/nazarene.org\/es\/wp-json\/wp\/v2\/news-region-taxonomy?post=48481"},{"taxonomy":"news-tag","embeddable":true,"href":"https:\/\/nazarene.org\/es\/wp-json\/wp\/v2\/news-tag?post=48481"}],"curies":[{"name":"wp","href":"https:\/\/api.w.org\/{rel}","templated":true}]}}