{"id":46467,"date":"2022-03-02T00:00:00","date_gmt":"2022-03-02T06:00:00","guid":{"rendered":"https:\/\/nazarene.org\/news\/misioneros-jubilados-reconocidos-en-la-98a-junta-general\/"},"modified":"2022-03-02T00:00:00","modified_gmt":"2022-03-02T06:00:00","slug":"misioneros-jubilados-reconocidos-en-la-98a-junta-general","status":"publish","type":"news","link":"https:\/\/nazarene.org\/es\/news\/misioneros-jubilados-reconocidos-en-la-98a-junta-general\/","title":{"rendered":"Misioneros jubilados reconocidos en la 98\u00aa Junta General"},"content":{"rendered":"<p>La Iglesia de la Nazarena anunci\u00f3 los siguientes misioneros de jubilaci\u00f3n durante una reuni\u00f3n de la 98&nbsp;<sup>\u00aa<\/sup> Sesi\u00f3n de la Junta General del 25 al 28 de febrero, que se celebr\u00f3 virtualmente.<\/p>\n<p>Los miembros de la Junta de Superintendentes Generales y la Junta General felicitaron a los misioneros que se jubilan en una recepci\u00f3n virtual. Adem\u00e1s, Misiones Globales ha trabajado con las iglesias de los misioneros para coordinar una celebraci\u00f3n en persona, incluida la presentaci\u00f3n de una escultura como un s\u00edmbolo de los agradecimientos de la denominaci\u00f3n.<\/p>\n<p>A Misiones Globales, bajo la direcci\u00f3n de Verne Ward III, le gustar\u00eda expresar su profundo amor y aprecio a las cinco parejas por sus muchos a\u00f1os de dedicaci\u00f3n desinteresada a Dios, la iglesia y todos aquellos cuyas vidas han sido impactadas por su ministerio. Como individuos, han dado un 258 a\u00f1os combinados de servicio a Dios a trav\u00e9s de la Iglesia de la Nazarena.<\/p>\n<p><strong>Phil y Monica Carr<\/strong><\/p>\n<ul>\n<li>A\u00f1os de servicio: 15<\/li>\n<li>Ghana, Senegal y la Rep\u00fablica Democr\u00e1tica del Congo<\/li>\n<\/ul>\n<p><strong>Jon y Shirley Fischer<\/strong><\/p>\n<ul>\n<li>A\u00f1os de servicio: 29<\/li>\n<li>Ecuador y Venezuela<\/li>\n<\/ul>\n<p><strong>Don y Evie Gardner<\/strong><\/p>\n<ul>\n<li>A\u00f1os de servicio: 32<\/li>\n<li>Malawi &nbsp;y Kenia<\/li>\n<\/ul>\n<p><strong>David y Sylvia Potter<\/strong><\/p>\n<ul>\n<li>A\u00f1os de servicio: 30<\/li>\n<li>Pap\u00faa Nueva Guinea &nbsp;y Vanuatu<\/li>\n<\/ul>\n<p><strong>Lynn y Sherry Shmidt<\/strong><\/p>\n<ul>\n<li>A\u00f1os de servicio: 23<\/li>\n<li>Sud\u00e1frica, Eswatini, Botswana y Filipinas<\/li>\n<\/ul>\n<p>Para ver el servicio de Jubilo misionero y comisionamiento, haga <a href=\"https:\/\/vimeo.com\/682050955\/089398fac8\" target=\"_blank\">clic aqu\u00ed<\/a>.<\/p>\n<p>&nbsp;<\/p>\n","protected":false},"excerpt":{"rendered":"<p>La Iglesia de la Nazarena anunci\u00f3 los siguientes misioneros de jubilaci\u00f3n durante una reuni\u00f3n de la 98\u00aa Sesi\u00f3n de la Junta General del 25 al 28 de febrero, que se celebr\u00f3 virtualmente.<\/p>\n","protected":false},"author":1,"featured_media":0,"menu_order":0,"template":"","news-categories":[],"news-region-taxonomy":[],"news-tag":[757,802],"class_list":["post-46467","news","type-news","status-publish","hentry","news-tag-anuncios-de-gmc","news-tag-junta-general"],"yoast_head":"<!-- This site is optimized with the Yoast SEO Premium plugin v27.1 (Yoast SEO v27.1.1) - https:\/\/yoast.com\/product\/yoast-seo-premium-wordpress\/ -->\n<title>Misioneros jubilados reconocidos en la 98\u00aa Junta General - Church of the Nazarene<\/title>\n<meta name=\"robots\" content=\"index, follow, max-snippet:-1, max-image-preview:large, max-video-preview:-1\" \/>\n<link rel=\"canonical\" href=\"https:\/\/nazarene.org\/es\/news\/misioneros-jubilados-reconocidos-en-la-98a-junta-general\/\" \/>\n<meta property=\"og:locale\" content=\"es_ES\" \/>\n<meta property=\"og:type\" content=\"article\" \/>\n<meta property=\"og:title\" content=\"Misioneros jubilados reconocidos en la 98\u00aa Junta General\" \/>\n<meta property=\"og:description\" content=\"La Iglesia de la Nazarena anunci\u00f3 los siguientes misioneros de jubilaci\u00f3n durante una reuni\u00f3n de la 98\u00aa Sesi\u00f3n de la Junta General del 25 al 28 de febrero, que se celebr\u00f3 virtualmente.\" \/>\n<meta property=\"og:url\" content=\"https:\/\/nazarene.org\/es\/news\/misioneros-jubilados-reconocidos-en-la-98a-junta-general\/\" \/>\n<meta property=\"og:site_name\" content=\"Church of the Nazarene\" \/>\n<meta property=\"article:publisher\" content=\"https:\/\/www.facebook.com\/NazareneOfficial\/\" \/>\n<meta name=\"twitter:card\" content=\"summary_large_image\" \/>\n<meta name=\"twitter:site\" content=\"@Nazarene\" \/>\n<script type=\"application\/ld+json\" class=\"yoast-schema-graph\">{\"@context\":\"https:\/\/schema.org\",\"@graph\":[{\"@type\":\"WebPage\",\"@id\":\"https:\/\/nazarene.org\/es\/news\/misioneros-jubilados-reconocidos-en-la-98a-junta-general\/\",\"url\":\"https:\/\/nazarene.org\/es\/news\/misioneros-jubilados-reconocidos-en-la-98a-junta-general\/\",\"name\":\"Misioneros jubilados reconocidos en la 98\u00aa Junta General - Church of the Nazarene\",\"isPartOf\":{\"@id\":\"https:\/\/nazarene.org\/es\/#website\"},\"datePublished\":\"2022-03-02T06:00:00+00:00\",\"breadcrumb\":{\"@id\":\"https:\/\/nazarene.org\/es\/news\/misioneros-jubilados-reconocidos-en-la-98a-junta-general\/#breadcrumb\"},\"inLanguage\":\"es\",\"potentialAction\":[{\"@type\":\"ReadAction\",\"target\":[\"https:\/\/nazarene.org\/es\/news\/misioneros-jubilados-reconocidos-en-la-98a-junta-general\/\"]}]},{\"@type\":\"BreadcrumbList\",\"@id\":\"https:\/\/nazarene.org\/es\/news\/misioneros-jubilados-reconocidos-en-la-98a-junta-general\/#breadcrumb\",\"itemListElement\":[{\"@type\":\"ListItem\",\"position\":1,\"name\":\"Home\",\"item\":\"https:\/\/nazarene.org\/es\/inicio\/\"},{\"@type\":\"ListItem\",\"position\":2,\"name\":\"News\",\"item\":\"https:\/\/nazarene.org\/es\/news\/\"},{\"@type\":\"ListItem\",\"position\":3,\"name\":\"Misioneros jubilados reconocidos en la 98\u00aa Junta General\"}]},{\"@type\":\"WebSite\",\"@id\":\"https:\/\/nazarene.org\/es\/#website\",\"url\":\"https:\/\/nazarene.org\/es\/\",\"name\":\"Church of the Nazarene\",\"description\":\"Making Christlike Disciples in the Nations\",\"publisher\":{\"@id\":\"https:\/\/nazarene.org\/es\/#organization\"},\"potentialAction\":[{\"@type\":\"SearchAction\",\"target\":{\"@type\":\"EntryPoint\",\"urlTemplate\":\"https:\/\/nazarene.org\/es\/?s={search_term_string}\"},\"query-input\":{\"@type\":\"PropertyValueSpecification\",\"valueRequired\":true,\"valueName\":\"search_term_string\"}}],\"inLanguage\":\"es\"},{\"@type\":\"Organization\",\"@id\":\"https:\/\/nazarene.org\/es\/#organization\",\"name\":\"Church of the Nazarene\",\"url\":\"https:\/\/nazarene.org\/es\/\",\"logo\":{\"@type\":\"ImageObject\",\"inLanguage\":\"es\",\"@id\":\"https:\/\/nazarene.org\/es\/#\/schema\/logo\/image\/\",\"url\":\"https:\/\/nazarene.org\/wp-content\/uploads\/2024\/06\/Naz_Desktop_Black_Logo-1.svg\",\"contentUrl\":\"https:\/\/nazarene.org\/wp-content\/uploads\/2024\/06\/Naz_Desktop_Black_Logo-1.svg\",\"width\":258,\"height\":36,\"caption\":\"Church of the Nazarene\"},\"image\":{\"@id\":\"https:\/\/nazarene.org\/es\/#\/schema\/logo\/image\/\"},\"sameAs\":[\"https:\/\/www.facebook.com\/NazareneOfficial\/\",\"https:\/\/x.com\/Nazarene\",\"https:\/\/www.instagram.com\/nazareneofficial\/\"]}]}<\/script>\n<!-- \/ Yoast SEO Premium plugin. -->","yoast_head_json":{"title":"Misioneros jubilados reconocidos en la 98\u00aa Junta General - Church of the Nazarene","robots":{"index":"index","follow":"follow","max-snippet":"max-snippet:-1","max-image-preview":"max-image-preview:large","max-video-preview":"max-video-preview:-1"},"canonical":"https:\/\/nazarene.org\/es\/news\/misioneros-jubilados-reconocidos-en-la-98a-junta-general\/","og_locale":"es_ES","og_type":"article","og_title":"Misioneros jubilados reconocidos en la 98\u00aa Junta General","og_description":"La Iglesia de la Nazarena anunci\u00f3 los siguientes misioneros de jubilaci\u00f3n durante una reuni\u00f3n de la 98\u00aa Sesi\u00f3n de la Junta General del 25 al 28 de febrero, que se celebr\u00f3 virtualmente.","og_url":"https:\/\/nazarene.org\/es\/news\/misioneros-jubilados-reconocidos-en-la-98a-junta-general\/","og_site_name":"Church of the Nazarene","article_publisher":"https:\/\/www.facebook.com\/NazareneOfficial\/","twitter_card":"summary_large_image","twitter_site":"@Nazarene","schema":{"@context":"https:\/\/schema.org","@graph":[{"@type":"WebPage","@id":"https:\/\/nazarene.org\/es\/news\/misioneros-jubilados-reconocidos-en-la-98a-junta-general\/","url":"https:\/\/nazarene.org\/es\/news\/misioneros-jubilados-reconocidos-en-la-98a-junta-general\/","name":"Misioneros jubilados reconocidos en la 98\u00aa Junta General - Church of the Nazarene","isPartOf":{"@id":"https:\/\/nazarene.org\/es\/#website"},"datePublished":"2022-03-02T06:00:00+00:00","breadcrumb":{"@id":"https:\/\/nazarene.org\/es\/news\/misioneros-jubilados-reconocidos-en-la-98a-junta-general\/#breadcrumb"},"inLanguage":"es","potentialAction":[{"@type":"ReadAction","target":["https:\/\/nazarene.org\/es\/news\/misioneros-jubilados-reconocidos-en-la-98a-junta-general\/"]}]},{"@type":"BreadcrumbList","@id":"https:\/\/nazarene.org\/es\/news\/misioneros-jubilados-reconocidos-en-la-98a-junta-general\/#breadcrumb","itemListElement":[{"@type":"ListItem","position":1,"name":"Home","item":"https:\/\/nazarene.org\/es\/inicio\/"},{"@type":"ListItem","position":2,"name":"News","item":"https:\/\/nazarene.org\/es\/news\/"},{"@type":"ListItem","position":3,"name":"Misioneros jubilados reconocidos en la 98\u00aa Junta General"}]},{"@type":"WebSite","@id":"https:\/\/nazarene.org\/es\/#website","url":"https:\/\/nazarene.org\/es\/","name":"Church of the Nazarene","description":"Making Christlike Disciples in the Nations","publisher":{"@id":"https:\/\/nazarene.org\/es\/#organization"},"potentialAction":[{"@type":"SearchAction","target":{"@type":"EntryPoint","urlTemplate":"https:\/\/nazarene.org\/es\/?s={search_term_string}"},"query-input":{"@type":"PropertyValueSpecification","valueRequired":true,"valueName":"search_term_string"}}],"inLanguage":"es"},{"@type":"Organization","@id":"https:\/\/nazarene.org\/es\/#organization","name":"Church of the Nazarene","url":"https:\/\/nazarene.org\/es\/","logo":{"@type":"ImageObject","inLanguage":"es","@id":"https:\/\/nazarene.org\/es\/#\/schema\/logo\/image\/","url":"https:\/\/nazarene.org\/wp-content\/uploads\/2024\/06\/Naz_Desktop_Black_Logo-1.svg","contentUrl":"https:\/\/nazarene.org\/wp-content\/uploads\/2024\/06\/Naz_Desktop_Black_Logo-1.svg","width":258,"height":36,"caption":"Church of the Nazarene"},"image":{"@id":"https:\/\/nazarene.org\/es\/#\/schema\/logo\/image\/"},"sameAs":["https:\/\/www.facebook.com\/NazareneOfficial\/","https:\/\/x.com\/Nazarene","https:\/\/www.instagram.com\/nazareneofficial\/"]}]}},"_links":{"self":[{"href":"https:\/\/nazarene.org\/es\/wp-json\/wp\/v2\/news\/46467","targetHints":{"allow":["GET"]}}],"collection":[{"href":"https:\/\/nazarene.org\/es\/wp-json\/wp\/v2\/news"}],"about":[{"href":"https:\/\/nazarene.org\/es\/wp-json\/wp\/v2\/types\/news"}],"author":[{"embeddable":true,"href":"https:\/\/nazarene.org\/es\/wp-json\/wp\/v2\/users\/1"}],"version-history":[{"count":0,"href":"https:\/\/nazarene.org\/es\/wp-json\/wp\/v2\/news\/46467\/revisions"}],"wp:attachment":[{"href":"https:\/\/nazarene.org\/es\/wp-json\/wp\/v2\/media?parent=46467"}],"wp:term":[{"taxonomy":"news-categories","embeddable":true,"href":"https:\/\/nazarene.org\/es\/wp-json\/wp\/v2\/news-categories?post=46467"},{"taxonomy":"news-region-taxonomy","embeddable":true,"href":"https:\/\/nazarene.org\/es\/wp-json\/wp\/v2\/news-region-taxonomy?post=46467"},{"taxonomy":"news-tag","embeddable":true,"href":"https:\/\/nazarene.org\/es\/wp-json\/wp\/v2\/news-tag?post=46467"}],"curies":[{"name":"wp","href":"https:\/\/api.w.org\/{rel}","templated":true}]}}