{"id":46019,"date":"2022-06-16T00:00:00","date_gmt":"2022-06-16T05:00:00","guid":{"rendered":"https:\/\/nazarene.org\/news\/la-gracia-que-va-antes-la-pareja-misionera-comparte-el-viaje-de-discipulado\/"},"modified":"2022-06-16T00:00:00","modified_gmt":"2022-06-16T05:00:00","slug":"la-gracia-que-va-antes-la-pareja-misionera-comparte-el-viaje-de-discipulado","status":"publish","type":"news","link":"https:\/\/nazarene.org\/es\/news\/la-gracia-que-va-antes-la-pareja-misionera-comparte-el-viaje-de-discipulado\/","title":{"rendered":"La gracia que va antes: la pareja misionera comparte el viaje de discipulado"},"content":{"rendered":"<p>Mireu y Mijiye Kim se mudaron a Tailandia en noviembre de 2021 como misioneros. Como pareja, comenzaron a orar para que Dios abrier&nbsp;a las puertas para ellos mientras aprenden el idioma tailand\u00e9s y se sumergen en la cultura tailandesa.<\/p>\n<p>Hace unos meses, Mireu y Mijiye asistieron a un evento de capacitaci\u00f3n organizado por el equipo del ministerio pionero del Campo del Sudeste de Asia. Una de las estrategias que aprendieron est\u00e1 basada en la historia de Lydia de Hechos 16:9-15, &nbsp;que es un ejemplo de un viaje de la gracia porque el Esp\u00edritu Santo llev\u00f3 a Lydia a donde Pablo estaba predicando.<\/p>\n<p>Despu\u00e9s de aprender sobre esto, los Kims comenzaron a orar por oportunidades de aplicar la estrategia de Lydia en su \u00e1rea de ministerio. Cre\u00edan que Dios ya estaba en el trabajo y hab\u00eda preparado el camino para ellos incluso antes de que llegaran al pa\u00eds.&nbsp;<\/p>\n<p>Un d\u00eda, cuando Mijiye fue al mercado, conoci\u00f3 a una mujer cristiana. Mijiye tuvo la cena con la mujer varias veces, y Mireu y Mijiye continuaron orando por ella. A trav\u00e9s de ella, conocieron a otras personas en el mercado, incluido un proveedor de frutas. Dado que eran todas mujeres, Mireu alent\u00f3 a Mijiye a salir y pasar m\u00e1s tiempo con ellas. Una vez, las &nbsp;damas invitaron a Mireu a su casa tambi\u00e9n.<\/p>\n<p>Fui a su casa y bendije a su familia, dijo Mireu. Tuve la oportunidad de compartir el evangelio a trav\u00e9s de mi testimonio de vida. Tambi\u00e9n escuchamos m\u00fasica cristiana.&nbsp;<\/p>\n<p><span style=\"letter-spacing: 0.02em;\">Cuando una de las damas le pregunt\u00f3 a la mujer cristiana sobre ir a la iglesia, she&nbsp;rerespondi\u00f3, \u00abTodav\u00eda tengo miedo de ir a la iglesia debido a COVID-19. Desde el comienzo de la pandemia, no he estado en la iglesia, y es casi dos a\u00f1os ahora\u00bb.<\/span><\/p>\n<p>Sin embargo, con el aliento recibido de las mujeres, finalmente decidi\u00f3 regresar a la iglesia. Ahora, Mireu y Mijiye est\u00e1n orando por el proveedor de frutas y las otras damas que tambi\u00e9n se unir\u00e1n a ellos en la iglesia.<\/p>\n<p>Este es solo un ejemplo de c\u00f3mo Dios se mueve en las vidas de las personas.&nbsp;<\/p>\n<p>Creo que hay muchos Lydias alrededor del Campo del Sudeste de Asia esperando que los encontremos, comparti\u00f3 Mireu. Ore por este pa\u00eds y el Campo del Sudeste de Asia. Ore tambi\u00e9n por los misioneros que trabajan en este campo.<\/p>\n<p>Iglesia de la Nazarena de Asia-Pac\u00edfico<\/p>\n","protected":false},"excerpt":{"rendered":"<p>Mireu y Mijiye Kim se mudaron a Tailandia en noviembre de 2021 como misioneros. Como pareja, comenzaron a orar para que Dios abriera las puertas para ellos mientras aprenden el idioma tailand\u00e9s y se sumergen en la cultura tailandesa.<\/p>\n","protected":false},"author":1,"featured_media":28510,"menu_order":0,"template":"","news-categories":[],"news-region-taxonomy":[],"news-tag":[946,756,848],"class_list":["post-46019","news","type-news","status-publish","has-post-thumbnail","hentry","news-tag-misiones","news-tag-region-asia-pacifico","news-tag-tailandia-es"],"yoast_head":"<!-- This site is optimized with the Yoast SEO Premium plugin v27.1 (Yoast SEO v27.1.1) - https:\/\/yoast.com\/product\/yoast-seo-premium-wordpress\/ -->\n<title>La gracia que va antes: la pareja misionera comparte el viaje de discipulado - Church of the Nazarene<\/title>\n<meta name=\"robots\" content=\"index, follow, max-snippet:-1, max-image-preview:large, max-video-preview:-1\" \/>\n<link rel=\"canonical\" href=\"https:\/\/nazarene.org\/es\/news\/la-gracia-que-va-antes-la-pareja-misionera-comparte-el-viaje-de-discipulado\/\" \/>\n<meta property=\"og:locale\" content=\"es_ES\" \/>\n<meta property=\"og:type\" content=\"article\" \/>\n<meta property=\"og:title\" content=\"La gracia que va antes: la pareja misionera comparte el viaje de discipulado\" \/>\n<meta property=\"og:description\" content=\"Mireu y Mijiye Kim se mudaron a Tailandia en noviembre de 2021 como misioneros. Como pareja, comenzaron a orar para que Dios abriera las puertas para ellos mientras aprenden el idioma tailand\u00e9s y se sumergen en la cultura tailandesa.\" \/>\n<meta property=\"og:url\" content=\"https:\/\/nazarene.org\/es\/news\/la-gracia-que-va-antes-la-pareja-misionera-comparte-el-viaje-de-discipulado\/\" \/>\n<meta property=\"og:site_name\" content=\"Church of the Nazarene\" \/>\n<meta property=\"article:publisher\" content=\"https:\/\/www.facebook.com\/NazareneOfficial\/\" \/>\n<meta name=\"twitter:card\" content=\"summary_large_image\" \/>\n<meta name=\"twitter:site\" content=\"@Nazarene\" \/>\n<script type=\"application\/ld+json\" class=\"yoast-schema-graph\">{\"@context\":\"https:\/\/schema.org\",\"@graph\":[{\"@type\":\"WebPage\",\"@id\":\"https:\/\/nazarene.org\/es\/news\/la-gracia-que-va-antes-la-pareja-misionera-comparte-el-viaje-de-discipulado\/\",\"url\":\"https:\/\/nazarene.org\/es\/news\/la-gracia-que-va-antes-la-pareja-misionera-comparte-el-viaje-de-discipulado\/\",\"name\":\"La gracia que va antes: la pareja misionera comparte el viaje de discipulado - Church of the Nazarene\",\"isPartOf\":{\"@id\":\"https:\/\/nazarene.org\/es\/#website\"},\"primaryImageOfPage\":{\"@id\":\"https:\/\/nazarene.org\/es\/news\/la-gracia-que-va-antes-la-pareja-misionera-comparte-el-viaje-de-discipulado\/#primaryimage\"},\"image\":{\"@id\":\"https:\/\/nazarene.org\/es\/news\/la-gracia-que-va-antes-la-pareja-misionera-comparte-el-viaje-de-discipulado\/#primaryimage\"},\"thumbnailUrl\":\"https:\/\/nazarene.org\/wp-content\/uploads\/2025\/02\/mijiye-copy.jpg\",\"datePublished\":\"2022-06-16T05:00:00+00:00\",\"breadcrumb\":{\"@id\":\"https:\/\/nazarene.org\/es\/news\/la-gracia-que-va-antes-la-pareja-misionera-comparte-el-viaje-de-discipulado\/#breadcrumb\"},\"inLanguage\":\"es\",\"potentialAction\":[{\"@type\":\"ReadAction\",\"target\":[\"https:\/\/nazarene.org\/es\/news\/la-gracia-que-va-antes-la-pareja-misionera-comparte-el-viaje-de-discipulado\/\"]}]},{\"@type\":\"ImageObject\",\"inLanguage\":\"es\",\"@id\":\"https:\/\/nazarene.org\/es\/news\/la-gracia-que-va-antes-la-pareja-misionera-comparte-el-viaje-de-discipulado\/#primaryimage\",\"url\":\"https:\/\/nazarene.org\/wp-content\/uploads\/2025\/02\/mijiye-copy.jpg\",\"contentUrl\":\"https:\/\/nazarene.org\/wp-content\/uploads\/2025\/02\/mijiye-copy.jpg\",\"width\":750,\"height\":400},{\"@type\":\"BreadcrumbList\",\"@id\":\"https:\/\/nazarene.org\/es\/news\/la-gracia-que-va-antes-la-pareja-misionera-comparte-el-viaje-de-discipulado\/#breadcrumb\",\"itemListElement\":[{\"@type\":\"ListItem\",\"position\":1,\"name\":\"Home\",\"item\":\"https:\/\/nazarene.org\/es\/inicio\/\"},{\"@type\":\"ListItem\",\"position\":2,\"name\":\"News\",\"item\":\"https:\/\/nazarene.org\/es\/news\/\"},{\"@type\":\"ListItem\",\"position\":3,\"name\":\"La gracia que va antes: la pareja misionera comparte el viaje de discipulado\"}]},{\"@type\":\"WebSite\",\"@id\":\"https:\/\/nazarene.org\/es\/#website\",\"url\":\"https:\/\/nazarene.org\/es\/\",\"name\":\"Church of the Nazarene\",\"description\":\"Making Christlike Disciples in the Nations\",\"publisher\":{\"@id\":\"https:\/\/nazarene.org\/es\/#organization\"},\"potentialAction\":[{\"@type\":\"SearchAction\",\"target\":{\"@type\":\"EntryPoint\",\"urlTemplate\":\"https:\/\/nazarene.org\/es\/?s={search_term_string}\"},\"query-input\":{\"@type\":\"PropertyValueSpecification\",\"valueRequired\":true,\"valueName\":\"search_term_string\"}}],\"inLanguage\":\"es\"},{\"@type\":\"Organization\",\"@id\":\"https:\/\/nazarene.org\/es\/#organization\",\"name\":\"Church of the Nazarene\",\"url\":\"https:\/\/nazarene.org\/es\/\",\"logo\":{\"@type\":\"ImageObject\",\"inLanguage\":\"es\",\"@id\":\"https:\/\/nazarene.org\/es\/#\/schema\/logo\/image\/\",\"url\":\"https:\/\/nazarene.org\/wp-content\/uploads\/2024\/06\/Naz_Desktop_Black_Logo-1.svg\",\"contentUrl\":\"https:\/\/nazarene.org\/wp-content\/uploads\/2024\/06\/Naz_Desktop_Black_Logo-1.svg\",\"width\":258,\"height\":36,\"caption\":\"Church of the Nazarene\"},\"image\":{\"@id\":\"https:\/\/nazarene.org\/es\/#\/schema\/logo\/image\/\"},\"sameAs\":[\"https:\/\/www.facebook.com\/NazareneOfficial\/\",\"https:\/\/x.com\/Nazarene\",\"https:\/\/www.instagram.com\/nazareneofficial\/\"]}]}<\/script>\n<!-- \/ Yoast SEO Premium plugin. -->","yoast_head_json":{"title":"La gracia que va antes: la pareja misionera comparte el viaje de discipulado - Church of the Nazarene","robots":{"index":"index","follow":"follow","max-snippet":"max-snippet:-1","max-image-preview":"max-image-preview:large","max-video-preview":"max-video-preview:-1"},"canonical":"https:\/\/nazarene.org\/es\/news\/la-gracia-que-va-antes-la-pareja-misionera-comparte-el-viaje-de-discipulado\/","og_locale":"es_ES","og_type":"article","og_title":"La gracia que va antes: la pareja misionera comparte el viaje de discipulado","og_description":"Mireu y Mijiye Kim se mudaron a Tailandia en noviembre de 2021 como misioneros. Como pareja, comenzaron a orar para que Dios abriera las puertas para ellos mientras aprenden el idioma tailand\u00e9s y se sumergen en la cultura tailandesa.","og_url":"https:\/\/nazarene.org\/es\/news\/la-gracia-que-va-antes-la-pareja-misionera-comparte-el-viaje-de-discipulado\/","og_site_name":"Church of the Nazarene","article_publisher":"https:\/\/www.facebook.com\/NazareneOfficial\/","twitter_card":"summary_large_image","twitter_site":"@Nazarene","schema":{"@context":"https:\/\/schema.org","@graph":[{"@type":"WebPage","@id":"https:\/\/nazarene.org\/es\/news\/la-gracia-que-va-antes-la-pareja-misionera-comparte-el-viaje-de-discipulado\/","url":"https:\/\/nazarene.org\/es\/news\/la-gracia-que-va-antes-la-pareja-misionera-comparte-el-viaje-de-discipulado\/","name":"La gracia que va antes: la pareja misionera comparte el viaje de discipulado - Church of the Nazarene","isPartOf":{"@id":"https:\/\/nazarene.org\/es\/#website"},"primaryImageOfPage":{"@id":"https:\/\/nazarene.org\/es\/news\/la-gracia-que-va-antes-la-pareja-misionera-comparte-el-viaje-de-discipulado\/#primaryimage"},"image":{"@id":"https:\/\/nazarene.org\/es\/news\/la-gracia-que-va-antes-la-pareja-misionera-comparte-el-viaje-de-discipulado\/#primaryimage"},"thumbnailUrl":"https:\/\/nazarene.org\/wp-content\/uploads\/2025\/02\/mijiye-copy.jpg","datePublished":"2022-06-16T05:00:00+00:00","breadcrumb":{"@id":"https:\/\/nazarene.org\/es\/news\/la-gracia-que-va-antes-la-pareja-misionera-comparte-el-viaje-de-discipulado\/#breadcrumb"},"inLanguage":"es","potentialAction":[{"@type":"ReadAction","target":["https:\/\/nazarene.org\/es\/news\/la-gracia-que-va-antes-la-pareja-misionera-comparte-el-viaje-de-discipulado\/"]}]},{"@type":"ImageObject","inLanguage":"es","@id":"https:\/\/nazarene.org\/es\/news\/la-gracia-que-va-antes-la-pareja-misionera-comparte-el-viaje-de-discipulado\/#primaryimage","url":"https:\/\/nazarene.org\/wp-content\/uploads\/2025\/02\/mijiye-copy.jpg","contentUrl":"https:\/\/nazarene.org\/wp-content\/uploads\/2025\/02\/mijiye-copy.jpg","width":750,"height":400},{"@type":"BreadcrumbList","@id":"https:\/\/nazarene.org\/es\/news\/la-gracia-que-va-antes-la-pareja-misionera-comparte-el-viaje-de-discipulado\/#breadcrumb","itemListElement":[{"@type":"ListItem","position":1,"name":"Home","item":"https:\/\/nazarene.org\/es\/inicio\/"},{"@type":"ListItem","position":2,"name":"News","item":"https:\/\/nazarene.org\/es\/news\/"},{"@type":"ListItem","position":3,"name":"La gracia que va antes: la pareja misionera comparte el viaje de discipulado"}]},{"@type":"WebSite","@id":"https:\/\/nazarene.org\/es\/#website","url":"https:\/\/nazarene.org\/es\/","name":"Church of the Nazarene","description":"Making Christlike Disciples in the Nations","publisher":{"@id":"https:\/\/nazarene.org\/es\/#organization"},"potentialAction":[{"@type":"SearchAction","target":{"@type":"EntryPoint","urlTemplate":"https:\/\/nazarene.org\/es\/?s={search_term_string}"},"query-input":{"@type":"PropertyValueSpecification","valueRequired":true,"valueName":"search_term_string"}}],"inLanguage":"es"},{"@type":"Organization","@id":"https:\/\/nazarene.org\/es\/#organization","name":"Church of the Nazarene","url":"https:\/\/nazarene.org\/es\/","logo":{"@type":"ImageObject","inLanguage":"es","@id":"https:\/\/nazarene.org\/es\/#\/schema\/logo\/image\/","url":"https:\/\/nazarene.org\/wp-content\/uploads\/2024\/06\/Naz_Desktop_Black_Logo-1.svg","contentUrl":"https:\/\/nazarene.org\/wp-content\/uploads\/2024\/06\/Naz_Desktop_Black_Logo-1.svg","width":258,"height":36,"caption":"Church of the Nazarene"},"image":{"@id":"https:\/\/nazarene.org\/es\/#\/schema\/logo\/image\/"},"sameAs":["https:\/\/www.facebook.com\/NazareneOfficial\/","https:\/\/x.com\/Nazarene","https:\/\/www.instagram.com\/nazareneofficial\/"]}]}},"_links":{"self":[{"href":"https:\/\/nazarene.org\/es\/wp-json\/wp\/v2\/news\/46019","targetHints":{"allow":["GET"]}}],"collection":[{"href":"https:\/\/nazarene.org\/es\/wp-json\/wp\/v2\/news"}],"about":[{"href":"https:\/\/nazarene.org\/es\/wp-json\/wp\/v2\/types\/news"}],"author":[{"embeddable":true,"href":"https:\/\/nazarene.org\/es\/wp-json\/wp\/v2\/users\/1"}],"version-history":[{"count":0,"href":"https:\/\/nazarene.org\/es\/wp-json\/wp\/v2\/news\/46019\/revisions"}],"wp:featuredmedia":[{"embeddable":true,"href":"https:\/\/nazarene.org\/es\/wp-json\/wp\/v2\/media\/28510"}],"wp:attachment":[{"href":"https:\/\/nazarene.org\/es\/wp-json\/wp\/v2\/media?parent=46019"}],"wp:term":[{"taxonomy":"news-categories","embeddable":true,"href":"https:\/\/nazarene.org\/es\/wp-json\/wp\/v2\/news-categories?post=46019"},{"taxonomy":"news-region-taxonomy","embeddable":true,"href":"https:\/\/nazarene.org\/es\/wp-json\/wp\/v2\/news-region-taxonomy?post=46019"},{"taxonomy":"news-tag","embeddable":true,"href":"https:\/\/nazarene.org\/es\/wp-json\/wp\/v2\/news-tag?post=46019"}],"curies":[{"name":"wp","href":"https:\/\/api.w.org\/{rel}","templated":true}]}}