{"id":45972,"date":"2022-07-22T00:00:00","date_gmt":"2022-07-22T05:00:00","guid":{"rendered":"https:\/\/nazarene.org\/news\/distrito-de-iowa-elige-un-nuevo-superintendente\/"},"modified":"2022-07-22T00:00:00","modified_gmt":"2022-07-22T05:00:00","slug":"distrito-de-iowa-elige-un-nuevo-superintendente","status":"publish","type":"news","link":"https:\/\/nazarene.org\/es\/news\/distrito-de-iowa-elige-un-nuevo-superintendente\/","title":{"rendered":"Distrito de Iowa elige un nuevo superintendente"},"content":{"rendered":"<p>Timothy Carter fue elegido superintendente del Distrito de Iowa el 14 de julio de 2022. Ha pastoreado la Primera Iglesia de Cedar Rapids de la Nazarena desde 1997 y sirvi\u00f3 como secretario de distrito desde julio de 2013.<\/p>\n<p>Cheri y yo estamos humildes y emocionados de servir junto a los l\u00edderes dotados en todo el Distrito de Iowa, dijo Tim. Miramos hacia el futuro de Iowa con esperanza y la gracia optimista de Jesucristo, sabiendo que al trabajar juntos para hacer que el reino de Dios est\u00e9 vivo en cada pueblo, ciudad y sobre cada paisaje rodante en Iowa, podemos convertirnos en conductos imparables de la incre\u00edble gracia de Dios en todo nuestro estado.<\/p>\n<p>La asignaci\u00f3n de Tim se convirti\u00f3 en efectiva el 18 de julio de 2022. Sucede a Michael Kraemer, que sirvi\u00f3 en el papel desde agosto de 2021.<\/p>\n<p>Despu\u00e9s de graduarse de la Universidad Olivet Nazarena en 1982 con una licenciatura en el ministerio, pastore\u00f3 en la Iglesia Maples Mill de la Nazarena (1983-1985) y la Iglesia de Springfield del Lado Sur de la Nazarena (1986-1989).<\/p>\n<p>En 1989, Tim y Cheri se mudaron a Tuscaloosa, Alabama, donde Tim pastore\u00f3 la Iglesia de Woodhaven de la Nazarena hasta 1994. Ese a\u00f1o, Tim acept\u00f3 el pastorado en la Iglesia Waco South Manor de la Nazarena, sirviendo all\u00ed hasta agosto de 1997.<\/p>\n<p>Tim se convirti\u00f3 en pastor de la Primera Iglesia de Cedar Rapids de la Nazarena en 1997, donde ha servido durante casi 25 a\u00f1os.<\/p>\n<p>Tim y Cheri actualmente residen en Cedar Rapids, Iowa.<\/p>\n","protected":false},"excerpt":{"rendered":"<p>Timothy Carter fue elegido superintendente del Distrito de Iowa el 14 de julio de 2022. Ha pastoreado la Primera Iglesia de Cedar Rapids de la Nazarena desde 1997 y sirvi\u00f3 como secretario de distrito desde julio de 2013.<\/p>\n","protected":false},"author":1,"featured_media":28626,"menu_order":0,"template":"","news-categories":[],"news-region-taxonomy":[],"news-tag":[757,764,2085],"class_list":["post-45972","news","type-news","status-publish","has-post-thumbnail","hentry","news-tag-anuncios-de-gmc","news-tag-ee-uu-canada","news-tag-iowa-es"],"yoast_head":"<!-- This site is optimized with the Yoast SEO Premium plugin v27.1 (Yoast SEO v27.1.1) - https:\/\/yoast.com\/product\/yoast-seo-premium-wordpress\/ -->\n<title>Distrito de Iowa elige un nuevo superintendente - Church of the Nazarene<\/title>\n<meta name=\"robots\" content=\"index, follow, max-snippet:-1, max-image-preview:large, max-video-preview:-1\" \/>\n<link rel=\"canonical\" href=\"https:\/\/nazarene.org\/es\/news\/distrito-de-iowa-elige-un-nuevo-superintendente\/\" \/>\n<meta property=\"og:locale\" content=\"es_ES\" \/>\n<meta property=\"og:type\" content=\"article\" \/>\n<meta property=\"og:title\" content=\"Distrito de Iowa elige un nuevo superintendente\" \/>\n<meta property=\"og:description\" content=\"Timothy Carter fue elegido superintendente del Distrito de Iowa el 14 de julio de 2022. Ha pastoreado la Primera Iglesia de Cedar Rapids de la Nazarena desde 1997 y sirvi\u00f3 como secretario de distrito desde julio de 2013.\" \/>\n<meta property=\"og:url\" content=\"https:\/\/nazarene.org\/es\/news\/distrito-de-iowa-elige-un-nuevo-superintendente\/\" \/>\n<meta property=\"og:site_name\" content=\"Church of the Nazarene\" \/>\n<meta property=\"article:publisher\" content=\"https:\/\/www.facebook.com\/NazareneOfficial\/\" \/>\n<meta name=\"twitter:card\" content=\"summary_large_image\" \/>\n<meta name=\"twitter:site\" content=\"@Nazarene\" \/>\n<script type=\"application\/ld+json\" class=\"yoast-schema-graph\">{\"@context\":\"https:\/\/schema.org\",\"@graph\":[{\"@type\":\"WebPage\",\"@id\":\"https:\/\/nazarene.org\/es\/news\/distrito-de-iowa-elige-un-nuevo-superintendente\/\",\"url\":\"https:\/\/nazarene.org\/es\/news\/distrito-de-iowa-elige-un-nuevo-superintendente\/\",\"name\":\"Distrito de Iowa elige un nuevo superintendente - Church of the Nazarene\",\"isPartOf\":{\"@id\":\"https:\/\/nazarene.org\/es\/#website\"},\"primaryImageOfPage\":{\"@id\":\"https:\/\/nazarene.org\/es\/news\/distrito-de-iowa-elige-un-nuevo-superintendente\/#primaryimage\"},\"image\":{\"@id\":\"https:\/\/nazarene.org\/es\/news\/distrito-de-iowa-elige-un-nuevo-superintendente\/#primaryimage\"},\"thumbnailUrl\":\"https:\/\/nazarene.org\/wp-content\/uploads\/2025\/02\/Tim-Carter.png\",\"datePublished\":\"2022-07-22T05:00:00+00:00\",\"breadcrumb\":{\"@id\":\"https:\/\/nazarene.org\/es\/news\/distrito-de-iowa-elige-un-nuevo-superintendente\/#breadcrumb\"},\"inLanguage\":\"es\",\"potentialAction\":[{\"@type\":\"ReadAction\",\"target\":[\"https:\/\/nazarene.org\/es\/news\/distrito-de-iowa-elige-un-nuevo-superintendente\/\"]}]},{\"@type\":\"ImageObject\",\"inLanguage\":\"es\",\"@id\":\"https:\/\/nazarene.org\/es\/news\/distrito-de-iowa-elige-un-nuevo-superintendente\/#primaryimage\",\"url\":\"https:\/\/nazarene.org\/wp-content\/uploads\/2025\/02\/Tim-Carter.png\",\"contentUrl\":\"https:\/\/nazarene.org\/wp-content\/uploads\/2025\/02\/Tim-Carter.png\",\"width\":750,\"height\":400},{\"@type\":\"BreadcrumbList\",\"@id\":\"https:\/\/nazarene.org\/es\/news\/distrito-de-iowa-elige-un-nuevo-superintendente\/#breadcrumb\",\"itemListElement\":[{\"@type\":\"ListItem\",\"position\":1,\"name\":\"Home\",\"item\":\"https:\/\/nazarene.org\/es\/inicio\/\"},{\"@type\":\"ListItem\",\"position\":2,\"name\":\"News\",\"item\":\"https:\/\/nazarene.org\/es\/news\/\"},{\"@type\":\"ListItem\",\"position\":3,\"name\":\"Distrito de Iowa elige un nuevo superintendente\"}]},{\"@type\":\"WebSite\",\"@id\":\"https:\/\/nazarene.org\/es\/#website\",\"url\":\"https:\/\/nazarene.org\/es\/\",\"name\":\"Church of the Nazarene\",\"description\":\"Making Christlike Disciples in the Nations\",\"publisher\":{\"@id\":\"https:\/\/nazarene.org\/es\/#organization\"},\"potentialAction\":[{\"@type\":\"SearchAction\",\"target\":{\"@type\":\"EntryPoint\",\"urlTemplate\":\"https:\/\/nazarene.org\/es\/?s={search_term_string}\"},\"query-input\":{\"@type\":\"PropertyValueSpecification\",\"valueRequired\":true,\"valueName\":\"search_term_string\"}}],\"inLanguage\":\"es\"},{\"@type\":\"Organization\",\"@id\":\"https:\/\/nazarene.org\/es\/#organization\",\"name\":\"Church of the Nazarene\",\"url\":\"https:\/\/nazarene.org\/es\/\",\"logo\":{\"@type\":\"ImageObject\",\"inLanguage\":\"es\",\"@id\":\"https:\/\/nazarene.org\/es\/#\/schema\/logo\/image\/\",\"url\":\"https:\/\/nazarene.org\/wp-content\/uploads\/2024\/06\/Naz_Desktop_Black_Logo-1.svg\",\"contentUrl\":\"https:\/\/nazarene.org\/wp-content\/uploads\/2024\/06\/Naz_Desktop_Black_Logo-1.svg\",\"width\":258,\"height\":36,\"caption\":\"Church of the Nazarene\"},\"image\":{\"@id\":\"https:\/\/nazarene.org\/es\/#\/schema\/logo\/image\/\"},\"sameAs\":[\"https:\/\/www.facebook.com\/NazareneOfficial\/\",\"https:\/\/x.com\/Nazarene\",\"https:\/\/www.instagram.com\/nazareneofficial\/\"]}]}<\/script>\n<!-- \/ Yoast SEO Premium plugin. -->","yoast_head_json":{"title":"Distrito de Iowa elige un nuevo superintendente - Church of the Nazarene","robots":{"index":"index","follow":"follow","max-snippet":"max-snippet:-1","max-image-preview":"max-image-preview:large","max-video-preview":"max-video-preview:-1"},"canonical":"https:\/\/nazarene.org\/es\/news\/distrito-de-iowa-elige-un-nuevo-superintendente\/","og_locale":"es_ES","og_type":"article","og_title":"Distrito de Iowa elige un nuevo superintendente","og_description":"Timothy Carter fue elegido superintendente del Distrito de Iowa el 14 de julio de 2022. Ha pastoreado la Primera Iglesia de Cedar Rapids de la Nazarena desde 1997 y sirvi\u00f3 como secretario de distrito desde julio de 2013.","og_url":"https:\/\/nazarene.org\/es\/news\/distrito-de-iowa-elige-un-nuevo-superintendente\/","og_site_name":"Church of the Nazarene","article_publisher":"https:\/\/www.facebook.com\/NazareneOfficial\/","twitter_card":"summary_large_image","twitter_site":"@Nazarene","schema":{"@context":"https:\/\/schema.org","@graph":[{"@type":"WebPage","@id":"https:\/\/nazarene.org\/es\/news\/distrito-de-iowa-elige-un-nuevo-superintendente\/","url":"https:\/\/nazarene.org\/es\/news\/distrito-de-iowa-elige-un-nuevo-superintendente\/","name":"Distrito de Iowa elige un nuevo superintendente - Church of the Nazarene","isPartOf":{"@id":"https:\/\/nazarene.org\/es\/#website"},"primaryImageOfPage":{"@id":"https:\/\/nazarene.org\/es\/news\/distrito-de-iowa-elige-un-nuevo-superintendente\/#primaryimage"},"image":{"@id":"https:\/\/nazarene.org\/es\/news\/distrito-de-iowa-elige-un-nuevo-superintendente\/#primaryimage"},"thumbnailUrl":"https:\/\/nazarene.org\/wp-content\/uploads\/2025\/02\/Tim-Carter.png","datePublished":"2022-07-22T05:00:00+00:00","breadcrumb":{"@id":"https:\/\/nazarene.org\/es\/news\/distrito-de-iowa-elige-un-nuevo-superintendente\/#breadcrumb"},"inLanguage":"es","potentialAction":[{"@type":"ReadAction","target":["https:\/\/nazarene.org\/es\/news\/distrito-de-iowa-elige-un-nuevo-superintendente\/"]}]},{"@type":"ImageObject","inLanguage":"es","@id":"https:\/\/nazarene.org\/es\/news\/distrito-de-iowa-elige-un-nuevo-superintendente\/#primaryimage","url":"https:\/\/nazarene.org\/wp-content\/uploads\/2025\/02\/Tim-Carter.png","contentUrl":"https:\/\/nazarene.org\/wp-content\/uploads\/2025\/02\/Tim-Carter.png","width":750,"height":400},{"@type":"BreadcrumbList","@id":"https:\/\/nazarene.org\/es\/news\/distrito-de-iowa-elige-un-nuevo-superintendente\/#breadcrumb","itemListElement":[{"@type":"ListItem","position":1,"name":"Home","item":"https:\/\/nazarene.org\/es\/inicio\/"},{"@type":"ListItem","position":2,"name":"News","item":"https:\/\/nazarene.org\/es\/news\/"},{"@type":"ListItem","position":3,"name":"Distrito de Iowa elige un nuevo superintendente"}]},{"@type":"WebSite","@id":"https:\/\/nazarene.org\/es\/#website","url":"https:\/\/nazarene.org\/es\/","name":"Church of the Nazarene","description":"Making Christlike Disciples in the Nations","publisher":{"@id":"https:\/\/nazarene.org\/es\/#organization"},"potentialAction":[{"@type":"SearchAction","target":{"@type":"EntryPoint","urlTemplate":"https:\/\/nazarene.org\/es\/?s={search_term_string}"},"query-input":{"@type":"PropertyValueSpecification","valueRequired":true,"valueName":"search_term_string"}}],"inLanguage":"es"},{"@type":"Organization","@id":"https:\/\/nazarene.org\/es\/#organization","name":"Church of the Nazarene","url":"https:\/\/nazarene.org\/es\/","logo":{"@type":"ImageObject","inLanguage":"es","@id":"https:\/\/nazarene.org\/es\/#\/schema\/logo\/image\/","url":"https:\/\/nazarene.org\/wp-content\/uploads\/2024\/06\/Naz_Desktop_Black_Logo-1.svg","contentUrl":"https:\/\/nazarene.org\/wp-content\/uploads\/2024\/06\/Naz_Desktop_Black_Logo-1.svg","width":258,"height":36,"caption":"Church of the Nazarene"},"image":{"@id":"https:\/\/nazarene.org\/es\/#\/schema\/logo\/image\/"},"sameAs":["https:\/\/www.facebook.com\/NazareneOfficial\/","https:\/\/x.com\/Nazarene","https:\/\/www.instagram.com\/nazareneofficial\/"]}]}},"_links":{"self":[{"href":"https:\/\/nazarene.org\/es\/wp-json\/wp\/v2\/news\/45972","targetHints":{"allow":["GET"]}}],"collection":[{"href":"https:\/\/nazarene.org\/es\/wp-json\/wp\/v2\/news"}],"about":[{"href":"https:\/\/nazarene.org\/es\/wp-json\/wp\/v2\/types\/news"}],"author":[{"embeddable":true,"href":"https:\/\/nazarene.org\/es\/wp-json\/wp\/v2\/users\/1"}],"version-history":[{"count":0,"href":"https:\/\/nazarene.org\/es\/wp-json\/wp\/v2\/news\/45972\/revisions"}],"wp:featuredmedia":[{"embeddable":true,"href":"https:\/\/nazarene.org\/es\/wp-json\/wp\/v2\/media\/28626"}],"wp:attachment":[{"href":"https:\/\/nazarene.org\/es\/wp-json\/wp\/v2\/media?parent=45972"}],"wp:term":[{"taxonomy":"news-categories","embeddable":true,"href":"https:\/\/nazarene.org\/es\/wp-json\/wp\/v2\/news-categories?post=45972"},{"taxonomy":"news-region-taxonomy","embeddable":true,"href":"https:\/\/nazarene.org\/es\/wp-json\/wp\/v2\/news-region-taxonomy?post=45972"},{"taxonomy":"news-tag","embeddable":true,"href":"https:\/\/nazarene.org\/es\/wp-json\/wp\/v2\/news-tag?post=45972"}],"curies":[{"name":"wp","href":"https:\/\/api.w.org\/{rel}","templated":true}]}}