{"id":45889,"date":"2022-08-19T00:00:00","date_gmt":"2022-08-19T05:00:00","guid":{"rendered":"https:\/\/nazarene.org\/news\/chapman-international-college-celebra-su-primera-graduacion-en-su-centro-de-indianapolis\/"},"modified":"2025-07-01T20:52:09","modified_gmt":"2025-07-02T01:52:09","slug":"chapman-international-college-celebra-su-primera-graduacion-en-su-centro-de-indianapolis","status":"publish","type":"news","link":"https:\/\/nazarene.org\/es\/news\/chapman-international-college-celebra-su-primera-graduacion-en-su-centro-de-indianapolis\/","title":{"rendered":"Chapman International College celebra su primera graduaci\u00f3n en su Centro de Indianapolis"},"content":{"rendered":"<p>Fue un d\u00eda hist\u00f3rico para Chapman International College (CIC) cuando su Centro de Indianapolis celebr\u00f3 su primera ceremonia de graduaci\u00f3n el 23 de julio de 2022 en la Iglesia Indy Southside de la Nazarena en Indiana, Estados Unidos. Diez estudiantes de Myanmar recibieron su Diploma del Ministerio.<\/p>\n<p>Ray McCrary, pastor principal de la Iglesia Indy Southside y coordinador del Centro CIC Indianapolis, estaba demasiado feliz mientras daba la bienvenida a invitados, familias de candidatos, amigos y miembros de las comunidades de fe que estaban presentes en el evento.<\/p>\n<p>El Superintendente del Distrito de Indianapolis, Brian Wangler, dio el discurso de comienzo, hablando con entusiasmo en \u00abla llamada\u00bb de Isaiah 50. Cerr\u00f3 su mensaje con un desaf\u00edo a todos los graduados, \u00abEst\u00e1s donde est\u00e1s por nombramiento divino &#8230; por lo que establece tus corazones donde Dios los est\u00e1 liderando\u00bb.<\/p>\n<p>Mark Eugenio, canciller de CIC, tuvo la oportunidad y el privilegio de asistir a la ocasi\u00f3n y conferir f\u00edsicamente el diploma de los graduados. Usando &nbsp;Psalms37:23, &nbsp;carg\u00f3 a los graduados, \u00abEl Se\u00f1or se deleita en cada detalle no importa cu\u00e1n grande o peque\u00f1o. Entonces, con todas las decisiones de la vida y el ministerio, reconozca de todo coraz\u00f3n Su orientaci\u00f3n y sabidur\u00eda y apo\u00edese en la orientaci\u00f3n perfecta de la Palabra de Dios.<\/p>\n<p>Estos 10 graduados son los primeros estudiantes, primeros finalizadores en este hist\u00f3rico primer programa de comienzo en nuestro Centro de Indianapolis, dijo Eugenio. Esperamos tener m\u00e1s, \u00bfsabes?<\/p>\n<p>El programa de educaci\u00f3n m\u00f3vil de CIC fue iniciado hace m\u00e1s de cinco a\u00f1os por individuos visionarios que tienen una pasi\u00f3n por llegar al pueblo birmano. Esos l\u00edderes, incluido McCrary, Steve Rhoades, pastor de The Point Church &amp; Community Center; Ron Blake, ex superintendente del distrito de Indianapolis; Zo Zum, pastor de Myanmar y Bill Kwon, ex canciller de CIC, cre\u00edan que ofrecer programas ministeriales en el idioma birmano llevar\u00eda a la transformaci\u00f3n de las comunidades birmanas en los Estados Unidos.<\/p>\n<p><a href=\"https:\/\/asiapacificnazarene.org\/\" target=\"_blank\">Iglesia de la Nazarena de Asia-Pac\u00edfico<\/a><\/p>\n","protected":false},"excerpt":{"rendered":"<p>Fue un d\u00eda hist\u00f3rico para Chapman International College cuando su Centro de Indianapolis celebr\u00f3 su primera ceremonia de graduaci\u00f3n el 23 de julio de 2022 en la Iglesia Indy Southside de la Nazarena en Indiana, Estados Unidos. Diez estudiantes de Myanmar recibieron su Diploma del Ministerio.<\/p>\n","protected":false},"author":1,"featured_media":28702,"menu_order":0,"template":"","news-categories":[],"news-region-taxonomy":[],"news-tag":[764,878,1603,935,756],"class_list":["post-45889","news","type-news","status-publish","has-post-thumbnail","hentry","news-tag-ee-uu-canada","news-tag-escuela-colegial","news-tag-indiana-es","news-tag-myanmar-es","news-tag-region-asia-pacifico"],"yoast_head":"<!-- This site is optimized with the Yoast SEO Premium plugin v27.1 (Yoast SEO v27.1.1) - https:\/\/yoast.com\/product\/yoast-seo-premium-wordpress\/ -->\n<title>Chapman International College celebra su primera graduaci\u00f3n en su Centro de Indianapolis - Church of the Nazarene<\/title>\n<meta name=\"robots\" content=\"index, follow, max-snippet:-1, max-image-preview:large, max-video-preview:-1\" \/>\n<link rel=\"canonical\" href=\"https:\/\/nazarene.org\/es\/news\/chapman-international-college-celebra-su-primera-graduacion-en-su-centro-de-indianapolis\/\" \/>\n<meta property=\"og:locale\" content=\"es_ES\" \/>\n<meta property=\"og:type\" content=\"article\" \/>\n<meta property=\"og:title\" content=\"Chapman International College celebra su primera graduaci\u00f3n en su Centro de Indianapolis\" \/>\n<meta property=\"og:description\" content=\"Fue un d\u00eda hist\u00f3rico para Chapman International College cuando su Centro de Indianapolis celebr\u00f3 su primera ceremonia de graduaci\u00f3n el 23 de julio de 2022 en la Iglesia Indy Southside de la Nazarena en Indiana, Estados Unidos. Diez estudiantes de Myanmar recibieron su Diploma del Ministerio.\" \/>\n<meta property=\"og:url\" content=\"https:\/\/nazarene.org\/es\/news\/chapman-international-college-celebra-su-primera-graduacion-en-su-centro-de-indianapolis\/\" \/>\n<meta property=\"og:site_name\" content=\"Church of the Nazarene\" \/>\n<meta property=\"article:publisher\" content=\"https:\/\/www.facebook.com\/NazareneOfficial\/\" \/>\n<meta property=\"article:modified_time\" content=\"2025-07-02T01:52:09+00:00\" \/>\n<meta property=\"og:image\" content=\"https:\/\/nazarene.org\/wp-content\/uploads\/2025\/02\/Chapman.png\" \/>\n\t<meta property=\"og:image:width\" content=\"750\" \/>\n\t<meta property=\"og:image:height\" content=\"400\" \/>\n\t<meta property=\"og:image:type\" content=\"image\/png\" \/>\n<meta name=\"twitter:card\" content=\"summary_large_image\" \/>\n<meta name=\"twitter:site\" content=\"@Nazarene\" \/>\n<script type=\"application\/ld+json\" class=\"yoast-schema-graph\">{\"@context\":\"https:\/\/schema.org\",\"@graph\":[{\"@type\":\"WebPage\",\"@id\":\"https:\/\/nazarene.org\/es\/news\/chapman-international-college-celebra-su-primera-graduacion-en-su-centro-de-indianapolis\/\",\"url\":\"https:\/\/nazarene.org\/es\/news\/chapman-international-college-celebra-su-primera-graduacion-en-su-centro-de-indianapolis\/\",\"name\":\"Chapman International College celebra su primera graduaci\u00f3n en su Centro de Indianapolis - Church of the Nazarene\",\"isPartOf\":{\"@id\":\"https:\/\/nazarene.org\/es\/#website\"},\"primaryImageOfPage\":{\"@id\":\"https:\/\/nazarene.org\/es\/news\/chapman-international-college-celebra-su-primera-graduacion-en-su-centro-de-indianapolis\/#primaryimage\"},\"image\":{\"@id\":\"https:\/\/nazarene.org\/es\/news\/chapman-international-college-celebra-su-primera-graduacion-en-su-centro-de-indianapolis\/#primaryimage\"},\"thumbnailUrl\":\"https:\/\/nazarene.org\/wp-content\/uploads\/2025\/02\/Chapman.png\",\"datePublished\":\"2022-08-19T05:00:00+00:00\",\"dateModified\":\"2025-07-02T01:52:09+00:00\",\"breadcrumb\":{\"@id\":\"https:\/\/nazarene.org\/es\/news\/chapman-international-college-celebra-su-primera-graduacion-en-su-centro-de-indianapolis\/#breadcrumb\"},\"inLanguage\":\"es\",\"potentialAction\":[{\"@type\":\"ReadAction\",\"target\":[\"https:\/\/nazarene.org\/es\/news\/chapman-international-college-celebra-su-primera-graduacion-en-su-centro-de-indianapolis\/\"]}]},{\"@type\":\"ImageObject\",\"inLanguage\":\"es\",\"@id\":\"https:\/\/nazarene.org\/es\/news\/chapman-international-college-celebra-su-primera-graduacion-en-su-centro-de-indianapolis\/#primaryimage\",\"url\":\"https:\/\/nazarene.org\/wp-content\/uploads\/2025\/02\/Chapman.png\",\"contentUrl\":\"https:\/\/nazarene.org\/wp-content\/uploads\/2025\/02\/Chapman.png\",\"width\":750,\"height\":400},{\"@type\":\"BreadcrumbList\",\"@id\":\"https:\/\/nazarene.org\/es\/news\/chapman-international-college-celebra-su-primera-graduacion-en-su-centro-de-indianapolis\/#breadcrumb\",\"itemListElement\":[{\"@type\":\"ListItem\",\"position\":1,\"name\":\"Home\",\"item\":\"https:\/\/nazarene.org\/es\/inicio\/\"},{\"@type\":\"ListItem\",\"position\":2,\"name\":\"News\",\"item\":\"https:\/\/nazarene.org\/es\/news\/\"},{\"@type\":\"ListItem\",\"position\":3,\"name\":\"Chapman International College celebra su primera graduaci\u00f3n en su Centro de Indianapolis\"}]},{\"@type\":\"WebSite\",\"@id\":\"https:\/\/nazarene.org\/es\/#website\",\"url\":\"https:\/\/nazarene.org\/es\/\",\"name\":\"Church of the Nazarene\",\"description\":\"Making Christlike Disciples in the Nations\",\"publisher\":{\"@id\":\"https:\/\/nazarene.org\/es\/#organization\"},\"potentialAction\":[{\"@type\":\"SearchAction\",\"target\":{\"@type\":\"EntryPoint\",\"urlTemplate\":\"https:\/\/nazarene.org\/es\/?s={search_term_string}\"},\"query-input\":{\"@type\":\"PropertyValueSpecification\",\"valueRequired\":true,\"valueName\":\"search_term_string\"}}],\"inLanguage\":\"es\"},{\"@type\":\"Organization\",\"@id\":\"https:\/\/nazarene.org\/es\/#organization\",\"name\":\"Church of the Nazarene\",\"url\":\"https:\/\/nazarene.org\/es\/\",\"logo\":{\"@type\":\"ImageObject\",\"inLanguage\":\"es\",\"@id\":\"https:\/\/nazarene.org\/es\/#\/schema\/logo\/image\/\",\"url\":\"https:\/\/nazarene.org\/wp-content\/uploads\/2024\/06\/Naz_Desktop_Black_Logo-1.svg\",\"contentUrl\":\"https:\/\/nazarene.org\/wp-content\/uploads\/2024\/06\/Naz_Desktop_Black_Logo-1.svg\",\"width\":258,\"height\":36,\"caption\":\"Church of the Nazarene\"},\"image\":{\"@id\":\"https:\/\/nazarene.org\/es\/#\/schema\/logo\/image\/\"},\"sameAs\":[\"https:\/\/www.facebook.com\/NazareneOfficial\/\",\"https:\/\/x.com\/Nazarene\",\"https:\/\/www.instagram.com\/nazareneofficial\/\"]}]}<\/script>\n<!-- \/ Yoast SEO Premium plugin. -->","yoast_head_json":{"title":"Chapman International College celebra su primera graduaci\u00f3n en su Centro de Indianapolis - Church of the Nazarene","robots":{"index":"index","follow":"follow","max-snippet":"max-snippet:-1","max-image-preview":"max-image-preview:large","max-video-preview":"max-video-preview:-1"},"canonical":"https:\/\/nazarene.org\/es\/news\/chapman-international-college-celebra-su-primera-graduacion-en-su-centro-de-indianapolis\/","og_locale":"es_ES","og_type":"article","og_title":"Chapman International College celebra su primera graduaci\u00f3n en su Centro de Indianapolis","og_description":"Fue un d\u00eda hist\u00f3rico para Chapman International College cuando su Centro de Indianapolis celebr\u00f3 su primera ceremonia de graduaci\u00f3n el 23 de julio de 2022 en la Iglesia Indy Southside de la Nazarena en Indiana, Estados Unidos. Diez estudiantes de Myanmar recibieron su Diploma del Ministerio.","og_url":"https:\/\/nazarene.org\/es\/news\/chapman-international-college-celebra-su-primera-graduacion-en-su-centro-de-indianapolis\/","og_site_name":"Church of the Nazarene","article_publisher":"https:\/\/www.facebook.com\/NazareneOfficial\/","article_modified_time":"2025-07-02T01:52:09+00:00","og_image":[{"width":750,"height":400,"url":"https:\/\/nazarene.org\/wp-content\/uploads\/2025\/02\/Chapman.png","type":"image\/png"}],"twitter_card":"summary_large_image","twitter_site":"@Nazarene","schema":{"@context":"https:\/\/schema.org","@graph":[{"@type":"WebPage","@id":"https:\/\/nazarene.org\/es\/news\/chapman-international-college-celebra-su-primera-graduacion-en-su-centro-de-indianapolis\/","url":"https:\/\/nazarene.org\/es\/news\/chapman-international-college-celebra-su-primera-graduacion-en-su-centro-de-indianapolis\/","name":"Chapman International College celebra su primera graduaci\u00f3n en su Centro de Indianapolis - Church of the Nazarene","isPartOf":{"@id":"https:\/\/nazarene.org\/es\/#website"},"primaryImageOfPage":{"@id":"https:\/\/nazarene.org\/es\/news\/chapman-international-college-celebra-su-primera-graduacion-en-su-centro-de-indianapolis\/#primaryimage"},"image":{"@id":"https:\/\/nazarene.org\/es\/news\/chapman-international-college-celebra-su-primera-graduacion-en-su-centro-de-indianapolis\/#primaryimage"},"thumbnailUrl":"https:\/\/nazarene.org\/wp-content\/uploads\/2025\/02\/Chapman.png","datePublished":"2022-08-19T05:00:00+00:00","dateModified":"2025-07-02T01:52:09+00:00","breadcrumb":{"@id":"https:\/\/nazarene.org\/es\/news\/chapman-international-college-celebra-su-primera-graduacion-en-su-centro-de-indianapolis\/#breadcrumb"},"inLanguage":"es","potentialAction":[{"@type":"ReadAction","target":["https:\/\/nazarene.org\/es\/news\/chapman-international-college-celebra-su-primera-graduacion-en-su-centro-de-indianapolis\/"]}]},{"@type":"ImageObject","inLanguage":"es","@id":"https:\/\/nazarene.org\/es\/news\/chapman-international-college-celebra-su-primera-graduacion-en-su-centro-de-indianapolis\/#primaryimage","url":"https:\/\/nazarene.org\/wp-content\/uploads\/2025\/02\/Chapman.png","contentUrl":"https:\/\/nazarene.org\/wp-content\/uploads\/2025\/02\/Chapman.png","width":750,"height":400},{"@type":"BreadcrumbList","@id":"https:\/\/nazarene.org\/es\/news\/chapman-international-college-celebra-su-primera-graduacion-en-su-centro-de-indianapolis\/#breadcrumb","itemListElement":[{"@type":"ListItem","position":1,"name":"Home","item":"https:\/\/nazarene.org\/es\/inicio\/"},{"@type":"ListItem","position":2,"name":"News","item":"https:\/\/nazarene.org\/es\/news\/"},{"@type":"ListItem","position":3,"name":"Chapman International College celebra su primera graduaci\u00f3n en su Centro de Indianapolis"}]},{"@type":"WebSite","@id":"https:\/\/nazarene.org\/es\/#website","url":"https:\/\/nazarene.org\/es\/","name":"Church of the Nazarene","description":"Making Christlike Disciples in the Nations","publisher":{"@id":"https:\/\/nazarene.org\/es\/#organization"},"potentialAction":[{"@type":"SearchAction","target":{"@type":"EntryPoint","urlTemplate":"https:\/\/nazarene.org\/es\/?s={search_term_string}"},"query-input":{"@type":"PropertyValueSpecification","valueRequired":true,"valueName":"search_term_string"}}],"inLanguage":"es"},{"@type":"Organization","@id":"https:\/\/nazarene.org\/es\/#organization","name":"Church of the Nazarene","url":"https:\/\/nazarene.org\/es\/","logo":{"@type":"ImageObject","inLanguage":"es","@id":"https:\/\/nazarene.org\/es\/#\/schema\/logo\/image\/","url":"https:\/\/nazarene.org\/wp-content\/uploads\/2024\/06\/Naz_Desktop_Black_Logo-1.svg","contentUrl":"https:\/\/nazarene.org\/wp-content\/uploads\/2024\/06\/Naz_Desktop_Black_Logo-1.svg","width":258,"height":36,"caption":"Church of the Nazarene"},"image":{"@id":"https:\/\/nazarene.org\/es\/#\/schema\/logo\/image\/"},"sameAs":["https:\/\/www.facebook.com\/NazareneOfficial\/","https:\/\/x.com\/Nazarene","https:\/\/www.instagram.com\/nazareneofficial\/"]}]}},"_links":{"self":[{"href":"https:\/\/nazarene.org\/es\/wp-json\/wp\/v2\/news\/45889","targetHints":{"allow":["GET"]}}],"collection":[{"href":"https:\/\/nazarene.org\/es\/wp-json\/wp\/v2\/news"}],"about":[{"href":"https:\/\/nazarene.org\/es\/wp-json\/wp\/v2\/types\/news"}],"author":[{"embeddable":true,"href":"https:\/\/nazarene.org\/es\/wp-json\/wp\/v2\/users\/1"}],"version-history":[{"count":0,"href":"https:\/\/nazarene.org\/es\/wp-json\/wp\/v2\/news\/45889\/revisions"}],"wp:featuredmedia":[{"embeddable":true,"href":"https:\/\/nazarene.org\/es\/wp-json\/wp\/v2\/media\/28702"}],"wp:attachment":[{"href":"https:\/\/nazarene.org\/es\/wp-json\/wp\/v2\/media?parent=45889"}],"wp:term":[{"taxonomy":"news-categories","embeddable":true,"href":"https:\/\/nazarene.org\/es\/wp-json\/wp\/v2\/news-categories?post=45889"},{"taxonomy":"news-region-taxonomy","embeddable":true,"href":"https:\/\/nazarene.org\/es\/wp-json\/wp\/v2\/news-region-taxonomy?post=45889"},{"taxonomy":"news-tag","embeddable":true,"href":"https:\/\/nazarene.org\/es\/wp-json\/wp\/v2\/news-tag?post=45889"}],"curies":[{"name":"wp","href":"https:\/\/api.w.org\/{rel}","templated":true}]}}