{"id":45719,"date":"2022-10-20T00:00:00","date_gmt":"2022-10-20T05:00:00","guid":{"rendered":"https:\/\/nazarene.org\/news\/ga-kids-trae-la-programacion-de-ninos-a-la-asamblea-general\/"},"modified":"2022-10-20T00:00:00","modified_gmt":"2022-10-20T05:00:00","slug":"ga-kids-trae-la-programacion-de-ninos-a-la-asamblea-general","status":"publish","type":"news","link":"https:\/\/nazarene.org\/es\/news\/ga-kids-trae-la-programacion-de-ninos-a-la-asamblea-general\/","title":{"rendered":"GA Kids trae la programaci\u00f3n de ni\u00f1os a la Asamblea General"},"content":{"rendered":"<p>La conferencia de GA Kids, junto con World Quiz 2023, traer\u00e1 la programaci\u00f3n de ni\u00f1os a la Asamblea General como nunca antes. Durante los servicios de la noche del 9 al 11 de junio de 2023 en la 30\u00aa Asamblea General y Convenciones, GA Kids ser\u00e1 un ministerio intencional para ni\u00f1os y familias.<\/p>\n<p>GA Kids presentar\u00e1 servicios para la primera infancia y ni\u00f1os elementales, un servicio de adoraci\u00f3n intergeneracional y oportunidades atractivas para que toda la familia se conecte con su familia nazarena global, todo a un costo m\u00ednimo.<\/p>\n<p>La Asamblea General y Convenciones 2023 ser\u00e1n como ninguna otra reuni\u00f3n que hayamos tenido en el pasado, dijo Scott Rainey, director global de Discipleship Nazareno Internacional. Habr\u00e1 actividades para todas las edades durante el fin de semana del 9 al 11 de junio de 2023.<\/p>\n<p>GA Kids tendr\u00e1 servicios espec\u00edficos de la edad para la primera infancia (3 a\u00f1os y orfanato entrenado a trav\u00e9s del jard\u00edn de ni\u00f1os completo) y elemental (completado el primer grado al 6\u00ba grado) el viernes, el s\u00e1bado y el domingo por la noche. El servicio principal del domingo por la ma\u00f1ana de la Asamblea General y Convenciones ser\u00e1 un servicio intergeneracional con servicios espec\u00edficos de edad solo para la primera infancia.<\/p>\n<p>La programaci\u00f3n de los ni\u00f1os est\u00e1 dirigida por un comit\u00e9 de GA Kids compuesto por pastores nazarenos, liderado por Trey y Candace Brooks de Equip a Engage.<\/p>\n<p>Candice y yo estamos emocionados de liderar un equipo talentoso de l\u00edderes de ni\u00f1os nazarenos para este incre\u00edble ministerio invirtiendo en las vidas de los ni\u00f1os y sus familias, dijo Trey. Esperamos ver a toda su familia all\u00ed.<\/p>\n<p>Las familias tambi\u00e9n son bienvenidas a asistir al World Quiz 2023 el s\u00e1bado 10 de junio de 2023.<\/p>\n<p>Mientras los quizzers se preparan para World Quiz 2023, est\u00e1n estudiando 1 y 2 Samuel intensamente, dijo Dorothy Whipp, coordinadora de World Quiz 2023. El 10 de junio ser\u00e1 un d\u00eda tan emocionante como miles de estudiantes y familias se reunir\u00e1n para esta experiencia inolvidable.<\/p>\n<p>Reg\u00edstrese hoy para GA Kids <a href=\"https:\/\/cvent.me\/YbN5nd\" target=\"_blank\">siguiendo este enlace<\/a>. El registro cierra el 8 de mayo de 2023.<\/p>\n<p>Si su familia alguna vez ha considerado venir a la Asamblea General, este es el a\u00f1o que vendr\u00e1, dijo Rainey. Cada grupo de edad estar\u00e1 contento de que lo hicieras.<\/p>\n<p>Se necesitar\u00e1n muchos voluntarios para GA Kids. Para aprender m\u00e1s sobre c\u00f3mo puede ayudar, haga <a href=\"https:\/\/www.nazarene.org\/article\/volunteers-needed-ga-kids-world-quiz-2023\" target=\"_blank\">clic aqu\u00ed<\/a>.<br \/>\nPara m\u00e1s informaci\u00f3n sobre &nbsp;la 30\u00aa Asamblea General y Convenciones, haga <a href=\"https:\/\/ga2023.nazarene.org\/\" target=\"_blank\">clic aqu\u00ed<\/a>.<\/p>\n","protected":false},"excerpt":{"rendered":"<p>La conferencia de GA Kids, junto con World Quiz 2023, traer\u00e1 la programaci\u00f3n de ni\u00f1os a la Asamblea General como nunca antes. Durante los servicios de la noche del 9 al 11 de junio de 2023 en la 30\u00aa Asamblea General y Convenciones, GA Kids ser\u00e1 un ministerio intencional para ni\u00f1os y familias.<\/p>\n","protected":false},"author":1,"featured_media":28878,"menu_order":0,"template":"","news-categories":[],"news-region-taxonomy":[],"news-tag":[1644],"class_list":["post-45719","news","type-news","status-publish","has-post-thumbnail","hentry","news-tag-30a-asamblea-general"],"yoast_head":"<!-- This site is optimized with the Yoast SEO Premium plugin v27.1 (Yoast SEO v27.1.1) - https:\/\/yoast.com\/product\/yoast-seo-premium-wordpress\/ -->\n<title>GA Kids trae la programaci\u00f3n de ni\u00f1os a la Asamblea General - Church of the Nazarene<\/title>\n<meta name=\"robots\" content=\"index, follow, max-snippet:-1, max-image-preview:large, max-video-preview:-1\" \/>\n<link rel=\"canonical\" href=\"https:\/\/nazarene.org\/es\/news\/ga-kids-trae-la-programacion-de-ninos-a-la-asamblea-general\/\" \/>\n<meta property=\"og:locale\" content=\"es_ES\" \/>\n<meta property=\"og:type\" content=\"article\" \/>\n<meta property=\"og:title\" content=\"GA Kids trae la programaci\u00f3n de ni\u00f1os a la Asamblea General\" \/>\n<meta property=\"og:description\" content=\"La conferencia de GA Kids, junto con World Quiz 2023, traer\u00e1 la programaci\u00f3n de ni\u00f1os a la Asamblea General como nunca antes. Durante los servicios de la noche del 9 al 11 de junio de 2023 en la 30\u00aa Asamblea General y Convenciones, GA Kids ser\u00e1 un ministerio intencional para ni\u00f1os y familias.\" \/>\n<meta property=\"og:url\" content=\"https:\/\/nazarene.org\/es\/news\/ga-kids-trae-la-programacion-de-ninos-a-la-asamblea-general\/\" \/>\n<meta property=\"og:site_name\" content=\"Church of the Nazarene\" \/>\n<meta property=\"article:publisher\" content=\"https:\/\/www.facebook.com\/NazareneOfficial\/\" \/>\n<meta name=\"twitter:card\" content=\"summary_large_image\" \/>\n<meta name=\"twitter:site\" content=\"@Nazarene\" \/>\n<script type=\"application\/ld+json\" class=\"yoast-schema-graph\">{\"@context\":\"https:\/\/schema.org\",\"@graph\":[{\"@type\":\"WebPage\",\"@id\":\"https:\/\/nazarene.org\/es\/news\/ga-kids-trae-la-programacion-de-ninos-a-la-asamblea-general\/\",\"url\":\"https:\/\/nazarene.org\/es\/news\/ga-kids-trae-la-programacion-de-ninos-a-la-asamblea-general\/\",\"name\":\"GA Kids trae la programaci\u00f3n de ni\u00f1os a la Asamblea General - Church of the Nazarene\",\"isPartOf\":{\"@id\":\"https:\/\/nazarene.org\/es\/#website\"},\"primaryImageOfPage\":{\"@id\":\"https:\/\/nazarene.org\/es\/news\/ga-kids-trae-la-programacion-de-ninos-a-la-asamblea-general\/#primaryimage\"},\"image\":{\"@id\":\"https:\/\/nazarene.org\/es\/news\/ga-kids-trae-la-programacion-de-ninos-a-la-asamblea-general\/#primaryimage\"},\"thumbnailUrl\":\"https:\/\/nazarene.org\/wp-content\/uploads\/2025\/02\/World-Quiz-2017.jpg\",\"datePublished\":\"2022-10-20T05:00:00+00:00\",\"breadcrumb\":{\"@id\":\"https:\/\/nazarene.org\/es\/news\/ga-kids-trae-la-programacion-de-ninos-a-la-asamblea-general\/#breadcrumb\"},\"inLanguage\":\"es\",\"potentialAction\":[{\"@type\":\"ReadAction\",\"target\":[\"https:\/\/nazarene.org\/es\/news\/ga-kids-trae-la-programacion-de-ninos-a-la-asamblea-general\/\"]}]},{\"@type\":\"ImageObject\",\"inLanguage\":\"es\",\"@id\":\"https:\/\/nazarene.org\/es\/news\/ga-kids-trae-la-programacion-de-ninos-a-la-asamblea-general\/#primaryimage\",\"url\":\"https:\/\/nazarene.org\/wp-content\/uploads\/2025\/02\/World-Quiz-2017.jpg\",\"contentUrl\":\"https:\/\/nazarene.org\/wp-content\/uploads\/2025\/02\/World-Quiz-2017.jpg\",\"width\":750,\"height\":400},{\"@type\":\"BreadcrumbList\",\"@id\":\"https:\/\/nazarene.org\/es\/news\/ga-kids-trae-la-programacion-de-ninos-a-la-asamblea-general\/#breadcrumb\",\"itemListElement\":[{\"@type\":\"ListItem\",\"position\":1,\"name\":\"Home\",\"item\":\"https:\/\/nazarene.org\/es\/inicio\/\"},{\"@type\":\"ListItem\",\"position\":2,\"name\":\"News\",\"item\":\"https:\/\/nazarene.org\/es\/news\/\"},{\"@type\":\"ListItem\",\"position\":3,\"name\":\"GA Kids trae la programaci\u00f3n de ni\u00f1os a la Asamblea General\"}]},{\"@type\":\"WebSite\",\"@id\":\"https:\/\/nazarene.org\/es\/#website\",\"url\":\"https:\/\/nazarene.org\/es\/\",\"name\":\"Church of the Nazarene\",\"description\":\"Making Christlike Disciples in the Nations\",\"publisher\":{\"@id\":\"https:\/\/nazarene.org\/es\/#organization\"},\"potentialAction\":[{\"@type\":\"SearchAction\",\"target\":{\"@type\":\"EntryPoint\",\"urlTemplate\":\"https:\/\/nazarene.org\/es\/?s={search_term_string}\"},\"query-input\":{\"@type\":\"PropertyValueSpecification\",\"valueRequired\":true,\"valueName\":\"search_term_string\"}}],\"inLanguage\":\"es\"},{\"@type\":\"Organization\",\"@id\":\"https:\/\/nazarene.org\/es\/#organization\",\"name\":\"Church of the Nazarene\",\"url\":\"https:\/\/nazarene.org\/es\/\",\"logo\":{\"@type\":\"ImageObject\",\"inLanguage\":\"es\",\"@id\":\"https:\/\/nazarene.org\/es\/#\/schema\/logo\/image\/\",\"url\":\"https:\/\/nazarene.org\/wp-content\/uploads\/2024\/06\/Naz_Desktop_Black_Logo-1.svg\",\"contentUrl\":\"https:\/\/nazarene.org\/wp-content\/uploads\/2024\/06\/Naz_Desktop_Black_Logo-1.svg\",\"width\":258,\"height\":36,\"caption\":\"Church of the Nazarene\"},\"image\":{\"@id\":\"https:\/\/nazarene.org\/es\/#\/schema\/logo\/image\/\"},\"sameAs\":[\"https:\/\/www.facebook.com\/NazareneOfficial\/\",\"https:\/\/x.com\/Nazarene\",\"https:\/\/www.instagram.com\/nazareneofficial\/\"]}]}<\/script>\n<!-- \/ Yoast SEO Premium plugin. -->","yoast_head_json":{"title":"GA Kids trae la programaci\u00f3n de ni\u00f1os a la Asamblea General - Church of the Nazarene","robots":{"index":"index","follow":"follow","max-snippet":"max-snippet:-1","max-image-preview":"max-image-preview:large","max-video-preview":"max-video-preview:-1"},"canonical":"https:\/\/nazarene.org\/es\/news\/ga-kids-trae-la-programacion-de-ninos-a-la-asamblea-general\/","og_locale":"es_ES","og_type":"article","og_title":"GA Kids trae la programaci\u00f3n de ni\u00f1os a la Asamblea General","og_description":"La conferencia de GA Kids, junto con World Quiz 2023, traer\u00e1 la programaci\u00f3n de ni\u00f1os a la Asamblea General como nunca antes. Durante los servicios de la noche del 9 al 11 de junio de 2023 en la 30\u00aa Asamblea General y Convenciones, GA Kids ser\u00e1 un ministerio intencional para ni\u00f1os y familias.","og_url":"https:\/\/nazarene.org\/es\/news\/ga-kids-trae-la-programacion-de-ninos-a-la-asamblea-general\/","og_site_name":"Church of the Nazarene","article_publisher":"https:\/\/www.facebook.com\/NazareneOfficial\/","twitter_card":"summary_large_image","twitter_site":"@Nazarene","schema":{"@context":"https:\/\/schema.org","@graph":[{"@type":"WebPage","@id":"https:\/\/nazarene.org\/es\/news\/ga-kids-trae-la-programacion-de-ninos-a-la-asamblea-general\/","url":"https:\/\/nazarene.org\/es\/news\/ga-kids-trae-la-programacion-de-ninos-a-la-asamblea-general\/","name":"GA Kids trae la programaci\u00f3n de ni\u00f1os a la Asamblea General - Church of the Nazarene","isPartOf":{"@id":"https:\/\/nazarene.org\/es\/#website"},"primaryImageOfPage":{"@id":"https:\/\/nazarene.org\/es\/news\/ga-kids-trae-la-programacion-de-ninos-a-la-asamblea-general\/#primaryimage"},"image":{"@id":"https:\/\/nazarene.org\/es\/news\/ga-kids-trae-la-programacion-de-ninos-a-la-asamblea-general\/#primaryimage"},"thumbnailUrl":"https:\/\/nazarene.org\/wp-content\/uploads\/2025\/02\/World-Quiz-2017.jpg","datePublished":"2022-10-20T05:00:00+00:00","breadcrumb":{"@id":"https:\/\/nazarene.org\/es\/news\/ga-kids-trae-la-programacion-de-ninos-a-la-asamblea-general\/#breadcrumb"},"inLanguage":"es","potentialAction":[{"@type":"ReadAction","target":["https:\/\/nazarene.org\/es\/news\/ga-kids-trae-la-programacion-de-ninos-a-la-asamblea-general\/"]}]},{"@type":"ImageObject","inLanguage":"es","@id":"https:\/\/nazarene.org\/es\/news\/ga-kids-trae-la-programacion-de-ninos-a-la-asamblea-general\/#primaryimage","url":"https:\/\/nazarene.org\/wp-content\/uploads\/2025\/02\/World-Quiz-2017.jpg","contentUrl":"https:\/\/nazarene.org\/wp-content\/uploads\/2025\/02\/World-Quiz-2017.jpg","width":750,"height":400},{"@type":"BreadcrumbList","@id":"https:\/\/nazarene.org\/es\/news\/ga-kids-trae-la-programacion-de-ninos-a-la-asamblea-general\/#breadcrumb","itemListElement":[{"@type":"ListItem","position":1,"name":"Home","item":"https:\/\/nazarene.org\/es\/inicio\/"},{"@type":"ListItem","position":2,"name":"News","item":"https:\/\/nazarene.org\/es\/news\/"},{"@type":"ListItem","position":3,"name":"GA Kids trae la programaci\u00f3n de ni\u00f1os a la Asamblea General"}]},{"@type":"WebSite","@id":"https:\/\/nazarene.org\/es\/#website","url":"https:\/\/nazarene.org\/es\/","name":"Church of the Nazarene","description":"Making Christlike Disciples in the Nations","publisher":{"@id":"https:\/\/nazarene.org\/es\/#organization"},"potentialAction":[{"@type":"SearchAction","target":{"@type":"EntryPoint","urlTemplate":"https:\/\/nazarene.org\/es\/?s={search_term_string}"},"query-input":{"@type":"PropertyValueSpecification","valueRequired":true,"valueName":"search_term_string"}}],"inLanguage":"es"},{"@type":"Organization","@id":"https:\/\/nazarene.org\/es\/#organization","name":"Church of the Nazarene","url":"https:\/\/nazarene.org\/es\/","logo":{"@type":"ImageObject","inLanguage":"es","@id":"https:\/\/nazarene.org\/es\/#\/schema\/logo\/image\/","url":"https:\/\/nazarene.org\/wp-content\/uploads\/2024\/06\/Naz_Desktop_Black_Logo-1.svg","contentUrl":"https:\/\/nazarene.org\/wp-content\/uploads\/2024\/06\/Naz_Desktop_Black_Logo-1.svg","width":258,"height":36,"caption":"Church of the Nazarene"},"image":{"@id":"https:\/\/nazarene.org\/es\/#\/schema\/logo\/image\/"},"sameAs":["https:\/\/www.facebook.com\/NazareneOfficial\/","https:\/\/x.com\/Nazarene","https:\/\/www.instagram.com\/nazareneofficial\/"]}]}},"_links":{"self":[{"href":"https:\/\/nazarene.org\/es\/wp-json\/wp\/v2\/news\/45719","targetHints":{"allow":["GET"]}}],"collection":[{"href":"https:\/\/nazarene.org\/es\/wp-json\/wp\/v2\/news"}],"about":[{"href":"https:\/\/nazarene.org\/es\/wp-json\/wp\/v2\/types\/news"}],"author":[{"embeddable":true,"href":"https:\/\/nazarene.org\/es\/wp-json\/wp\/v2\/users\/1"}],"version-history":[{"count":0,"href":"https:\/\/nazarene.org\/es\/wp-json\/wp\/v2\/news\/45719\/revisions"}],"wp:featuredmedia":[{"embeddable":true,"href":"https:\/\/nazarene.org\/es\/wp-json\/wp\/v2\/media\/28878"}],"wp:attachment":[{"href":"https:\/\/nazarene.org\/es\/wp-json\/wp\/v2\/media?parent=45719"}],"wp:term":[{"taxonomy":"news-categories","embeddable":true,"href":"https:\/\/nazarene.org\/es\/wp-json\/wp\/v2\/news-categories?post=45719"},{"taxonomy":"news-region-taxonomy","embeddable":true,"href":"https:\/\/nazarene.org\/es\/wp-json\/wp\/v2\/news-region-taxonomy?post=45719"},{"taxonomy":"news-tag","embeddable":true,"href":"https:\/\/nazarene.org\/es\/wp-json\/wp\/v2\/news-tag?post=45719"}],"curies":[{"name":"wp","href":"https:\/\/api.w.org\/{rel}","templated":true}]}}