{"id":45450,"date":"2022-12-08T00:00:00","date_gmt":"2022-12-08T06:00:00","guid":{"rendered":"https:\/\/nazarene.org\/news\/el-ministerio-de-oracion-del-tribunal-de-ecuador-encuentra-exito\/"},"modified":"2022-12-08T00:00:00","modified_gmt":"2022-12-08T06:00:00","slug":"el-ministerio-de-oracion-del-tribunal-de-ecuador-encuentra-exito","status":"publish","type":"news","link":"https:\/\/nazarene.org\/es\/news\/el-ministerio-de-oracion-del-tribunal-de-ecuador-encuentra-exito\/","title":{"rendered":"El ministerio de oraci\u00f3n del tribunal de Ecuador encuentra \u00e9xito"},"content":{"rendered":"<p>Pastor Marcelo Fretes y su equipo del ministerio de oraci\u00f3n se encuentran fuera de su tribunal local semanalmente en Latacunga, Ecuador. Muchos han parado a solicitar una oraci\u00f3n para aliviar sus cargas.<\/p>\n<p>Fretes se inspir\u00f3 a comenzar el ministerio despu\u00e9s de ser testigo de otro ministerio de oraci\u00f3n mientras visitaba una congregaci\u00f3n en Kokomo, Indiana, Estados Unidos. Vio c\u00f3mo un grupo de personas de la iglesia estableci\u00f3 una mesa y ofreci\u00f3 oraci\u00f3n a los espectadores.<\/p>\n<p>Algunas personas aceptar\u00edan esas oraciones, y algunas no lo hicieron, dijo Fretes. Recuerdo a una dama embarazada que se detuvo en la mesa para solicitar oraci\u00f3n; estaba a punto de ir al tribunal. Su rostro parec\u00eda preocupado, pero despu\u00e9s del tiempo de oraci\u00f3n, parec\u00eda esperanzada.<\/p>\n<p>Esta experiencia impact\u00f3 tanto la vida de Fretes que decidi\u00f3 comenzar un ministerio similar en Latacunga. \u00c9l y su equipo establecieron una bandera que dec\u00eda, \u00abQueremos orar por usted\u00bb. Cada semana, 15-20 personas se acercan al equipo de oraci\u00f3n desean&nbsp;do ser orados.<\/p>\n<p>Un d\u00eda, una mujer vino a solicitar oraci\u00f3n, dijo Fretes. Despu\u00e9s de que el equipo or\u00f3 por ella, sac\u00f3 dinero de su bolsa. El equipo le dijo que la oraci\u00f3n era gratis. Cuando la mujer escuch\u00f3 eso, comenz\u00f3 a llorar porque no pod\u00eda creer que la paz que sent\u00eda era [vino libre de costo]..<\/p>\n<p>Karla Vallejo y Amparo Bonilla son parte del equipo de oraci\u00f3n que se muestra fielmente en el tribunal semanalmente. Bonilla extrajo su inspiraci\u00f3n para participar en el ministerio de oraci\u00f3n viendo c\u00f3mo los misioneros trabajaron en Latacunga.<\/p>\n<p>Mi motivaci\u00f3n para participar en este ministerio es ayudar a las personas, dijo Bonilla. Vi c\u00f3mo los misioneros [trabajaron] en Latacunga, que me inspir\u00f3 a involucrarme en misiones.<\/p>\n<p>Karla Vallejo es una creyente firme en la oraci\u00f3n. Cuando particip\u00f3 en un evento de oraci\u00f3n en la comunidad, se dio cuenta de las cargas de las personas que llevan con ellas.<\/p>\n<p>Me doy cuenta de que siempre tenemos algo por qu\u00e9 orar, dijo Vallejo. Siempre hay una necesidad, un miedo, un dolor o enfermedad; cuando no conocemos a Jes\u00fas, estamos cautivos de esos sentimientos, y solo la Palabra puede liberarnos.<\/p>\n<p>Fretes ha sido testigo de la mirada del miedo y la desesperaci\u00f3n de muchos antes o despu\u00e9s de entrar en el tribunal.<\/p>\n<p>Las personas que obtienen all\u00ed [el tribunal] llegan con un coraz\u00f3n pesado, dijo Fretes. Muchos est\u00e1n a punto de recibir una sentencia ese d\u00eda, y antes de entrar en ese lugar, pueden encontrar a personas que pueden orar por ellos y ayudarlos a llevar una carga. Esas personas entran con un sentido de paz para enfrentar lo que sea que necesiten enfrentar.<\/p>\n<p>En las ciudades vecinas, otros pastores, tanto nazarenos como no nazarenos han visto el impacto que la iglesia de Latacunga est\u00e1 haciendo y est\u00e1n buscando replicar el ministerio de oraci\u00f3n en su ciudad.<\/p>\n<p>Fretes se siente obligado a involucrarse en cualquier lugar que vea una necesidad. Una Escritura que lo impuls\u00f3 a &nbsp;sumergirse en su comunidad &nbsp;en Mateo 9:35.<\/p>\n<p>La necesidad est\u00e1 all\u00ed fuera, dijo Fretes. Jes\u00fas ir\u00eda donde estaba la necesidad. Se preocupar\u00eda por el ciego y el cojo. Este es nuestro tiempo (ahora) para ver la gloria de Dios. Puede preguntarse qu\u00e9 puedes hacer; puedes hacer mucho. Los recursos siempre seguir\u00e1n la visi\u00f3n. Puede hacer grandes cosas con lo poco que puede tener.<\/p>\n","protected":false},"excerpt":{"rendered":"<p>Pastor Marcelo Fretes y su equipo del ministerio de oraci\u00f3n se encuentran fuera de su tribunal local semanalmente en Latacunga, Ecuador. Muchos han parado a solicitar una oraci\u00f3n para aliviar su carga.<\/p>\n","protected":false},"author":1,"featured_media":28986,"menu_order":0,"template":"","news-categories":[],"news-region-taxonomy":[],"news-tag":[813,829],"class_list":["post-45450","news","type-news","status-publish","has-post-thumbnail","hentry","news-tag-america-del-sur","news-tag-ecuador-es"],"yoast_head":"<!-- This site is optimized with the Yoast SEO Premium plugin v27.1 (Yoast SEO v27.1.1) - https:\/\/yoast.com\/product\/yoast-seo-premium-wordpress\/ -->\n<title>El ministerio de oraci\u00f3n del tribunal de Ecuador encuentra \u00e9xito - Church of the Nazarene<\/title>\n<meta name=\"robots\" content=\"index, follow, max-snippet:-1, max-image-preview:large, max-video-preview:-1\" \/>\n<link rel=\"canonical\" href=\"https:\/\/nazarene.org\/es\/news\/el-ministerio-de-oracion-del-tribunal-de-ecuador-encuentra-exito\/\" \/>\n<meta property=\"og:locale\" content=\"es_ES\" \/>\n<meta property=\"og:type\" content=\"article\" \/>\n<meta property=\"og:title\" content=\"El ministerio de oraci\u00f3n del tribunal de Ecuador encuentra \u00e9xito\" \/>\n<meta property=\"og:description\" content=\"Pastor Marcelo Fretes y su equipo del ministerio de oraci\u00f3n se encuentran fuera de su tribunal local semanalmente en Latacunga, Ecuador. Muchos han parado a solicitar una oraci\u00f3n para aliviar su carga.\" \/>\n<meta property=\"og:url\" content=\"https:\/\/nazarene.org\/es\/news\/el-ministerio-de-oracion-del-tribunal-de-ecuador-encuentra-exito\/\" \/>\n<meta property=\"og:site_name\" content=\"Church of the Nazarene\" \/>\n<meta property=\"article:publisher\" content=\"https:\/\/www.facebook.com\/NazareneOfficial\/\" \/>\n<meta name=\"twitter:card\" content=\"summary_large_image\" \/>\n<meta name=\"twitter:site\" content=\"@Nazarene\" \/>\n<script type=\"application\/ld+json\" class=\"yoast-schema-graph\">{\"@context\":\"https:\/\/schema.org\",\"@graph\":[{\"@type\":\"WebPage\",\"@id\":\"https:\/\/nazarene.org\/es\/news\/el-ministerio-de-oracion-del-tribunal-de-ecuador-encuentra-exito\/\",\"url\":\"https:\/\/nazarene.org\/es\/news\/el-ministerio-de-oracion-del-tribunal-de-ecuador-encuentra-exito\/\",\"name\":\"El ministerio de oraci\u00f3n del tribunal de Ecuador encuentra \u00e9xito - Church of the Nazarene\",\"isPartOf\":{\"@id\":\"https:\/\/nazarene.org\/es\/#website\"},\"primaryImageOfPage\":{\"@id\":\"https:\/\/nazarene.org\/es\/news\/el-ministerio-de-oracion-del-tribunal-de-ecuador-encuentra-exito\/#primaryimage\"},\"image\":{\"@id\":\"https:\/\/nazarene.org\/es\/news\/el-ministerio-de-oracion-del-tribunal-de-ecuador-encuentra-exito\/#primaryimage\"},\"thumbnailUrl\":\"https:\/\/nazarene.org\/wp-content\/uploads\/2025\/02\/Latacunga.jpg\",\"datePublished\":\"2022-12-08T06:00:00+00:00\",\"breadcrumb\":{\"@id\":\"https:\/\/nazarene.org\/es\/news\/el-ministerio-de-oracion-del-tribunal-de-ecuador-encuentra-exito\/#breadcrumb\"},\"inLanguage\":\"es\",\"potentialAction\":[{\"@type\":\"ReadAction\",\"target\":[\"https:\/\/nazarene.org\/es\/news\/el-ministerio-de-oracion-del-tribunal-de-ecuador-encuentra-exito\/\"]}]},{\"@type\":\"ImageObject\",\"inLanguage\":\"es\",\"@id\":\"https:\/\/nazarene.org\/es\/news\/el-ministerio-de-oracion-del-tribunal-de-ecuador-encuentra-exito\/#primaryimage\",\"url\":\"https:\/\/nazarene.org\/wp-content\/uploads\/2025\/02\/Latacunga.jpg\",\"contentUrl\":\"https:\/\/nazarene.org\/wp-content\/uploads\/2025\/02\/Latacunga.jpg\",\"width\":750,\"height\":400},{\"@type\":\"BreadcrumbList\",\"@id\":\"https:\/\/nazarene.org\/es\/news\/el-ministerio-de-oracion-del-tribunal-de-ecuador-encuentra-exito\/#breadcrumb\",\"itemListElement\":[{\"@type\":\"ListItem\",\"position\":1,\"name\":\"Home\",\"item\":\"https:\/\/nazarene.org\/es\/inicio\/\"},{\"@type\":\"ListItem\",\"position\":2,\"name\":\"News\",\"item\":\"https:\/\/nazarene.org\/es\/news\/\"},{\"@type\":\"ListItem\",\"position\":3,\"name\":\"El ministerio de oraci\u00f3n del tribunal de Ecuador encuentra \u00e9xito\"}]},{\"@type\":\"WebSite\",\"@id\":\"https:\/\/nazarene.org\/es\/#website\",\"url\":\"https:\/\/nazarene.org\/es\/\",\"name\":\"Church of the Nazarene\",\"description\":\"Making Christlike Disciples in the Nations\",\"publisher\":{\"@id\":\"https:\/\/nazarene.org\/es\/#organization\"},\"potentialAction\":[{\"@type\":\"SearchAction\",\"target\":{\"@type\":\"EntryPoint\",\"urlTemplate\":\"https:\/\/nazarene.org\/es\/?s={search_term_string}\"},\"query-input\":{\"@type\":\"PropertyValueSpecification\",\"valueRequired\":true,\"valueName\":\"search_term_string\"}}],\"inLanguage\":\"es\"},{\"@type\":\"Organization\",\"@id\":\"https:\/\/nazarene.org\/es\/#organization\",\"name\":\"Church of the Nazarene\",\"url\":\"https:\/\/nazarene.org\/es\/\",\"logo\":{\"@type\":\"ImageObject\",\"inLanguage\":\"es\",\"@id\":\"https:\/\/nazarene.org\/es\/#\/schema\/logo\/image\/\",\"url\":\"https:\/\/nazarene.org\/wp-content\/uploads\/2024\/06\/Naz_Desktop_Black_Logo-1.svg\",\"contentUrl\":\"https:\/\/nazarene.org\/wp-content\/uploads\/2024\/06\/Naz_Desktop_Black_Logo-1.svg\",\"width\":258,\"height\":36,\"caption\":\"Church of the Nazarene\"},\"image\":{\"@id\":\"https:\/\/nazarene.org\/es\/#\/schema\/logo\/image\/\"},\"sameAs\":[\"https:\/\/www.facebook.com\/NazareneOfficial\/\",\"https:\/\/x.com\/Nazarene\",\"https:\/\/www.instagram.com\/nazareneofficial\/\"]}]}<\/script>\n<!-- \/ Yoast SEO Premium plugin. -->","yoast_head_json":{"title":"El ministerio de oraci\u00f3n del tribunal de Ecuador encuentra \u00e9xito - Church of the Nazarene","robots":{"index":"index","follow":"follow","max-snippet":"max-snippet:-1","max-image-preview":"max-image-preview:large","max-video-preview":"max-video-preview:-1"},"canonical":"https:\/\/nazarene.org\/es\/news\/el-ministerio-de-oracion-del-tribunal-de-ecuador-encuentra-exito\/","og_locale":"es_ES","og_type":"article","og_title":"El ministerio de oraci\u00f3n del tribunal de Ecuador encuentra \u00e9xito","og_description":"Pastor Marcelo Fretes y su equipo del ministerio de oraci\u00f3n se encuentran fuera de su tribunal local semanalmente en Latacunga, Ecuador. Muchos han parado a solicitar una oraci\u00f3n para aliviar su carga.","og_url":"https:\/\/nazarene.org\/es\/news\/el-ministerio-de-oracion-del-tribunal-de-ecuador-encuentra-exito\/","og_site_name":"Church of the Nazarene","article_publisher":"https:\/\/www.facebook.com\/NazareneOfficial\/","twitter_card":"summary_large_image","twitter_site":"@Nazarene","schema":{"@context":"https:\/\/schema.org","@graph":[{"@type":"WebPage","@id":"https:\/\/nazarene.org\/es\/news\/el-ministerio-de-oracion-del-tribunal-de-ecuador-encuentra-exito\/","url":"https:\/\/nazarene.org\/es\/news\/el-ministerio-de-oracion-del-tribunal-de-ecuador-encuentra-exito\/","name":"El ministerio de oraci\u00f3n del tribunal de Ecuador encuentra \u00e9xito - Church of the Nazarene","isPartOf":{"@id":"https:\/\/nazarene.org\/es\/#website"},"primaryImageOfPage":{"@id":"https:\/\/nazarene.org\/es\/news\/el-ministerio-de-oracion-del-tribunal-de-ecuador-encuentra-exito\/#primaryimage"},"image":{"@id":"https:\/\/nazarene.org\/es\/news\/el-ministerio-de-oracion-del-tribunal-de-ecuador-encuentra-exito\/#primaryimage"},"thumbnailUrl":"https:\/\/nazarene.org\/wp-content\/uploads\/2025\/02\/Latacunga.jpg","datePublished":"2022-12-08T06:00:00+00:00","breadcrumb":{"@id":"https:\/\/nazarene.org\/es\/news\/el-ministerio-de-oracion-del-tribunal-de-ecuador-encuentra-exito\/#breadcrumb"},"inLanguage":"es","potentialAction":[{"@type":"ReadAction","target":["https:\/\/nazarene.org\/es\/news\/el-ministerio-de-oracion-del-tribunal-de-ecuador-encuentra-exito\/"]}]},{"@type":"ImageObject","inLanguage":"es","@id":"https:\/\/nazarene.org\/es\/news\/el-ministerio-de-oracion-del-tribunal-de-ecuador-encuentra-exito\/#primaryimage","url":"https:\/\/nazarene.org\/wp-content\/uploads\/2025\/02\/Latacunga.jpg","contentUrl":"https:\/\/nazarene.org\/wp-content\/uploads\/2025\/02\/Latacunga.jpg","width":750,"height":400},{"@type":"BreadcrumbList","@id":"https:\/\/nazarene.org\/es\/news\/el-ministerio-de-oracion-del-tribunal-de-ecuador-encuentra-exito\/#breadcrumb","itemListElement":[{"@type":"ListItem","position":1,"name":"Home","item":"https:\/\/nazarene.org\/es\/inicio\/"},{"@type":"ListItem","position":2,"name":"News","item":"https:\/\/nazarene.org\/es\/news\/"},{"@type":"ListItem","position":3,"name":"El ministerio de oraci\u00f3n del tribunal de Ecuador encuentra \u00e9xito"}]},{"@type":"WebSite","@id":"https:\/\/nazarene.org\/es\/#website","url":"https:\/\/nazarene.org\/es\/","name":"Church of the Nazarene","description":"Making Christlike Disciples in the Nations","publisher":{"@id":"https:\/\/nazarene.org\/es\/#organization"},"potentialAction":[{"@type":"SearchAction","target":{"@type":"EntryPoint","urlTemplate":"https:\/\/nazarene.org\/es\/?s={search_term_string}"},"query-input":{"@type":"PropertyValueSpecification","valueRequired":true,"valueName":"search_term_string"}}],"inLanguage":"es"},{"@type":"Organization","@id":"https:\/\/nazarene.org\/es\/#organization","name":"Church of the Nazarene","url":"https:\/\/nazarene.org\/es\/","logo":{"@type":"ImageObject","inLanguage":"es","@id":"https:\/\/nazarene.org\/es\/#\/schema\/logo\/image\/","url":"https:\/\/nazarene.org\/wp-content\/uploads\/2024\/06\/Naz_Desktop_Black_Logo-1.svg","contentUrl":"https:\/\/nazarene.org\/wp-content\/uploads\/2024\/06\/Naz_Desktop_Black_Logo-1.svg","width":258,"height":36,"caption":"Church of the Nazarene"},"image":{"@id":"https:\/\/nazarene.org\/es\/#\/schema\/logo\/image\/"},"sameAs":["https:\/\/www.facebook.com\/NazareneOfficial\/","https:\/\/x.com\/Nazarene","https:\/\/www.instagram.com\/nazareneofficial\/"]}]}},"_links":{"self":[{"href":"https:\/\/nazarene.org\/es\/wp-json\/wp\/v2\/news\/45450","targetHints":{"allow":["GET"]}}],"collection":[{"href":"https:\/\/nazarene.org\/es\/wp-json\/wp\/v2\/news"}],"about":[{"href":"https:\/\/nazarene.org\/es\/wp-json\/wp\/v2\/types\/news"}],"author":[{"embeddable":true,"href":"https:\/\/nazarene.org\/es\/wp-json\/wp\/v2\/users\/1"}],"version-history":[{"count":0,"href":"https:\/\/nazarene.org\/es\/wp-json\/wp\/v2\/news\/45450\/revisions"}],"wp:featuredmedia":[{"embeddable":true,"href":"https:\/\/nazarene.org\/es\/wp-json\/wp\/v2\/media\/28986"}],"wp:attachment":[{"href":"https:\/\/nazarene.org\/es\/wp-json\/wp\/v2\/media?parent=45450"}],"wp:term":[{"taxonomy":"news-categories","embeddable":true,"href":"https:\/\/nazarene.org\/es\/wp-json\/wp\/v2\/news-categories?post=45450"},{"taxonomy":"news-region-taxonomy","embeddable":true,"href":"https:\/\/nazarene.org\/es\/wp-json\/wp\/v2\/news-region-taxonomy?post=45450"},{"taxonomy":"news-tag","embeddable":true,"href":"https:\/\/nazarene.org\/es\/wp-json\/wp\/v2\/news-tag?post=45450"}],"curies":[{"name":"wp","href":"https:\/\/api.w.org\/{rel}","templated":true}]}}