{"id":44465,"date":"2024-11-13T00:00:00","date_gmt":"2024-11-13T06:00:00","guid":{"rendered":"https:\/\/nazarene.org\/news\/primera-iglesia-de-la-nazarena-organizada-en-la-nacion-de-acceso-creativo\/"},"modified":"2024-11-13T00:00:00","modified_gmt":"2024-11-13T06:00:00","slug":"primera-iglesia-de-la-nazarena-organizada-en-la-nacion-de-acceso-creativo","status":"publish","type":"news","link":"https:\/\/nazarene.org\/es\/news\/primera-iglesia-de-la-nazarena-organizada-en-la-nacion-de-acceso-creativo\/","title":{"rendered":"Primera Iglesia de la Nazarena organizada en la naci\u00f3n de acceso creativo"},"content":{"rendered":"<p>Fue un d\u00eda para recordar en una naci\u00f3n de acceso creativo en el Sur de Asia mientras la primera iglesia local fue organizada oficialmente con 26 miembros.<\/p>\n<p>Uno de esos miembros comparti\u00f3 c\u00f3mo ten\u00eda alguna vacilaci\u00f3n sobre convertirse en una nazarena hasta la clase de membres\u00eda final cuando el Coordinador de Estrategia de Campo del Sur de Asia, Joel Mullen, estaba ense\u00f1ando sobre la santidad, la santificaci\u00f3n entera y el bautismo del Esp\u00edritu Santo. Por primera vez, se convirti\u00f3 en claro para ella lo que Dios deseaba de ella, y finalmente entendi\u00f3 m\u00e1s all\u00e1 de cualquier duda de que la Iglesia de la Nazarena es una iglesia que cree profundamente en el poder y la presencia del Esp\u00edritu Santo.<\/p>\n<p>\u00a1Solo no es cierto! Dijo con pasi\u00f3n en su voz. Mi amigo me dijo que la iglesia nazarena no cree en el Esp\u00edritu Santo. Pero solo no es verdad.<\/p>\n<p>Aunque los nombres, los lugares y otros detalles no se pueden compartir debido al contexto de acceso creativo, este sentimiento general fue hecho eco entre todos los nuevos miembros ese d\u00eda. Estos creyentes son apasionados por su fe y el deseo de vivir la vida santa que Dios ha preparado para ellos. Han sacrificado mucho para seguir a Jes\u00fas, pero no tienen arrepentimientos.<\/p>\n<p>Mullen se sinti\u00f3 honrado de estar con ellos muy recientemente para celebrar este d\u00eda especial y organizar la iglesia. El d\u00eda fue lleno de adoraci\u00f3n, la oraci\u00f3n y la celebraci\u00f3n. M\u00e1s tarde en el d\u00eda, los nuevos miembros de la iglesia emitieron nueve licencias de nuevos ministros locales a sus l\u00edderes m\u00e1s significativos. Adem\u00e1s, una planta de la iglesia de esta iglesia recientemente organizada fue reconocida en una ciudad cercana.<\/p>\n<p>Creemos que esta nueva planta de la iglesia seguir\u00e1 creciendo y pronto se convertir\u00e1 en la segunda iglesia organizada en el pa\u00eds, dijo Mullen.<\/p>\n<p>Este es un d\u00eda hist\u00f3rico para la iglesia nazarena en mi pa\u00eds, dijo el pastor con alegr\u00eda.<br \/>\nHemos esperado mucho tiempo este d\u00eda, y Dios nos est\u00e1 dando una visi\u00f3n para llegar a otras partes del pa\u00eds para Cristo.<\/p>\n<p>Por razones de seguridad, el ministerio en este lugar es tan sin papel como sea posible. Entonces, en lugar de dar a los nuevos miembros un certificado de membres\u00eda, a cada uno se le dio una taza de caf\u00e9 impresa con la frase: \u00abtesoros en frascos de arcilla\u00bb.&nbsp;<\/p>\n<p>Estos creyentes de hecho contienen dentro de sus corazones un tesoro sin precio, dijo Mullen. Y no quieren mantenerlo solo para s\u00ed mismos. En su lugar, anhelan compartirlo con otros. Desean profundamente m\u00e1s y m\u00e1s personas a conocer la esperanza que han encontrado en Jes\u00fas.<br \/>\n<i>Fechas &nbsp;y ubicaci\u00f3n &nbsp;omitidas por razones de seguridad.<\/i><\/p>\n<p>Iglesia de la Regi\u00f3n Nazarena de Eurasia<\/p>\n","protected":false},"excerpt":{"rendered":"<p>La primera Iglesia local de la nazarena en una naci\u00f3n de acceso creativo fue organizada recientemente en el Sur de Asia. Esa iglesia ya ha plantado una congregaci\u00f3n en una ciudad cercana.<\/p>\n","protected":false},"author":1,"featured_media":30942,"menu_order":0,"template":"","news-categories":[],"news-region-taxonomy":[],"news-tag":[1980,809],"class_list":["post-44465","news","type-news","status-publish","has-post-thumbnail","hentry","news-tag-asia-del-sur","news-tag-region-de-eurasia"],"yoast_head":"<!-- This site is optimized with the Yoast SEO Premium plugin v27.1 (Yoast SEO v27.1.1) - https:\/\/yoast.com\/product\/yoast-seo-premium-wordpress\/ -->\n<title>Primera Iglesia de la Nazarena organizada en la naci\u00f3n de acceso creativo - Church of the Nazarene<\/title>\n<meta name=\"robots\" content=\"index, follow, max-snippet:-1, max-image-preview:large, max-video-preview:-1\" \/>\n<link rel=\"canonical\" href=\"https:\/\/nazarene.org\/es\/news\/primera-iglesia-de-la-nazarena-organizada-en-la-nacion-de-acceso-creativo\/\" \/>\n<meta property=\"og:locale\" content=\"es_ES\" \/>\n<meta property=\"og:type\" content=\"article\" \/>\n<meta property=\"og:title\" content=\"Primera Iglesia de la Nazarena organizada en la naci\u00f3n de acceso creativo\" \/>\n<meta property=\"og:description\" content=\"La primera Iglesia local de la nazarena en una naci\u00f3n de acceso creativo fue organizada recientemente en el Sur de Asia. Esa iglesia ya ha plantado una congregaci\u00f3n en una ciudad cercana.\" \/>\n<meta property=\"og:url\" content=\"https:\/\/nazarene.org\/es\/news\/primera-iglesia-de-la-nazarena-organizada-en-la-nacion-de-acceso-creativo\/\" \/>\n<meta property=\"og:site_name\" content=\"Church of the Nazarene\" \/>\n<meta property=\"article:publisher\" content=\"https:\/\/www.facebook.com\/NazareneOfficial\/\" \/>\n<meta name=\"twitter:card\" content=\"summary_large_image\" \/>\n<meta name=\"twitter:site\" content=\"@Nazarene\" \/>\n<script type=\"application\/ld+json\" class=\"yoast-schema-graph\">{\"@context\":\"https:\/\/schema.org\",\"@graph\":[{\"@type\":\"WebPage\",\"@id\":\"https:\/\/nazarene.org\/es\/news\/primera-iglesia-de-la-nazarena-organizada-en-la-nacion-de-acceso-creativo\/\",\"url\":\"https:\/\/nazarene.org\/es\/news\/primera-iglesia-de-la-nazarena-organizada-en-la-nacion-de-acceso-creativo\/\",\"name\":\"Primera Iglesia de la Nazarena organizada en la naci\u00f3n de acceso creativo - Church of the Nazarene\",\"isPartOf\":{\"@id\":\"https:\/\/nazarene.org\/es\/#website\"},\"primaryImageOfPage\":{\"@id\":\"https:\/\/nazarene.org\/es\/news\/primera-iglesia-de-la-nazarena-organizada-en-la-nacion-de-acceso-creativo\/#primaryimage\"},\"image\":{\"@id\":\"https:\/\/nazarene.org\/es\/news\/primera-iglesia-de-la-nazarena-organizada-en-la-nacion-de-acceso-creativo\/#primaryimage\"},\"thumbnailUrl\":\"https:\/\/nazarene.org\/wp-content\/uploads\/2025\/02\/Eurasia.jpg\",\"datePublished\":\"2024-11-13T06:00:00+00:00\",\"breadcrumb\":{\"@id\":\"https:\/\/nazarene.org\/es\/news\/primera-iglesia-de-la-nazarena-organizada-en-la-nacion-de-acceso-creativo\/#breadcrumb\"},\"inLanguage\":\"es\",\"potentialAction\":[{\"@type\":\"ReadAction\",\"target\":[\"https:\/\/nazarene.org\/es\/news\/primera-iglesia-de-la-nazarena-organizada-en-la-nacion-de-acceso-creativo\/\"]}]},{\"@type\":\"ImageObject\",\"inLanguage\":\"es\",\"@id\":\"https:\/\/nazarene.org\/es\/news\/primera-iglesia-de-la-nazarena-organizada-en-la-nacion-de-acceso-creativo\/#primaryimage\",\"url\":\"https:\/\/nazarene.org\/wp-content\/uploads\/2025\/02\/Eurasia.jpg\",\"contentUrl\":\"https:\/\/nazarene.org\/wp-content\/uploads\/2025\/02\/Eurasia.jpg\",\"width\":750,\"height\":400},{\"@type\":\"BreadcrumbList\",\"@id\":\"https:\/\/nazarene.org\/es\/news\/primera-iglesia-de-la-nazarena-organizada-en-la-nacion-de-acceso-creativo\/#breadcrumb\",\"itemListElement\":[{\"@type\":\"ListItem\",\"position\":1,\"name\":\"Home\",\"item\":\"https:\/\/nazarene.org\/es\/inicio\/\"},{\"@type\":\"ListItem\",\"position\":2,\"name\":\"News\",\"item\":\"https:\/\/nazarene.org\/es\/news\/\"},{\"@type\":\"ListItem\",\"position\":3,\"name\":\"Primera Iglesia de la Nazarena organizada en la naci\u00f3n de acceso creativo\"}]},{\"@type\":\"WebSite\",\"@id\":\"https:\/\/nazarene.org\/es\/#website\",\"url\":\"https:\/\/nazarene.org\/es\/\",\"name\":\"Church of the Nazarene\",\"description\":\"Making Christlike Disciples in the Nations\",\"publisher\":{\"@id\":\"https:\/\/nazarene.org\/es\/#organization\"},\"potentialAction\":[{\"@type\":\"SearchAction\",\"target\":{\"@type\":\"EntryPoint\",\"urlTemplate\":\"https:\/\/nazarene.org\/es\/?s={search_term_string}\"},\"query-input\":{\"@type\":\"PropertyValueSpecification\",\"valueRequired\":true,\"valueName\":\"search_term_string\"}}],\"inLanguage\":\"es\"},{\"@type\":\"Organization\",\"@id\":\"https:\/\/nazarene.org\/es\/#organization\",\"name\":\"Church of the Nazarene\",\"url\":\"https:\/\/nazarene.org\/es\/\",\"logo\":{\"@type\":\"ImageObject\",\"inLanguage\":\"es\",\"@id\":\"https:\/\/nazarene.org\/es\/#\/schema\/logo\/image\/\",\"url\":\"https:\/\/nazarene.org\/wp-content\/uploads\/2024\/06\/Naz_Desktop_Black_Logo-1.svg\",\"contentUrl\":\"https:\/\/nazarene.org\/wp-content\/uploads\/2024\/06\/Naz_Desktop_Black_Logo-1.svg\",\"width\":258,\"height\":36,\"caption\":\"Church of the Nazarene\"},\"image\":{\"@id\":\"https:\/\/nazarene.org\/es\/#\/schema\/logo\/image\/\"},\"sameAs\":[\"https:\/\/www.facebook.com\/NazareneOfficial\/\",\"https:\/\/x.com\/Nazarene\",\"https:\/\/www.instagram.com\/nazareneofficial\/\"]}]}<\/script>\n<!-- \/ Yoast SEO Premium plugin. -->","yoast_head_json":{"title":"Primera Iglesia de la Nazarena organizada en la naci\u00f3n de acceso creativo - Church of the Nazarene","robots":{"index":"index","follow":"follow","max-snippet":"max-snippet:-1","max-image-preview":"max-image-preview:large","max-video-preview":"max-video-preview:-1"},"canonical":"https:\/\/nazarene.org\/es\/news\/primera-iglesia-de-la-nazarena-organizada-en-la-nacion-de-acceso-creativo\/","og_locale":"es_ES","og_type":"article","og_title":"Primera Iglesia de la Nazarena organizada en la naci\u00f3n de acceso creativo","og_description":"La primera Iglesia local de la nazarena en una naci\u00f3n de acceso creativo fue organizada recientemente en el Sur de Asia. Esa iglesia ya ha plantado una congregaci\u00f3n en una ciudad cercana.","og_url":"https:\/\/nazarene.org\/es\/news\/primera-iglesia-de-la-nazarena-organizada-en-la-nacion-de-acceso-creativo\/","og_site_name":"Church of the Nazarene","article_publisher":"https:\/\/www.facebook.com\/NazareneOfficial\/","twitter_card":"summary_large_image","twitter_site":"@Nazarene","schema":{"@context":"https:\/\/schema.org","@graph":[{"@type":"WebPage","@id":"https:\/\/nazarene.org\/es\/news\/primera-iglesia-de-la-nazarena-organizada-en-la-nacion-de-acceso-creativo\/","url":"https:\/\/nazarene.org\/es\/news\/primera-iglesia-de-la-nazarena-organizada-en-la-nacion-de-acceso-creativo\/","name":"Primera Iglesia de la Nazarena organizada en la naci\u00f3n de acceso creativo - Church of the Nazarene","isPartOf":{"@id":"https:\/\/nazarene.org\/es\/#website"},"primaryImageOfPage":{"@id":"https:\/\/nazarene.org\/es\/news\/primera-iglesia-de-la-nazarena-organizada-en-la-nacion-de-acceso-creativo\/#primaryimage"},"image":{"@id":"https:\/\/nazarene.org\/es\/news\/primera-iglesia-de-la-nazarena-organizada-en-la-nacion-de-acceso-creativo\/#primaryimage"},"thumbnailUrl":"https:\/\/nazarene.org\/wp-content\/uploads\/2025\/02\/Eurasia.jpg","datePublished":"2024-11-13T06:00:00+00:00","breadcrumb":{"@id":"https:\/\/nazarene.org\/es\/news\/primera-iglesia-de-la-nazarena-organizada-en-la-nacion-de-acceso-creativo\/#breadcrumb"},"inLanguage":"es","potentialAction":[{"@type":"ReadAction","target":["https:\/\/nazarene.org\/es\/news\/primera-iglesia-de-la-nazarena-organizada-en-la-nacion-de-acceso-creativo\/"]}]},{"@type":"ImageObject","inLanguage":"es","@id":"https:\/\/nazarene.org\/es\/news\/primera-iglesia-de-la-nazarena-organizada-en-la-nacion-de-acceso-creativo\/#primaryimage","url":"https:\/\/nazarene.org\/wp-content\/uploads\/2025\/02\/Eurasia.jpg","contentUrl":"https:\/\/nazarene.org\/wp-content\/uploads\/2025\/02\/Eurasia.jpg","width":750,"height":400},{"@type":"BreadcrumbList","@id":"https:\/\/nazarene.org\/es\/news\/primera-iglesia-de-la-nazarena-organizada-en-la-nacion-de-acceso-creativo\/#breadcrumb","itemListElement":[{"@type":"ListItem","position":1,"name":"Home","item":"https:\/\/nazarene.org\/es\/inicio\/"},{"@type":"ListItem","position":2,"name":"News","item":"https:\/\/nazarene.org\/es\/news\/"},{"@type":"ListItem","position":3,"name":"Primera Iglesia de la Nazarena organizada en la naci\u00f3n de acceso creativo"}]},{"@type":"WebSite","@id":"https:\/\/nazarene.org\/es\/#website","url":"https:\/\/nazarene.org\/es\/","name":"Church of the Nazarene","description":"Making Christlike Disciples in the Nations","publisher":{"@id":"https:\/\/nazarene.org\/es\/#organization"},"potentialAction":[{"@type":"SearchAction","target":{"@type":"EntryPoint","urlTemplate":"https:\/\/nazarene.org\/es\/?s={search_term_string}"},"query-input":{"@type":"PropertyValueSpecification","valueRequired":true,"valueName":"search_term_string"}}],"inLanguage":"es"},{"@type":"Organization","@id":"https:\/\/nazarene.org\/es\/#organization","name":"Church of the Nazarene","url":"https:\/\/nazarene.org\/es\/","logo":{"@type":"ImageObject","inLanguage":"es","@id":"https:\/\/nazarene.org\/es\/#\/schema\/logo\/image\/","url":"https:\/\/nazarene.org\/wp-content\/uploads\/2024\/06\/Naz_Desktop_Black_Logo-1.svg","contentUrl":"https:\/\/nazarene.org\/wp-content\/uploads\/2024\/06\/Naz_Desktop_Black_Logo-1.svg","width":258,"height":36,"caption":"Church of the Nazarene"},"image":{"@id":"https:\/\/nazarene.org\/es\/#\/schema\/logo\/image\/"},"sameAs":["https:\/\/www.facebook.com\/NazareneOfficial\/","https:\/\/x.com\/Nazarene","https:\/\/www.instagram.com\/nazareneofficial\/"]}]}},"_links":{"self":[{"href":"https:\/\/nazarene.org\/es\/wp-json\/wp\/v2\/news\/44465","targetHints":{"allow":["GET"]}}],"collection":[{"href":"https:\/\/nazarene.org\/es\/wp-json\/wp\/v2\/news"}],"about":[{"href":"https:\/\/nazarene.org\/es\/wp-json\/wp\/v2\/types\/news"}],"author":[{"embeddable":true,"href":"https:\/\/nazarene.org\/es\/wp-json\/wp\/v2\/users\/1"}],"version-history":[{"count":0,"href":"https:\/\/nazarene.org\/es\/wp-json\/wp\/v2\/news\/44465\/revisions"}],"wp:featuredmedia":[{"embeddable":true,"href":"https:\/\/nazarene.org\/es\/wp-json\/wp\/v2\/media\/30942"}],"wp:attachment":[{"href":"https:\/\/nazarene.org\/es\/wp-json\/wp\/v2\/media?parent=44465"}],"wp:term":[{"taxonomy":"news-categories","embeddable":true,"href":"https:\/\/nazarene.org\/es\/wp-json\/wp\/v2\/news-categories?post=44465"},{"taxonomy":"news-region-taxonomy","embeddable":true,"href":"https:\/\/nazarene.org\/es\/wp-json\/wp\/v2\/news-region-taxonomy?post=44465"},{"taxonomy":"news-tag","embeddable":true,"href":"https:\/\/nazarene.org\/es\/wp-json\/wp\/v2\/news-tag?post=44465"}],"curies":[{"name":"wp","href":"https:\/\/api.w.org\/{rel}","templated":true}]}}