{"id":44046,"date":"2024-07-18T00:00:00","date_gmt":"2024-07-18T05:00:00","guid":{"rendered":"https:\/\/nazarene.org\/news\/mas-de-800-peruanos-asisten-al-congreso-nacional-de-mujeres-nazarenas\/"},"modified":"2024-07-18T00:00:00","modified_gmt":"2024-07-18T05:00:00","slug":"mas-de-800-peruanos-asisten-al-congreso-nacional-de-mujeres-nazarenas","status":"publish","type":"news","link":"https:\/\/nazarene.org\/es\/news\/mas-de-800-peruanos-asisten-al-congreso-nacional-de-mujeres-nazarenas\/","title":{"rendered":"M\u00e1s de 800 peruanos asisten al Congreso Nacional de Mujeres Nazarenas"},"content":{"rendered":"<p>M\u00e1s de 800 mujeres de Per\u00fa se reunieron en Chiclayo para el Congreso Nacional de Mujeres Nazarenas de Per\u00fa, celebrado del 28 al 30 de junio. El evento fue organizado por el Ministerio de Mujeres con el lema \u00abRenovado para la Raza\u00bb.<\/p>\n<p>Delegaciones que representan varias \u00e1reas, como las monta\u00f1as, la costa y la jungla, desfilaron al auditorio en una exhibici\u00f3n colorida. Una delegaci\u00f3n de los distritos de las comunidades de Awajun en la regi\u00f3n de Amazonas tambi\u00e9n actu\u00f3 en sus idiomas nativos.<\/p>\n<p>Un equipo de adoraci\u00f3n compuesto por mujeres de iglesias cerca de la ubicaci\u00f3n del evento lider\u00f3 a los asistentes en la canci\u00f3n.<\/p>\n<p>Algunos de los temas cubiertos en las sesiones plenarias y los talleres fueron \u00abPrincipios de bendici\u00f3n\u00bb, \u00abEsposas de Pastores\u00bb, \u00abMi Salud Mental y yo mismo\u00bb, \u00abEl Poder del perd\u00f3n en mi vida\u00bb y \u00abEstr\u00e9s en mi vida y C\u00f3mo superarlo\u00bb, entre otros.<\/p>\n<p>Adem\u00e1s de la adoraci\u00f3n y las actividades del taller, los profesionales m\u00e9dicos ayudaron a establecer la detecci\u00f3n de diabetes y la presi\u00f3n arterial para mujeres.<\/p>\n<p>Ha sido gratificante ver c\u00f3mo las mujeres han decidido ser mayordomas de su salud espiritual y f\u00edsica, dijo la Dr. Rosanna Serrano, un cirujano.<\/p>\n<p>El congreso concluy\u00f3 con la celebraci\u00f3n de la Santa Comuni\u00f3n seguida de un tiempo de testimonio. Las mujeres compartieron lo que aprendieron y dijeron que val\u00eda la pena el costo de estar presente, algunas de ellas habiendo viajado varios d\u00edas ya que Per\u00fa es enorme geogr\u00e1ficamente e incluye 16 distritos.<\/p>\n<p>Como mujeres, a menudo hay situaciones que pueden desestabilizarnos o paralizarnos, olvidando que Dios ha colocado algo especial en nosotros, una corona invisible que a menudo parece que puede caer de nuestras cabezas, dijo Serrano. Pero debemos tomarnos el tiempo para detenernos y colocar la corona en nuestra cabeza, permitiendo a Dios renovar nuestra fuerza para continuar la carrera frente a nosotros.<\/p>\n<p>Este congreso ha sido una renovaci\u00f3n para m\u00ed como mujer, como hija de Dios y como profesional, continu\u00f3 Serrano. Anhelo ver expectantemente c\u00f3mo mis hermanas contin\u00faan caminando erguidas todos los d\u00edas, renov\u00e1ndose en la fuerza de nuestro Se\u00f1or.<\/p>\n<p>Bety Espinoza, el coordinador nacional de los Ministerios de Mujeres, estaba agradecido por el apoyo que recibieron del superintendente de Per\u00fa del Norte Marcial Banda para el uso de las instalaciones de distrito y muchos otros que ayudaron a armar las diversas partes del congreso.<br \/>\nComo l\u00edder nacional, ha sido una gran y hermosa experiencia para m\u00ed ver la mano de Dios en todos los momentos para la realizaci\u00f3n de este congreso, dijo Espinoza.<\/p>\n<p>Iglesia de la Nazarena de Am\u00e9rica del Sur<\/p>\n","protected":false},"excerpt":{"rendered":"<p>M\u00e1s de 800 mujeres de Per\u00fa se reunieron en Chiclayo para el Congreso Nacional de Mujeres Nazarenas de Per\u00fa, celebrado del 28 al 30 de junio. El evento fue organizado por el Ministerio de Mujeres con el lema \u00abRenovado para la Raza\u00bb.<\/p>\n","protected":false},"author":1,"featured_media":30618,"menu_order":0,"template":"","news-categories":[],"news-region-taxonomy":[],"news-tag":[813,1735],"class_list":["post-44046","news","type-news","status-publish","has-post-thumbnail","hentry","news-tag-america-del-sur","news-tag-peru-es"],"yoast_head":"<!-- This site is optimized with the Yoast SEO Premium plugin v27.1 (Yoast SEO v27.1.1) - https:\/\/yoast.com\/product\/yoast-seo-premium-wordpress\/ -->\n<title>M\u00e1s de 800 peruanos asisten al Congreso Nacional de Mujeres Nazarenas - Church of the Nazarene<\/title>\n<meta name=\"robots\" content=\"index, follow, max-snippet:-1, max-image-preview:large, max-video-preview:-1\" \/>\n<link rel=\"canonical\" href=\"https:\/\/nazarene.org\/es\/news\/mas-de-800-peruanos-asisten-al-congreso-nacional-de-mujeres-nazarenas\/\" \/>\n<meta property=\"og:locale\" content=\"es_ES\" \/>\n<meta property=\"og:type\" content=\"article\" \/>\n<meta property=\"og:title\" content=\"M\u00e1s de 800 peruanos asisten al Congreso Nacional de Mujeres Nazarenas\" \/>\n<meta property=\"og:description\" content=\"M\u00e1s de 800 mujeres de Per\u00fa se reunieron en Chiclayo para el Congreso Nacional de Mujeres Nazarenas de Per\u00fa, celebrado del 28 al 30 de junio. El evento fue organizado por el Ministerio de Mujeres con el lema &quot;Renovado para la Raza&quot;.\" \/>\n<meta property=\"og:url\" content=\"https:\/\/nazarene.org\/es\/news\/mas-de-800-peruanos-asisten-al-congreso-nacional-de-mujeres-nazarenas\/\" \/>\n<meta property=\"og:site_name\" content=\"Church of the Nazarene\" \/>\n<meta property=\"article:publisher\" content=\"https:\/\/www.facebook.com\/NazareneOfficial\/\" \/>\n<meta name=\"twitter:card\" content=\"summary_large_image\" \/>\n<meta name=\"twitter:site\" content=\"@Nazarene\" \/>\n<script type=\"application\/ld+json\" class=\"yoast-schema-graph\">{\"@context\":\"https:\/\/schema.org\",\"@graph\":[{\"@type\":\"WebPage\",\"@id\":\"https:\/\/nazarene.org\/es\/news\/mas-de-800-peruanos-asisten-al-congreso-nacional-de-mujeres-nazarenas\/\",\"url\":\"https:\/\/nazarene.org\/es\/news\/mas-de-800-peruanos-asisten-al-congreso-nacional-de-mujeres-nazarenas\/\",\"name\":\"M\u00e1s de 800 peruanos asisten al Congreso Nacional de Mujeres Nazarenas - Church of the Nazarene\",\"isPartOf\":{\"@id\":\"https:\/\/nazarene.org\/es\/#website\"},\"primaryImageOfPage\":{\"@id\":\"https:\/\/nazarene.org\/es\/news\/mas-de-800-peruanos-asisten-al-congreso-nacional-de-mujeres-nazarenas\/#primaryimage\"},\"image\":{\"@id\":\"https:\/\/nazarene.org\/es\/news\/mas-de-800-peruanos-asisten-al-congreso-nacional-de-mujeres-nazarenas\/#primaryimage\"},\"thumbnailUrl\":\"https:\/\/nazarene.org\/wp-content\/uploads\/2025\/02\/Peru-2.jpg\",\"datePublished\":\"2024-07-18T05:00:00+00:00\",\"breadcrumb\":{\"@id\":\"https:\/\/nazarene.org\/es\/news\/mas-de-800-peruanos-asisten-al-congreso-nacional-de-mujeres-nazarenas\/#breadcrumb\"},\"inLanguage\":\"es\",\"potentialAction\":[{\"@type\":\"ReadAction\",\"target\":[\"https:\/\/nazarene.org\/es\/news\/mas-de-800-peruanos-asisten-al-congreso-nacional-de-mujeres-nazarenas\/\"]}]},{\"@type\":\"ImageObject\",\"inLanguage\":\"es\",\"@id\":\"https:\/\/nazarene.org\/es\/news\/mas-de-800-peruanos-asisten-al-congreso-nacional-de-mujeres-nazarenas\/#primaryimage\",\"url\":\"https:\/\/nazarene.org\/wp-content\/uploads\/2025\/02\/Peru-2.jpg\",\"contentUrl\":\"https:\/\/nazarene.org\/wp-content\/uploads\/2025\/02\/Peru-2.jpg\",\"width\":1920,\"height\":1024},{\"@type\":\"BreadcrumbList\",\"@id\":\"https:\/\/nazarene.org\/es\/news\/mas-de-800-peruanos-asisten-al-congreso-nacional-de-mujeres-nazarenas\/#breadcrumb\",\"itemListElement\":[{\"@type\":\"ListItem\",\"position\":1,\"name\":\"Home\",\"item\":\"https:\/\/nazarene.org\/es\/inicio\/\"},{\"@type\":\"ListItem\",\"position\":2,\"name\":\"News\",\"item\":\"https:\/\/nazarene.org\/es\/news\/\"},{\"@type\":\"ListItem\",\"position\":3,\"name\":\"M\u00e1s de 800 peruanos asisten al Congreso Nacional de Mujeres Nazarenas\"}]},{\"@type\":\"WebSite\",\"@id\":\"https:\/\/nazarene.org\/es\/#website\",\"url\":\"https:\/\/nazarene.org\/es\/\",\"name\":\"Church of the Nazarene\",\"description\":\"Making Christlike Disciples in the Nations\",\"publisher\":{\"@id\":\"https:\/\/nazarene.org\/es\/#organization\"},\"potentialAction\":[{\"@type\":\"SearchAction\",\"target\":{\"@type\":\"EntryPoint\",\"urlTemplate\":\"https:\/\/nazarene.org\/es\/?s={search_term_string}\"},\"query-input\":{\"@type\":\"PropertyValueSpecification\",\"valueRequired\":true,\"valueName\":\"search_term_string\"}}],\"inLanguage\":\"es\"},{\"@type\":\"Organization\",\"@id\":\"https:\/\/nazarene.org\/es\/#organization\",\"name\":\"Church of the Nazarene\",\"url\":\"https:\/\/nazarene.org\/es\/\",\"logo\":{\"@type\":\"ImageObject\",\"inLanguage\":\"es\",\"@id\":\"https:\/\/nazarene.org\/es\/#\/schema\/logo\/image\/\",\"url\":\"https:\/\/nazarene.org\/wp-content\/uploads\/2024\/06\/Naz_Desktop_Black_Logo-1.svg\",\"contentUrl\":\"https:\/\/nazarene.org\/wp-content\/uploads\/2024\/06\/Naz_Desktop_Black_Logo-1.svg\",\"width\":258,\"height\":36,\"caption\":\"Church of the Nazarene\"},\"image\":{\"@id\":\"https:\/\/nazarene.org\/es\/#\/schema\/logo\/image\/\"},\"sameAs\":[\"https:\/\/www.facebook.com\/NazareneOfficial\/\",\"https:\/\/x.com\/Nazarene\",\"https:\/\/www.instagram.com\/nazareneofficial\/\"]}]}<\/script>\n<!-- \/ Yoast SEO Premium plugin. -->","yoast_head_json":{"title":"M\u00e1s de 800 peruanos asisten al Congreso Nacional de Mujeres Nazarenas - Church of the Nazarene","robots":{"index":"index","follow":"follow","max-snippet":"max-snippet:-1","max-image-preview":"max-image-preview:large","max-video-preview":"max-video-preview:-1"},"canonical":"https:\/\/nazarene.org\/es\/news\/mas-de-800-peruanos-asisten-al-congreso-nacional-de-mujeres-nazarenas\/","og_locale":"es_ES","og_type":"article","og_title":"M\u00e1s de 800 peruanos asisten al Congreso Nacional de Mujeres Nazarenas","og_description":"M\u00e1s de 800 mujeres de Per\u00fa se reunieron en Chiclayo para el Congreso Nacional de Mujeres Nazarenas de Per\u00fa, celebrado del 28 al 30 de junio. El evento fue organizado por el Ministerio de Mujeres con el lema \"Renovado para la Raza\".","og_url":"https:\/\/nazarene.org\/es\/news\/mas-de-800-peruanos-asisten-al-congreso-nacional-de-mujeres-nazarenas\/","og_site_name":"Church of the Nazarene","article_publisher":"https:\/\/www.facebook.com\/NazareneOfficial\/","twitter_card":"summary_large_image","twitter_site":"@Nazarene","schema":{"@context":"https:\/\/schema.org","@graph":[{"@type":"WebPage","@id":"https:\/\/nazarene.org\/es\/news\/mas-de-800-peruanos-asisten-al-congreso-nacional-de-mujeres-nazarenas\/","url":"https:\/\/nazarene.org\/es\/news\/mas-de-800-peruanos-asisten-al-congreso-nacional-de-mujeres-nazarenas\/","name":"M\u00e1s de 800 peruanos asisten al Congreso Nacional de Mujeres Nazarenas - Church of the Nazarene","isPartOf":{"@id":"https:\/\/nazarene.org\/es\/#website"},"primaryImageOfPage":{"@id":"https:\/\/nazarene.org\/es\/news\/mas-de-800-peruanos-asisten-al-congreso-nacional-de-mujeres-nazarenas\/#primaryimage"},"image":{"@id":"https:\/\/nazarene.org\/es\/news\/mas-de-800-peruanos-asisten-al-congreso-nacional-de-mujeres-nazarenas\/#primaryimage"},"thumbnailUrl":"https:\/\/nazarene.org\/wp-content\/uploads\/2025\/02\/Peru-2.jpg","datePublished":"2024-07-18T05:00:00+00:00","breadcrumb":{"@id":"https:\/\/nazarene.org\/es\/news\/mas-de-800-peruanos-asisten-al-congreso-nacional-de-mujeres-nazarenas\/#breadcrumb"},"inLanguage":"es","potentialAction":[{"@type":"ReadAction","target":["https:\/\/nazarene.org\/es\/news\/mas-de-800-peruanos-asisten-al-congreso-nacional-de-mujeres-nazarenas\/"]}]},{"@type":"ImageObject","inLanguage":"es","@id":"https:\/\/nazarene.org\/es\/news\/mas-de-800-peruanos-asisten-al-congreso-nacional-de-mujeres-nazarenas\/#primaryimage","url":"https:\/\/nazarene.org\/wp-content\/uploads\/2025\/02\/Peru-2.jpg","contentUrl":"https:\/\/nazarene.org\/wp-content\/uploads\/2025\/02\/Peru-2.jpg","width":1920,"height":1024},{"@type":"BreadcrumbList","@id":"https:\/\/nazarene.org\/es\/news\/mas-de-800-peruanos-asisten-al-congreso-nacional-de-mujeres-nazarenas\/#breadcrumb","itemListElement":[{"@type":"ListItem","position":1,"name":"Home","item":"https:\/\/nazarene.org\/es\/inicio\/"},{"@type":"ListItem","position":2,"name":"News","item":"https:\/\/nazarene.org\/es\/news\/"},{"@type":"ListItem","position":3,"name":"M\u00e1s de 800 peruanos asisten al Congreso Nacional de Mujeres Nazarenas"}]},{"@type":"WebSite","@id":"https:\/\/nazarene.org\/es\/#website","url":"https:\/\/nazarene.org\/es\/","name":"Church of the Nazarene","description":"Making Christlike Disciples in the Nations","publisher":{"@id":"https:\/\/nazarene.org\/es\/#organization"},"potentialAction":[{"@type":"SearchAction","target":{"@type":"EntryPoint","urlTemplate":"https:\/\/nazarene.org\/es\/?s={search_term_string}"},"query-input":{"@type":"PropertyValueSpecification","valueRequired":true,"valueName":"search_term_string"}}],"inLanguage":"es"},{"@type":"Organization","@id":"https:\/\/nazarene.org\/es\/#organization","name":"Church of the Nazarene","url":"https:\/\/nazarene.org\/es\/","logo":{"@type":"ImageObject","inLanguage":"es","@id":"https:\/\/nazarene.org\/es\/#\/schema\/logo\/image\/","url":"https:\/\/nazarene.org\/wp-content\/uploads\/2024\/06\/Naz_Desktop_Black_Logo-1.svg","contentUrl":"https:\/\/nazarene.org\/wp-content\/uploads\/2024\/06\/Naz_Desktop_Black_Logo-1.svg","width":258,"height":36,"caption":"Church of the Nazarene"},"image":{"@id":"https:\/\/nazarene.org\/es\/#\/schema\/logo\/image\/"},"sameAs":["https:\/\/www.facebook.com\/NazareneOfficial\/","https:\/\/x.com\/Nazarene","https:\/\/www.instagram.com\/nazareneofficial\/"]}]}},"_links":{"self":[{"href":"https:\/\/nazarene.org\/es\/wp-json\/wp\/v2\/news\/44046","targetHints":{"allow":["GET"]}}],"collection":[{"href":"https:\/\/nazarene.org\/es\/wp-json\/wp\/v2\/news"}],"about":[{"href":"https:\/\/nazarene.org\/es\/wp-json\/wp\/v2\/types\/news"}],"author":[{"embeddable":true,"href":"https:\/\/nazarene.org\/es\/wp-json\/wp\/v2\/users\/1"}],"version-history":[{"count":0,"href":"https:\/\/nazarene.org\/es\/wp-json\/wp\/v2\/news\/44046\/revisions"}],"wp:featuredmedia":[{"embeddable":true,"href":"https:\/\/nazarene.org\/es\/wp-json\/wp\/v2\/media\/30618"}],"wp:attachment":[{"href":"https:\/\/nazarene.org\/es\/wp-json\/wp\/v2\/media?parent=44046"}],"wp:term":[{"taxonomy":"news-categories","embeddable":true,"href":"https:\/\/nazarene.org\/es\/wp-json\/wp\/v2\/news-categories?post=44046"},{"taxonomy":"news-region-taxonomy","embeddable":true,"href":"https:\/\/nazarene.org\/es\/wp-json\/wp\/v2\/news-region-taxonomy?post=44046"},{"taxonomy":"news-tag","embeddable":true,"href":"https:\/\/nazarene.org\/es\/wp-json\/wp\/v2\/news-tag?post=44046"}],"curies":[{"name":"wp","href":"https:\/\/api.w.org\/{rel}","templated":true}]}}