{"id":43986,"date":"2024-07-11T00:00:00","date_gmt":"2024-07-11T05:00:00","guid":{"rendered":"https:\/\/nazarene.org\/news\/east-los-distritos-de-west-mindanao-celebran-el-hito\/"},"modified":"2024-07-11T00:00:00","modified_gmt":"2024-07-11T05:00:00","slug":"east-los-distritos-de-west-mindanao-celebran-el-hito","status":"publish","type":"news","link":"https:\/\/nazarene.org\/es\/news\/east-los-distritos-de-west-mindanao-celebran-el-hito\/","title":{"rendered":"East, los distritos de West Mindanao celebran el hito"},"content":{"rendered":"<p>Los distritos de Este y West Mindanao de la Iglesia de la Nazarena celebraron un 50\u00ba aniversario de un hito del 21 al 23 de junio de 2024 en Mt. Moriah Camp en la Ciudad de Malaybalay, Filipinas. El evento de tres d\u00edas, Sidlak Mindanao (o Shine Mindanao), reuni\u00f3 a nazarenos en todo Mindanao para celebrar 50 a\u00f1os de la fidelidad de Dios y la provisi\u00f3n para la iglesia.<\/p>\n<p>La celebraci\u00f3n present\u00f3 actividades llenas de diversi\u00f3n, incluida una feria con booths y juegos para todas las edades en el primer d\u00eda.<\/p>\n<p>El segundo d\u00eda incluy\u00f3 un evento de compromiso de la comunidad en la Iglesia de Malaybalay de la Nazarena, la primera iglesia nazarena en Mindanao. Los participantes ayudaron en la pintura de pared y las actividades murales. Los ni\u00f1os participaron en la pintura de la cara y una sesi\u00f3n en el espacio amigable para ni\u00f1os.<\/p>\n<p>La celebraci\u00f3n fue agraciada con poderosos mensajes plenarios de invitados honrados. El serm\u00f3n del Coordinador Regional de Ministerios Compasivos, Leody Tan Echavez III, \u00abEstamos conectados\u00bb, enfatiz\u00f3 la importancia de estar conectado como una iglesia. El Coordinador de Estrategia de Campo de Filipinas-Micronesia, Arnel Piliin, destac\u00f3 la importancia del valor central, \u00abSomos la santidad\u00bb, y alent\u00f3 a los participantes a vivir una vida de santidad. En el \u00faltimo d\u00eda, la presidenta de Global NMI, Christine T. Mosuela desafi\u00f3 a los &nbsp;participantes a vivir una vida misionera.<\/p>\n<p>El evento culmin\u00f3 en un servicio de Comuni\u00f3n liderado por los superintendentes de distrito Erene Pastor y Dan Balayo. Sigui\u00f3 un servicio de comisionamiento, donde Piliin ungi\u00f3 y or\u00f3 por los superintendentes de distrito de East y West Mindanao y el superintendente asistente de West Mindanao. Los superintendentes de distrito luego unieron y oraron por cada pastor, y cada pastor hizo lo mismo para todos los miembros presentes.<\/p>\n<p>Sidlak Mindanao fue una celebraci\u00f3n conmovedora de la fidelidad de Dios y una llamada a la acci\u00f3n para los nazarenos en Mindanao a <i>sidlak<\/i> para Jes\u00fas e inspirar a la pr\u00f3xima generaci\u00f3n a hacer lo mismo, difundiendo la luz de Cristo a aquellos a su alrededor.<\/p>\n<p>Iglesia de la Regi\u00f3n Nazarena de Asia-Pac\u00edfico<\/p>\n","protected":false},"excerpt":{"rendered":"<p>Los distritos de Este y West Mindanao de la Iglesia de la Nazarena celebraron un 50\u00ba aniversario de un hito con un evento de tres d\u00edas destacando la fidelidad de Dios y la provisi\u00f3n para la iglesia.<\/p>\n","protected":false},"author":1,"featured_media":30602,"menu_order":0,"template":"","news-categories":[],"news-region-taxonomy":[],"news-tag":[778,756],"class_list":["post-43986","news","type-news","status-publish","has-post-thumbnail","hentry","news-tag-filipinas","news-tag-region-asia-pacifico"],"yoast_head":"<!-- This site is optimized with the Yoast SEO Premium plugin v27.1 (Yoast SEO v27.1.1) - https:\/\/yoast.com\/product\/yoast-seo-premium-wordpress\/ -->\n<title>East, los distritos de West Mindanao celebran el hito - Church of the Nazarene<\/title>\n<meta name=\"robots\" content=\"index, follow, max-snippet:-1, max-image-preview:large, max-video-preview:-1\" \/>\n<link rel=\"canonical\" href=\"https:\/\/nazarene.org\/es\/news\/east-los-distritos-de-west-mindanao-celebran-el-hito\/\" \/>\n<meta property=\"og:locale\" content=\"es_ES\" \/>\n<meta property=\"og:type\" content=\"article\" \/>\n<meta property=\"og:title\" content=\"East, los distritos de West Mindanao celebran el hito\" \/>\n<meta property=\"og:description\" content=\"Los distritos de Este y West Mindanao de la Iglesia de la Nazarena celebraron un 50\u00ba aniversario de un hito con un evento de tres d\u00edas destacando la fidelidad de Dios y la provisi\u00f3n para la iglesia.\" \/>\n<meta property=\"og:url\" content=\"https:\/\/nazarene.org\/es\/news\/east-los-distritos-de-west-mindanao-celebran-el-hito\/\" \/>\n<meta property=\"og:site_name\" content=\"Church of the Nazarene\" \/>\n<meta property=\"article:publisher\" content=\"https:\/\/www.facebook.com\/NazareneOfficial\/\" \/>\n<meta name=\"twitter:card\" content=\"summary_large_image\" \/>\n<meta name=\"twitter:site\" content=\"@Nazarene\" \/>\n<script type=\"application\/ld+json\" class=\"yoast-schema-graph\">{\"@context\":\"https:\/\/schema.org\",\"@graph\":[{\"@type\":\"WebPage\",\"@id\":\"https:\/\/nazarene.org\/es\/news\/east-los-distritos-de-west-mindanao-celebran-el-hito\/\",\"url\":\"https:\/\/nazarene.org\/es\/news\/east-los-distritos-de-west-mindanao-celebran-el-hito\/\",\"name\":\"East, los distritos de West Mindanao celebran el hito - Church of the Nazarene\",\"isPartOf\":{\"@id\":\"https:\/\/nazarene.org\/es\/#website\"},\"primaryImageOfPage\":{\"@id\":\"https:\/\/nazarene.org\/es\/news\/east-los-distritos-de-west-mindanao-celebran-el-hito\/#primaryimage\"},\"image\":{\"@id\":\"https:\/\/nazarene.org\/es\/news\/east-los-distritos-de-west-mindanao-celebran-el-hito\/#primaryimage\"},\"thumbnailUrl\":\"https:\/\/nazarene.org\/wp-content\/uploads\/2025\/02\/Mindanao.jpg\",\"datePublished\":\"2024-07-11T05:00:00+00:00\",\"breadcrumb\":{\"@id\":\"https:\/\/nazarene.org\/es\/news\/east-los-distritos-de-west-mindanao-celebran-el-hito\/#breadcrumb\"},\"inLanguage\":\"es\",\"potentialAction\":[{\"@type\":\"ReadAction\",\"target\":[\"https:\/\/nazarene.org\/es\/news\/east-los-distritos-de-west-mindanao-celebran-el-hito\/\"]}]},{\"@type\":\"ImageObject\",\"inLanguage\":\"es\",\"@id\":\"https:\/\/nazarene.org\/es\/news\/east-los-distritos-de-west-mindanao-celebran-el-hito\/#primaryimage\",\"url\":\"https:\/\/nazarene.org\/wp-content\/uploads\/2025\/02\/Mindanao.jpg\",\"contentUrl\":\"https:\/\/nazarene.org\/wp-content\/uploads\/2025\/02\/Mindanao.jpg\",\"width\":1920,\"height\":1024},{\"@type\":\"BreadcrumbList\",\"@id\":\"https:\/\/nazarene.org\/es\/news\/east-los-distritos-de-west-mindanao-celebran-el-hito\/#breadcrumb\",\"itemListElement\":[{\"@type\":\"ListItem\",\"position\":1,\"name\":\"Home\",\"item\":\"https:\/\/nazarene.org\/es\/inicio\/\"},{\"@type\":\"ListItem\",\"position\":2,\"name\":\"News\",\"item\":\"https:\/\/nazarene.org\/es\/news\/\"},{\"@type\":\"ListItem\",\"position\":3,\"name\":\"East, los distritos de West Mindanao celebran el hito\"}]},{\"@type\":\"WebSite\",\"@id\":\"https:\/\/nazarene.org\/es\/#website\",\"url\":\"https:\/\/nazarene.org\/es\/\",\"name\":\"Church of the Nazarene\",\"description\":\"Making Christlike Disciples in the Nations\",\"publisher\":{\"@id\":\"https:\/\/nazarene.org\/es\/#organization\"},\"potentialAction\":[{\"@type\":\"SearchAction\",\"target\":{\"@type\":\"EntryPoint\",\"urlTemplate\":\"https:\/\/nazarene.org\/es\/?s={search_term_string}\"},\"query-input\":{\"@type\":\"PropertyValueSpecification\",\"valueRequired\":true,\"valueName\":\"search_term_string\"}}],\"inLanguage\":\"es\"},{\"@type\":\"Organization\",\"@id\":\"https:\/\/nazarene.org\/es\/#organization\",\"name\":\"Church of the Nazarene\",\"url\":\"https:\/\/nazarene.org\/es\/\",\"logo\":{\"@type\":\"ImageObject\",\"inLanguage\":\"es\",\"@id\":\"https:\/\/nazarene.org\/es\/#\/schema\/logo\/image\/\",\"url\":\"https:\/\/nazarene.org\/wp-content\/uploads\/2024\/06\/Naz_Desktop_Black_Logo-1.svg\",\"contentUrl\":\"https:\/\/nazarene.org\/wp-content\/uploads\/2024\/06\/Naz_Desktop_Black_Logo-1.svg\",\"width\":258,\"height\":36,\"caption\":\"Church of the Nazarene\"},\"image\":{\"@id\":\"https:\/\/nazarene.org\/es\/#\/schema\/logo\/image\/\"},\"sameAs\":[\"https:\/\/www.facebook.com\/NazareneOfficial\/\",\"https:\/\/x.com\/Nazarene\",\"https:\/\/www.instagram.com\/nazareneofficial\/\"]}]}<\/script>\n<!-- \/ Yoast SEO Premium plugin. -->","yoast_head_json":{"title":"East, los distritos de West Mindanao celebran el hito - Church of the Nazarene","robots":{"index":"index","follow":"follow","max-snippet":"max-snippet:-1","max-image-preview":"max-image-preview:large","max-video-preview":"max-video-preview:-1"},"canonical":"https:\/\/nazarene.org\/es\/news\/east-los-distritos-de-west-mindanao-celebran-el-hito\/","og_locale":"es_ES","og_type":"article","og_title":"East, los distritos de West Mindanao celebran el hito","og_description":"Los distritos de Este y West Mindanao de la Iglesia de la Nazarena celebraron un 50\u00ba aniversario de un hito con un evento de tres d\u00edas destacando la fidelidad de Dios y la provisi\u00f3n para la iglesia.","og_url":"https:\/\/nazarene.org\/es\/news\/east-los-distritos-de-west-mindanao-celebran-el-hito\/","og_site_name":"Church of the Nazarene","article_publisher":"https:\/\/www.facebook.com\/NazareneOfficial\/","twitter_card":"summary_large_image","twitter_site":"@Nazarene","schema":{"@context":"https:\/\/schema.org","@graph":[{"@type":"WebPage","@id":"https:\/\/nazarene.org\/es\/news\/east-los-distritos-de-west-mindanao-celebran-el-hito\/","url":"https:\/\/nazarene.org\/es\/news\/east-los-distritos-de-west-mindanao-celebran-el-hito\/","name":"East, los distritos de West Mindanao celebran el hito - Church of the Nazarene","isPartOf":{"@id":"https:\/\/nazarene.org\/es\/#website"},"primaryImageOfPage":{"@id":"https:\/\/nazarene.org\/es\/news\/east-los-distritos-de-west-mindanao-celebran-el-hito\/#primaryimage"},"image":{"@id":"https:\/\/nazarene.org\/es\/news\/east-los-distritos-de-west-mindanao-celebran-el-hito\/#primaryimage"},"thumbnailUrl":"https:\/\/nazarene.org\/wp-content\/uploads\/2025\/02\/Mindanao.jpg","datePublished":"2024-07-11T05:00:00+00:00","breadcrumb":{"@id":"https:\/\/nazarene.org\/es\/news\/east-los-distritos-de-west-mindanao-celebran-el-hito\/#breadcrumb"},"inLanguage":"es","potentialAction":[{"@type":"ReadAction","target":["https:\/\/nazarene.org\/es\/news\/east-los-distritos-de-west-mindanao-celebran-el-hito\/"]}]},{"@type":"ImageObject","inLanguage":"es","@id":"https:\/\/nazarene.org\/es\/news\/east-los-distritos-de-west-mindanao-celebran-el-hito\/#primaryimage","url":"https:\/\/nazarene.org\/wp-content\/uploads\/2025\/02\/Mindanao.jpg","contentUrl":"https:\/\/nazarene.org\/wp-content\/uploads\/2025\/02\/Mindanao.jpg","width":1920,"height":1024},{"@type":"BreadcrumbList","@id":"https:\/\/nazarene.org\/es\/news\/east-los-distritos-de-west-mindanao-celebran-el-hito\/#breadcrumb","itemListElement":[{"@type":"ListItem","position":1,"name":"Home","item":"https:\/\/nazarene.org\/es\/inicio\/"},{"@type":"ListItem","position":2,"name":"News","item":"https:\/\/nazarene.org\/es\/news\/"},{"@type":"ListItem","position":3,"name":"East, los distritos de West Mindanao celebran el hito"}]},{"@type":"WebSite","@id":"https:\/\/nazarene.org\/es\/#website","url":"https:\/\/nazarene.org\/es\/","name":"Church of the Nazarene","description":"Making Christlike Disciples in the Nations","publisher":{"@id":"https:\/\/nazarene.org\/es\/#organization"},"potentialAction":[{"@type":"SearchAction","target":{"@type":"EntryPoint","urlTemplate":"https:\/\/nazarene.org\/es\/?s={search_term_string}"},"query-input":{"@type":"PropertyValueSpecification","valueRequired":true,"valueName":"search_term_string"}}],"inLanguage":"es"},{"@type":"Organization","@id":"https:\/\/nazarene.org\/es\/#organization","name":"Church of the Nazarene","url":"https:\/\/nazarene.org\/es\/","logo":{"@type":"ImageObject","inLanguage":"es","@id":"https:\/\/nazarene.org\/es\/#\/schema\/logo\/image\/","url":"https:\/\/nazarene.org\/wp-content\/uploads\/2024\/06\/Naz_Desktop_Black_Logo-1.svg","contentUrl":"https:\/\/nazarene.org\/wp-content\/uploads\/2024\/06\/Naz_Desktop_Black_Logo-1.svg","width":258,"height":36,"caption":"Church of the Nazarene"},"image":{"@id":"https:\/\/nazarene.org\/es\/#\/schema\/logo\/image\/"},"sameAs":["https:\/\/www.facebook.com\/NazareneOfficial\/","https:\/\/x.com\/Nazarene","https:\/\/www.instagram.com\/nazareneofficial\/"]}]}},"_links":{"self":[{"href":"https:\/\/nazarene.org\/es\/wp-json\/wp\/v2\/news\/43986","targetHints":{"allow":["GET"]}}],"collection":[{"href":"https:\/\/nazarene.org\/es\/wp-json\/wp\/v2\/news"}],"about":[{"href":"https:\/\/nazarene.org\/es\/wp-json\/wp\/v2\/types\/news"}],"author":[{"embeddable":true,"href":"https:\/\/nazarene.org\/es\/wp-json\/wp\/v2\/users\/1"}],"version-history":[{"count":0,"href":"https:\/\/nazarene.org\/es\/wp-json\/wp\/v2\/news\/43986\/revisions"}],"wp:featuredmedia":[{"embeddable":true,"href":"https:\/\/nazarene.org\/es\/wp-json\/wp\/v2\/media\/30602"}],"wp:attachment":[{"href":"https:\/\/nazarene.org\/es\/wp-json\/wp\/v2\/media?parent=43986"}],"wp:term":[{"taxonomy":"news-categories","embeddable":true,"href":"https:\/\/nazarene.org\/es\/wp-json\/wp\/v2\/news-categories?post=43986"},{"taxonomy":"news-region-taxonomy","embeddable":true,"href":"https:\/\/nazarene.org\/es\/wp-json\/wp\/v2\/news-region-taxonomy?post=43986"},{"taxonomy":"news-tag","embeddable":true,"href":"https:\/\/nazarene.org\/es\/wp-json\/wp\/v2\/news-tag?post=43986"}],"curies":[{"name":"wp","href":"https:\/\/api.w.org\/{rel}","templated":true}]}}