{"id":43093,"date":"2023-07-27T00:00:00","date_gmt":"2023-07-27T05:00:00","guid":{"rendered":"https:\/\/nazarene.org\/news\/andrew-albright-elegido-superintendente-del-distrito-de-wisconsin\/"},"modified":"2023-07-27T00:00:00","modified_gmt":"2023-07-27T05:00:00","slug":"andrew-albright-elegido-superintendente-del-distrito-de-wisconsin","status":"publish","type":"news","link":"https:\/\/nazarene.org\/es\/news\/andrew-albright-elegido-superintendente-del-distrito-de-wisconsin\/","title":{"rendered":"Andrew Albright elegido superintendente del Distrito de Wisconsin"},"content":{"rendered":"<p>Andrew Albright fue elegido superintendente del Distrito de Wisconsin el 19 de julio de 2023. Ha pastoreado la Iglesia de Twin Falls de la Nazarena en Idaho desde 2020.<\/p>\n<p>Estoy emocionado de asociarme en el ministerio, la misi\u00f3n y el prop\u00f3sito con el Distrito de Wisconsin, dijo Albright.&nbsp;La Iglesia de la Nazarena ha hecho un impacto santo, positivo y amoroso en mi vida. Conf\u00edo en que Dios me equipar\u00e1 para servir en este nuevo papel del ministerio. Nuestros mejores d\u00edas a\u00fan son por venir, debido a Jes\u00fas.<\/p>\n<p>Comenzar\u00e1 su asignaci\u00f3n el 19 de agosto de 2023. Albright reemplazar\u00e1 a Ron Blake, que ha servido como superintendente interino desde la enfermedad y la <a href=\"https:\/\/nazarene.org\/article\/celebrating-life-and-ministry-kevin-donley\">muerte de Kevin Donley<\/a> a fines de 2022.&nbsp;<\/p>\n<p>Albright es un graduado del Metropolitan State College de Denver, donde gan\u00f3 una licenciatura en ingl\u00e9s con un menor en la educaci\u00f3n secundaria en 2004.<\/p>\n<p>En 2005, comenz\u00f3 a servir como el pastor alto juvenil y junior en la Iglesia de Westminster de la Nazarena en Colorado. Sirvi\u00f3 all\u00ed durante cinco a\u00f1os mientras ganaba simult\u00e1neamente su maestr\u00eda en el ministerio pastoral de la Universidad Nazarena del Noroeste en 2008.<\/p>\n<p>Albright se convirti\u00f3 en el pastor en la Primera Iglesia de la Junta de la Nazarena en Colorado en 2010, sirviendo hasta 2013. Luego se mud\u00f3 a la Iglesia de Newport de la Nazarena en Oregon, donde sirvi\u00f3 hasta 2020, cuando acept\u00f3 su posici\u00f3n actual en la Iglesia de Twin Falls de la Nazarena.<\/p>\n<p>Andy y su esposa, Sarah, tienen dos hijos, David y Aaron.&nbsp;<\/p>\n","protected":false},"excerpt":{"rendered":"<p>Andrew Albright fue elegido superintendente del Distrito de Wisconsin el 19 de julio de 2023. Ha pastoreado la Iglesia de Twin Falls de la Nazarena en Idaho desde 2020.<\/p>\n","protected":false},"author":1,"featured_media":29678,"menu_order":0,"template":"","news-categories":[],"news-region-taxonomy":[],"news-tag":[764,1709],"class_list":["post-43093","news","type-news","status-publish","has-post-thumbnail","hentry","news-tag-ee-uu-canada","news-tag-wisconsin-es"],"yoast_head":"<!-- This site is optimized with the Yoast SEO Premium plugin v27.1 (Yoast SEO v27.1.1) - https:\/\/yoast.com\/product\/yoast-seo-premium-wordpress\/ -->\n<title>Andrew Albright elegido superintendente del Distrito de Wisconsin - Church of the Nazarene<\/title>\n<meta name=\"robots\" content=\"index, follow, max-snippet:-1, max-image-preview:large, max-video-preview:-1\" \/>\n<link rel=\"canonical\" href=\"https:\/\/nazarene.org\/es\/news\/andrew-albright-elegido-superintendente-del-distrito-de-wisconsin\/\" \/>\n<meta property=\"og:locale\" content=\"es_ES\" \/>\n<meta property=\"og:type\" content=\"article\" \/>\n<meta property=\"og:title\" content=\"Andrew Albright elegido superintendente del Distrito de Wisconsin\" \/>\n<meta property=\"og:description\" content=\"Andrew Albright fue elegido superintendente del Distrito de Wisconsin el 19 de julio de 2023. Ha pastoreado la Iglesia de Twin Falls de la Nazarena en Idaho desde 2020.\" \/>\n<meta property=\"og:url\" content=\"https:\/\/nazarene.org\/es\/news\/andrew-albright-elegido-superintendente-del-distrito-de-wisconsin\/\" \/>\n<meta property=\"og:site_name\" content=\"Church of the Nazarene\" \/>\n<meta property=\"article:publisher\" content=\"https:\/\/www.facebook.com\/NazareneOfficial\/\" \/>\n<meta name=\"twitter:card\" content=\"summary_large_image\" \/>\n<meta name=\"twitter:site\" content=\"@Nazarene\" \/>\n<script type=\"application\/ld+json\" class=\"yoast-schema-graph\">{\"@context\":\"https:\/\/schema.org\",\"@graph\":[{\"@type\":\"WebPage\",\"@id\":\"https:\/\/nazarene.org\/es\/news\/andrew-albright-elegido-superintendente-del-distrito-de-wisconsin\/\",\"url\":\"https:\/\/nazarene.org\/es\/news\/andrew-albright-elegido-superintendente-del-distrito-de-wisconsin\/\",\"name\":\"Andrew Albright elegido superintendente del Distrito de Wisconsin - Church of the Nazarene\",\"isPartOf\":{\"@id\":\"https:\/\/nazarene.org\/es\/#website\"},\"primaryImageOfPage\":{\"@id\":\"https:\/\/nazarene.org\/es\/news\/andrew-albright-elegido-superintendente-del-distrito-de-wisconsin\/#primaryimage\"},\"image\":{\"@id\":\"https:\/\/nazarene.org\/es\/news\/andrew-albright-elegido-superintendente-del-distrito-de-wisconsin\/#primaryimage\"},\"thumbnailUrl\":\"https:\/\/nazarene.org\/wp-content\/uploads\/2025\/02\/Andy-Albright.png\",\"datePublished\":\"2023-07-27T05:00:00+00:00\",\"breadcrumb\":{\"@id\":\"https:\/\/nazarene.org\/es\/news\/andrew-albright-elegido-superintendente-del-distrito-de-wisconsin\/#breadcrumb\"},\"inLanguage\":\"es\",\"potentialAction\":[{\"@type\":\"ReadAction\",\"target\":[\"https:\/\/nazarene.org\/es\/news\/andrew-albright-elegido-superintendente-del-distrito-de-wisconsin\/\"]}]},{\"@type\":\"ImageObject\",\"inLanguage\":\"es\",\"@id\":\"https:\/\/nazarene.org\/es\/news\/andrew-albright-elegido-superintendente-del-distrito-de-wisconsin\/#primaryimage\",\"url\":\"https:\/\/nazarene.org\/wp-content\/uploads\/2025\/02\/Andy-Albright.png\",\"contentUrl\":\"https:\/\/nazarene.org\/wp-content\/uploads\/2025\/02\/Andy-Albright.png\",\"width\":3126,\"height\":1667},{\"@type\":\"BreadcrumbList\",\"@id\":\"https:\/\/nazarene.org\/es\/news\/andrew-albright-elegido-superintendente-del-distrito-de-wisconsin\/#breadcrumb\",\"itemListElement\":[{\"@type\":\"ListItem\",\"position\":1,\"name\":\"Home\",\"item\":\"https:\/\/nazarene.org\/es\/inicio\/\"},{\"@type\":\"ListItem\",\"position\":2,\"name\":\"News\",\"item\":\"https:\/\/nazarene.org\/es\/news\/\"},{\"@type\":\"ListItem\",\"position\":3,\"name\":\"Andrew Albright elegido superintendente del Distrito de Wisconsin\"}]},{\"@type\":\"WebSite\",\"@id\":\"https:\/\/nazarene.org\/es\/#website\",\"url\":\"https:\/\/nazarene.org\/es\/\",\"name\":\"Church of the Nazarene\",\"description\":\"Making Christlike Disciples in the Nations\",\"publisher\":{\"@id\":\"https:\/\/nazarene.org\/es\/#organization\"},\"potentialAction\":[{\"@type\":\"SearchAction\",\"target\":{\"@type\":\"EntryPoint\",\"urlTemplate\":\"https:\/\/nazarene.org\/es\/?s={search_term_string}\"},\"query-input\":{\"@type\":\"PropertyValueSpecification\",\"valueRequired\":true,\"valueName\":\"search_term_string\"}}],\"inLanguage\":\"es\"},{\"@type\":\"Organization\",\"@id\":\"https:\/\/nazarene.org\/es\/#organization\",\"name\":\"Church of the Nazarene\",\"url\":\"https:\/\/nazarene.org\/es\/\",\"logo\":{\"@type\":\"ImageObject\",\"inLanguage\":\"es\",\"@id\":\"https:\/\/nazarene.org\/es\/#\/schema\/logo\/image\/\",\"url\":\"https:\/\/nazarene.org\/wp-content\/uploads\/2024\/06\/Naz_Desktop_Black_Logo-1.svg\",\"contentUrl\":\"https:\/\/nazarene.org\/wp-content\/uploads\/2024\/06\/Naz_Desktop_Black_Logo-1.svg\",\"width\":258,\"height\":36,\"caption\":\"Church of the Nazarene\"},\"image\":{\"@id\":\"https:\/\/nazarene.org\/es\/#\/schema\/logo\/image\/\"},\"sameAs\":[\"https:\/\/www.facebook.com\/NazareneOfficial\/\",\"https:\/\/x.com\/Nazarene\",\"https:\/\/www.instagram.com\/nazareneofficial\/\"]}]}<\/script>\n<!-- \/ Yoast SEO Premium plugin. -->","yoast_head_json":{"title":"Andrew Albright elegido superintendente del Distrito de Wisconsin - Church of the Nazarene","robots":{"index":"index","follow":"follow","max-snippet":"max-snippet:-1","max-image-preview":"max-image-preview:large","max-video-preview":"max-video-preview:-1"},"canonical":"https:\/\/nazarene.org\/es\/news\/andrew-albright-elegido-superintendente-del-distrito-de-wisconsin\/","og_locale":"es_ES","og_type":"article","og_title":"Andrew Albright elegido superintendente del Distrito de Wisconsin","og_description":"Andrew Albright fue elegido superintendente del Distrito de Wisconsin el 19 de julio de 2023. Ha pastoreado la Iglesia de Twin Falls de la Nazarena en Idaho desde 2020.","og_url":"https:\/\/nazarene.org\/es\/news\/andrew-albright-elegido-superintendente-del-distrito-de-wisconsin\/","og_site_name":"Church of the Nazarene","article_publisher":"https:\/\/www.facebook.com\/NazareneOfficial\/","twitter_card":"summary_large_image","twitter_site":"@Nazarene","schema":{"@context":"https:\/\/schema.org","@graph":[{"@type":"WebPage","@id":"https:\/\/nazarene.org\/es\/news\/andrew-albright-elegido-superintendente-del-distrito-de-wisconsin\/","url":"https:\/\/nazarene.org\/es\/news\/andrew-albright-elegido-superintendente-del-distrito-de-wisconsin\/","name":"Andrew Albright elegido superintendente del Distrito de Wisconsin - Church of the Nazarene","isPartOf":{"@id":"https:\/\/nazarene.org\/es\/#website"},"primaryImageOfPage":{"@id":"https:\/\/nazarene.org\/es\/news\/andrew-albright-elegido-superintendente-del-distrito-de-wisconsin\/#primaryimage"},"image":{"@id":"https:\/\/nazarene.org\/es\/news\/andrew-albright-elegido-superintendente-del-distrito-de-wisconsin\/#primaryimage"},"thumbnailUrl":"https:\/\/nazarene.org\/wp-content\/uploads\/2025\/02\/Andy-Albright.png","datePublished":"2023-07-27T05:00:00+00:00","breadcrumb":{"@id":"https:\/\/nazarene.org\/es\/news\/andrew-albright-elegido-superintendente-del-distrito-de-wisconsin\/#breadcrumb"},"inLanguage":"es","potentialAction":[{"@type":"ReadAction","target":["https:\/\/nazarene.org\/es\/news\/andrew-albright-elegido-superintendente-del-distrito-de-wisconsin\/"]}]},{"@type":"ImageObject","inLanguage":"es","@id":"https:\/\/nazarene.org\/es\/news\/andrew-albright-elegido-superintendente-del-distrito-de-wisconsin\/#primaryimage","url":"https:\/\/nazarene.org\/wp-content\/uploads\/2025\/02\/Andy-Albright.png","contentUrl":"https:\/\/nazarene.org\/wp-content\/uploads\/2025\/02\/Andy-Albright.png","width":3126,"height":1667},{"@type":"BreadcrumbList","@id":"https:\/\/nazarene.org\/es\/news\/andrew-albright-elegido-superintendente-del-distrito-de-wisconsin\/#breadcrumb","itemListElement":[{"@type":"ListItem","position":1,"name":"Home","item":"https:\/\/nazarene.org\/es\/inicio\/"},{"@type":"ListItem","position":2,"name":"News","item":"https:\/\/nazarene.org\/es\/news\/"},{"@type":"ListItem","position":3,"name":"Andrew Albright elegido superintendente del Distrito de Wisconsin"}]},{"@type":"WebSite","@id":"https:\/\/nazarene.org\/es\/#website","url":"https:\/\/nazarene.org\/es\/","name":"Church of the Nazarene","description":"Making Christlike Disciples in the Nations","publisher":{"@id":"https:\/\/nazarene.org\/es\/#organization"},"potentialAction":[{"@type":"SearchAction","target":{"@type":"EntryPoint","urlTemplate":"https:\/\/nazarene.org\/es\/?s={search_term_string}"},"query-input":{"@type":"PropertyValueSpecification","valueRequired":true,"valueName":"search_term_string"}}],"inLanguage":"es"},{"@type":"Organization","@id":"https:\/\/nazarene.org\/es\/#organization","name":"Church of the Nazarene","url":"https:\/\/nazarene.org\/es\/","logo":{"@type":"ImageObject","inLanguage":"es","@id":"https:\/\/nazarene.org\/es\/#\/schema\/logo\/image\/","url":"https:\/\/nazarene.org\/wp-content\/uploads\/2024\/06\/Naz_Desktop_Black_Logo-1.svg","contentUrl":"https:\/\/nazarene.org\/wp-content\/uploads\/2024\/06\/Naz_Desktop_Black_Logo-1.svg","width":258,"height":36,"caption":"Church of the Nazarene"},"image":{"@id":"https:\/\/nazarene.org\/es\/#\/schema\/logo\/image\/"},"sameAs":["https:\/\/www.facebook.com\/NazareneOfficial\/","https:\/\/x.com\/Nazarene","https:\/\/www.instagram.com\/nazareneofficial\/"]}]}},"_links":{"self":[{"href":"https:\/\/nazarene.org\/es\/wp-json\/wp\/v2\/news\/43093","targetHints":{"allow":["GET"]}}],"collection":[{"href":"https:\/\/nazarene.org\/es\/wp-json\/wp\/v2\/news"}],"about":[{"href":"https:\/\/nazarene.org\/es\/wp-json\/wp\/v2\/types\/news"}],"author":[{"embeddable":true,"href":"https:\/\/nazarene.org\/es\/wp-json\/wp\/v2\/users\/1"}],"version-history":[{"count":0,"href":"https:\/\/nazarene.org\/es\/wp-json\/wp\/v2\/news\/43093\/revisions"}],"wp:featuredmedia":[{"embeddable":true,"href":"https:\/\/nazarene.org\/es\/wp-json\/wp\/v2\/media\/29678"}],"wp:attachment":[{"href":"https:\/\/nazarene.org\/es\/wp-json\/wp\/v2\/media?parent=43093"}],"wp:term":[{"taxonomy":"news-categories","embeddable":true,"href":"https:\/\/nazarene.org\/es\/wp-json\/wp\/v2\/news-categories?post=43093"},{"taxonomy":"news-region-taxonomy","embeddable":true,"href":"https:\/\/nazarene.org\/es\/wp-json\/wp\/v2\/news-region-taxonomy?post=43093"},{"taxonomy":"news-tag","embeddable":true,"href":"https:\/\/nazarene.org\/es\/wp-json\/wp\/v2\/news-tag?post=43093"}],"curies":[{"name":"wp","href":"https:\/\/api.w.org\/{rel}","templated":true}]}}