{"id":42078,"date":"2025-06-09T02:46:36","date_gmt":"2025-06-09T07:46:36","guid":{"rendered":"https:\/\/nazarene.org\/news\/in-memoriam-16-de-mayo-de-2025\/"},"modified":"2025-07-03T00:41:34","modified_gmt":"2025-07-03T05:41:34","slug":"in-memoriam-16-de-mayo-de-2025","status":"publish","type":"news","link":"https:\/\/nazarene.org\/es\/news\/in-memoriam-16-de-mayo-de-2025\/","title":{"rendered":"In Memoriam: 16 de mayo de 2025"},"content":{"rendered":"\n<p>La siguiente es una lista semanal de ministros y l\u00edderes nazarenos que recientemente fueron a casa para estar con el Se\u00f1or. Los avisos se recibieron el 12 al 16 de mayo de 2025.<\/p>\n\n<p><a href=\"https:\/\/www.legacy.com\/us\/obituaries\/name\/howard-baker-obituary?id=58379049\" target=\"_blank\" rel=\"noreferrer noopener\"><strong>Howard Baker<\/strong><\/a>, 95, de Indianapolis, Indiana, muri\u00f3 el 11 de mayo de 2025. Era un ministro jubilado y evangelista, sirviendo en Indiana, Kentucky y Tennessee. Le sobrevive su esposa, Pamela (Romans) Baker. Fue precedido en la muerte por su primera esposa, Willowdean (Woodward) Baker en 1990.<\/p>\n\n<p><strong>Jack Carpenter<\/strong>, 79, de Gallatin, Tennessee, muri\u00f3 el 6 de mayo de 2025. Era un ministro jubilado, sirviendo en Iowa, Ohio y Carolina del Sur. Fue precedido en la muerte por su esposa, Glenna Carpenter, en 2024. <\/p>\n\n<p><a href=\"https:\/\/www.mlfordsons.com\/obituary\/WilliamBill-Dodd?sfnsn=mo\" target=\"_blank\" rel=\"noreferrer noopener\"><strong>William \u00abBill\u00bb Dodd<\/strong><\/a>, 88, de York, Carolina del Sur, muri\u00f3 el 27 de marzo de 2025. Era un ministro jubilado sirviendo en Florida, Ohio, Indiana y Virginia. Fue precedido en la muerte por su esposa, Virginia (Bowmen) Dodd, en 2022. <\/p>\n\n<p>Para ver ediciones anteriores de <em>In Memoriam, <\/em>haga <a href=\"https:\/\/www.nazarene.org\/all-news?keywords=&amp;tag%5B0%5D=56&amp;tag%5B1%5D=56&amp;sort_by=created\" target=\"_blank\" rel=\"noreferrer noopener\">clic aqu\u00ed<\/a>.<\/p>\n\n<p><em>Nota: \u00danase a nosotros en oraci\u00f3n por las familias que han perdido a seres queridos. Haga clic en los nombres para historias completas, informaci\u00f3n funeraria, obituarios locales en l\u00ednea y \/ o libros de invitados (si est\u00e1 disponible). Para enviar una entrada de un ministro o l\u00edder de la iglesia, env\u00ede a news@nazarene.org.<\/em><\/p>\n\n<p>Compilado por Nazarene News<\/p>\n","protected":false},"excerpt":{"rendered":"<p>La siguiente es una lista semanal de ministros y l\u00edderes nazarenos que recientemente fueron a casa para estar con el Se\u00f1or. Los avisos se recibieron el 12 al 16 de mayo de 2025. Howard Baker, 95, de Indianapolis, Indiana, muri\u00f3 el 11 de mayo de 2025. Era un ministro jubilado y evangelista, sirviendo en Indiana, [&hellip;]<\/p>\n","protected":false},"author":12,"featured_media":38047,"menu_order":0,"template":"","news-categories":[],"news-region-taxonomy":[],"news-tag":[793,792],"class_list":["post-42078","news","type-news","status-publish","has-post-thumbnail","hentry","news-tag-in-memoriam-es","news-tag-pasos"],"yoast_head":"<!-- This site is optimized with the Yoast SEO Premium plugin v27.1 (Yoast SEO v27.1.1) - https:\/\/yoast.com\/product\/yoast-seo-premium-wordpress\/ -->\n<title>In Memoriam: 16 de mayo de 2025 - Church of the Nazarene<\/title>\n<meta name=\"description\" content=\"La siguiente es una lista semanal de ministros y l\u00edderes nazarenos que recientemente fueron a casa para estar con el Se\u00f1or. Los avisos se recibieron el 12 al 16 de mayo de 2025.\" \/>\n<meta name=\"robots\" content=\"index, follow, max-snippet:-1, max-image-preview:large, max-video-preview:-1\" \/>\n<link rel=\"canonical\" href=\"https:\/\/nazarene.org\/es\/news\/in-memoriam-16-de-mayo-de-2025\/\" \/>\n<meta property=\"og:locale\" content=\"es_ES\" \/>\n<meta property=\"og:type\" content=\"article\" \/>\n<meta property=\"og:title\" content=\"In Memoriam: 16 de mayo de 2025\" \/>\n<meta property=\"og:description\" content=\"La siguiente es una lista semanal de ministros y l\u00edderes nazarenos que recientemente fueron a casa para estar con el Se\u00f1or. Los avisos se recibieron el 12 al 16 de mayo de 2025.\" \/>\n<meta property=\"og:url\" content=\"https:\/\/nazarene.org\/es\/news\/in-memoriam-16-de-mayo-de-2025\/\" \/>\n<meta property=\"og:site_name\" content=\"Church of the Nazarene\" \/>\n<meta property=\"article:publisher\" content=\"https:\/\/www.facebook.com\/NazareneOfficial\/\" \/>\n<meta property=\"article:modified_time\" content=\"2025-07-03T05:41:34+00:00\" \/>\n<meta property=\"og:image\" content=\"https:\/\/nazarene.org\/wp-content\/uploads\/2025\/06\/BeachPath.jpg\" \/>\n\t<meta property=\"og:image:width\" content=\"750\" \/>\n\t<meta property=\"og:image:height\" content=\"400\" \/>\n\t<meta property=\"og:image:type\" content=\"image\/jpeg\" \/>\n<meta name=\"twitter:card\" content=\"summary_large_image\" \/>\n<meta name=\"twitter:site\" content=\"@Nazarene\" \/>\n<script type=\"application\/ld+json\" class=\"yoast-schema-graph\">{\"@context\":\"https:\/\/schema.org\",\"@graph\":[{\"@type\":\"WebPage\",\"@id\":\"https:\/\/nazarene.org\/es\/news\/in-memoriam-16-de-mayo-de-2025\/\",\"url\":\"https:\/\/nazarene.org\/es\/news\/in-memoriam-16-de-mayo-de-2025\/\",\"name\":\"In Memoriam: 16 de mayo de 2025 - Church of the Nazarene\",\"isPartOf\":{\"@id\":\"https:\/\/nazarene.org\/es\/#website\"},\"primaryImageOfPage\":{\"@id\":\"https:\/\/nazarene.org\/es\/news\/in-memoriam-16-de-mayo-de-2025\/#primaryimage\"},\"image\":{\"@id\":\"https:\/\/nazarene.org\/es\/news\/in-memoriam-16-de-mayo-de-2025\/#primaryimage\"},\"thumbnailUrl\":\"https:\/\/nazarene.org\/wp-content\/uploads\/2025\/06\/BeachPath.jpg\",\"datePublished\":\"2025-06-09T07:46:36+00:00\",\"dateModified\":\"2025-07-03T05:41:34+00:00\",\"description\":\"La siguiente es una lista semanal de ministros y l\u00edderes nazarenos que recientemente fueron a casa para estar con el Se\u00f1or. Los avisos se recibieron el 12 al 16 de mayo de 2025.\",\"breadcrumb\":{\"@id\":\"https:\/\/nazarene.org\/es\/news\/in-memoriam-16-de-mayo-de-2025\/#breadcrumb\"},\"inLanguage\":\"es\",\"potentialAction\":[{\"@type\":\"ReadAction\",\"target\":[\"https:\/\/nazarene.org\/es\/news\/in-memoriam-16-de-mayo-de-2025\/\"]}]},{\"@type\":\"ImageObject\",\"inLanguage\":\"es\",\"@id\":\"https:\/\/nazarene.org\/es\/news\/in-memoriam-16-de-mayo-de-2025\/#primaryimage\",\"url\":\"https:\/\/nazarene.org\/wp-content\/uploads\/2025\/06\/BeachPath.jpg\",\"contentUrl\":\"https:\/\/nazarene.org\/wp-content\/uploads\/2025\/06\/BeachPath.jpg\",\"width\":750,\"height\":400},{\"@type\":\"BreadcrumbList\",\"@id\":\"https:\/\/nazarene.org\/es\/news\/in-memoriam-16-de-mayo-de-2025\/#breadcrumb\",\"itemListElement\":[{\"@type\":\"ListItem\",\"position\":1,\"name\":\"Home\",\"item\":\"https:\/\/nazarene.org\/es\/inicio\/\"},{\"@type\":\"ListItem\",\"position\":2,\"name\":\"News\",\"item\":\"https:\/\/nazarene.org\/es\/news\/\"},{\"@type\":\"ListItem\",\"position\":3,\"name\":\"In Memoriam: 16 de mayo de 2025\"}]},{\"@type\":\"WebSite\",\"@id\":\"https:\/\/nazarene.org\/es\/#website\",\"url\":\"https:\/\/nazarene.org\/es\/\",\"name\":\"Church of the Nazarene\",\"description\":\"Making Christlike Disciples in the Nations\",\"publisher\":{\"@id\":\"https:\/\/nazarene.org\/es\/#organization\"},\"potentialAction\":[{\"@type\":\"SearchAction\",\"target\":{\"@type\":\"EntryPoint\",\"urlTemplate\":\"https:\/\/nazarene.org\/es\/?s={search_term_string}\"},\"query-input\":{\"@type\":\"PropertyValueSpecification\",\"valueRequired\":true,\"valueName\":\"search_term_string\"}}],\"inLanguage\":\"es\"},{\"@type\":\"Organization\",\"@id\":\"https:\/\/nazarene.org\/es\/#organization\",\"name\":\"Church of the Nazarene\",\"url\":\"https:\/\/nazarene.org\/es\/\",\"logo\":{\"@type\":\"ImageObject\",\"inLanguage\":\"es\",\"@id\":\"https:\/\/nazarene.org\/es\/#\/schema\/logo\/image\/\",\"url\":\"https:\/\/nazarene.org\/wp-content\/uploads\/2024\/06\/Naz_Desktop_Black_Logo-1.svg\",\"contentUrl\":\"https:\/\/nazarene.org\/wp-content\/uploads\/2024\/06\/Naz_Desktop_Black_Logo-1.svg\",\"width\":258,\"height\":36,\"caption\":\"Church of the Nazarene\"},\"image\":{\"@id\":\"https:\/\/nazarene.org\/es\/#\/schema\/logo\/image\/\"},\"sameAs\":[\"https:\/\/www.facebook.com\/NazareneOfficial\/\",\"https:\/\/x.com\/Nazarene\",\"https:\/\/www.instagram.com\/nazareneofficial\/\"]}]}<\/script>\n<!-- \/ Yoast SEO Premium plugin. -->","yoast_head_json":{"title":"In Memoriam: 16 de mayo de 2025 - Church of the Nazarene","description":"La siguiente es una lista semanal de ministros y l\u00edderes nazarenos que recientemente fueron a casa para estar con el Se\u00f1or. Los avisos se recibieron el 12 al 16 de mayo de 2025.","robots":{"index":"index","follow":"follow","max-snippet":"max-snippet:-1","max-image-preview":"max-image-preview:large","max-video-preview":"max-video-preview:-1"},"canonical":"https:\/\/nazarene.org\/es\/news\/in-memoriam-16-de-mayo-de-2025\/","og_locale":"es_ES","og_type":"article","og_title":"In Memoriam: 16 de mayo de 2025","og_description":"La siguiente es una lista semanal de ministros y l\u00edderes nazarenos que recientemente fueron a casa para estar con el Se\u00f1or. Los avisos se recibieron el 12 al 16 de mayo de 2025.","og_url":"https:\/\/nazarene.org\/es\/news\/in-memoriam-16-de-mayo-de-2025\/","og_site_name":"Church of the Nazarene","article_publisher":"https:\/\/www.facebook.com\/NazareneOfficial\/","article_modified_time":"2025-07-03T05:41:34+00:00","og_image":[{"width":750,"height":400,"url":"https:\/\/nazarene.org\/wp-content\/uploads\/2025\/06\/BeachPath.jpg","type":"image\/jpeg"}],"twitter_card":"summary_large_image","twitter_site":"@Nazarene","schema":{"@context":"https:\/\/schema.org","@graph":[{"@type":"WebPage","@id":"https:\/\/nazarene.org\/es\/news\/in-memoriam-16-de-mayo-de-2025\/","url":"https:\/\/nazarene.org\/es\/news\/in-memoriam-16-de-mayo-de-2025\/","name":"In Memoriam: 16 de mayo de 2025 - Church of the Nazarene","isPartOf":{"@id":"https:\/\/nazarene.org\/es\/#website"},"primaryImageOfPage":{"@id":"https:\/\/nazarene.org\/es\/news\/in-memoriam-16-de-mayo-de-2025\/#primaryimage"},"image":{"@id":"https:\/\/nazarene.org\/es\/news\/in-memoriam-16-de-mayo-de-2025\/#primaryimage"},"thumbnailUrl":"https:\/\/nazarene.org\/wp-content\/uploads\/2025\/06\/BeachPath.jpg","datePublished":"2025-06-09T07:46:36+00:00","dateModified":"2025-07-03T05:41:34+00:00","description":"La siguiente es una lista semanal de ministros y l\u00edderes nazarenos que recientemente fueron a casa para estar con el Se\u00f1or. Los avisos se recibieron el 12 al 16 de mayo de 2025.","breadcrumb":{"@id":"https:\/\/nazarene.org\/es\/news\/in-memoriam-16-de-mayo-de-2025\/#breadcrumb"},"inLanguage":"es","potentialAction":[{"@type":"ReadAction","target":["https:\/\/nazarene.org\/es\/news\/in-memoriam-16-de-mayo-de-2025\/"]}]},{"@type":"ImageObject","inLanguage":"es","@id":"https:\/\/nazarene.org\/es\/news\/in-memoriam-16-de-mayo-de-2025\/#primaryimage","url":"https:\/\/nazarene.org\/wp-content\/uploads\/2025\/06\/BeachPath.jpg","contentUrl":"https:\/\/nazarene.org\/wp-content\/uploads\/2025\/06\/BeachPath.jpg","width":750,"height":400},{"@type":"BreadcrumbList","@id":"https:\/\/nazarene.org\/es\/news\/in-memoriam-16-de-mayo-de-2025\/#breadcrumb","itemListElement":[{"@type":"ListItem","position":1,"name":"Home","item":"https:\/\/nazarene.org\/es\/inicio\/"},{"@type":"ListItem","position":2,"name":"News","item":"https:\/\/nazarene.org\/es\/news\/"},{"@type":"ListItem","position":3,"name":"In Memoriam: 16 de mayo de 2025"}]},{"@type":"WebSite","@id":"https:\/\/nazarene.org\/es\/#website","url":"https:\/\/nazarene.org\/es\/","name":"Church of the Nazarene","description":"Making Christlike Disciples in the Nations","publisher":{"@id":"https:\/\/nazarene.org\/es\/#organization"},"potentialAction":[{"@type":"SearchAction","target":{"@type":"EntryPoint","urlTemplate":"https:\/\/nazarene.org\/es\/?s={search_term_string}"},"query-input":{"@type":"PropertyValueSpecification","valueRequired":true,"valueName":"search_term_string"}}],"inLanguage":"es"},{"@type":"Organization","@id":"https:\/\/nazarene.org\/es\/#organization","name":"Church of the Nazarene","url":"https:\/\/nazarene.org\/es\/","logo":{"@type":"ImageObject","inLanguage":"es","@id":"https:\/\/nazarene.org\/es\/#\/schema\/logo\/image\/","url":"https:\/\/nazarene.org\/wp-content\/uploads\/2024\/06\/Naz_Desktop_Black_Logo-1.svg","contentUrl":"https:\/\/nazarene.org\/wp-content\/uploads\/2024\/06\/Naz_Desktop_Black_Logo-1.svg","width":258,"height":36,"caption":"Church of the Nazarene"},"image":{"@id":"https:\/\/nazarene.org\/es\/#\/schema\/logo\/image\/"},"sameAs":["https:\/\/www.facebook.com\/NazareneOfficial\/","https:\/\/x.com\/Nazarene","https:\/\/www.instagram.com\/nazareneofficial\/"]}]}},"_links":{"self":[{"href":"https:\/\/nazarene.org\/es\/wp-json\/wp\/v2\/news\/42078","targetHints":{"allow":["GET"]}}],"collection":[{"href":"https:\/\/nazarene.org\/es\/wp-json\/wp\/v2\/news"}],"about":[{"href":"https:\/\/nazarene.org\/es\/wp-json\/wp\/v2\/types\/news"}],"author":[{"embeddable":true,"href":"https:\/\/nazarene.org\/es\/wp-json\/wp\/v2\/users\/12"}],"version-history":[{"count":0,"href":"https:\/\/nazarene.org\/es\/wp-json\/wp\/v2\/news\/42078\/revisions"}],"wp:featuredmedia":[{"embeddable":true,"href":"https:\/\/nazarene.org\/es\/wp-json\/wp\/v2\/media\/38047"}],"wp:attachment":[{"href":"https:\/\/nazarene.org\/es\/wp-json\/wp\/v2\/media?parent=42078"}],"wp:term":[{"taxonomy":"news-categories","embeddable":true,"href":"https:\/\/nazarene.org\/es\/wp-json\/wp\/v2\/news-categories?post=42078"},{"taxonomy":"news-region-taxonomy","embeddable":true,"href":"https:\/\/nazarene.org\/es\/wp-json\/wp\/v2\/news-region-taxonomy?post=42078"},{"taxonomy":"news-tag","embeddable":true,"href":"https:\/\/nazarene.org\/es\/wp-json\/wp\/v2\/news-tag?post=42078"}],"curies":[{"name":"wp","href":"https:\/\/api.w.org\/{rel}","templated":true}]}}