{"id":41776,"date":"2025-06-09T21:21:54","date_gmt":"2025-06-10T02:21:54","guid":{"rendered":"https:\/\/nazarene.org\/news\/in-memoriam-6-de-junio-de-2025\/"},"modified":"2025-07-02T02:17:55","modified_gmt":"2025-07-02T07:17:55","slug":"in-memoriam-6-de-junio-de-2025","status":"publish","type":"news","link":"https:\/\/nazarene.org\/es\/news\/in-memoriam-6-de-junio-de-2025\/","title":{"rendered":"In Memoriam: 6 de junio de 2025"},"content":{"rendered":"\n<p>La siguiente es una lista semanal de ministros y l\u00edderes nazarenos que recientemente fueron a casa para estar con el Se\u00f1or. Los avisos se recibieron del 2 al 6 de junio de 2025.<\/p>\n\n<p><strong>William Belgie<\/strong>, 78, de El Paso, Texas, muri\u00f3 el 27 de mayo de 2025. Era un ministro que sirvi\u00f3 en Nuevo M\u00e9xico. Le sobrevive su esposa, Barbara Belgie.<\/p>\n\n<p><strong>Richard Brunner<\/strong>, 94, de Weyauwega, Wisconsin, muri\u00f3 el 25 de mayo de 2025. \u00c9l como un ministro jubilado que sirvi\u00f3 en Iowa y Wisconsin. Fue precedido en la muerte por su primera esposa, Rosette Brunner, que muri\u00f3 en 1986; segunda esposa, Alyce Brunner, que muri\u00f3 en 2007; tercera esposa, Hazel Brunner, que muri\u00f3 en 2013; y cuarta esposa, Irma Brunner, que muri\u00f3 en 2022.<\/p>\n\n<p><strong>Alfred Jones<\/strong>, 87, de Valley Center, California, muri\u00f3 el 29 de mayo de 2025. Era un misionero jubilado que sirvi\u00f3 en Australia, Etiop\u00eda y Keyna durante m\u00e1s de 20 a\u00f1os. Sirvi\u00f3 como ministro en California, Idaho y Missouri. Le sobrevive su esposa, Kitty Jones.<\/p>\n\n<p><strong>Joyce Kidder<\/strong>, 82, de Land O&#8217; Lakes, Florida, muri\u00f3 el 27 de mayo de 2025. Era la esposa de Kermit Kidder, un evangelista de la canci\u00f3n y ministro que sirvi\u00f3 en Tennessee, Florida, Illinois y Arkansas. <\/p>\n\n<p><strong>Nyoka George<\/strong>, 82, de Vinton, Ohio, muri\u00f3 el 24 de mayo de 2025. Era la viuda de Herman George, un ministro jubilado que sirvi\u00f3 en West Virginia y Ohio. Herman muri\u00f3 en 2020.<\/p>\n\n<p><strong>Daniel Hayes<\/strong>, 79, de Fitzgerald, Georgia, muri\u00f3 el 22 de mayo de 2025. Era un ministro jubilado que sirvi\u00f3 en Florida y Georgia. Le sobrevive su esposa, Sharon Hayes.<\/p>\n\n<p><strong>Ted Lovelace<\/strong>, 82, de Atchison, Kansas, muri\u00f3 el 26 de mayo de 2025. Era un ministro jubilado que sirvi\u00f3 en Kentucky, Indiana y Kansas. Le sobrevive su esposa, Jennie Lovelace.<\/p>\n\n<p><strong>Elsie Pittam<\/strong>, 97, de Murrieta, California, muri\u00f3 el 28 de mayo de 2025. Era una misionera que sirvi\u00f3 en Panam\u00e1. Era la viuda de Robert Pittam, con quien hab\u00eda servido como misionera. Tambi\u00e9n sirvi\u00f3 como ministro en California. Robert muri\u00f3 en 1995.<\/p>\n\n<p><strong>A. Louise Runyan<\/strong>, 89, de Wood River, Illinois, muri\u00f3 el 24 de mayo de 2025. Era la viuda de James Runyan, un ministro jubilado que sirvi\u00f3 en Texas, Missouri, Louisiana, Oklahoma, Illinois y Alaska. James muri\u00f3 en 2011.<\/p>\n\n<p><strong>Kenneth Stirratt<\/strong>, 79, de Fort Wayne, Indiana, muri\u00f3 el 21 de mayo de 2025. Era un ministro que sirvi\u00f3 en Indiana y Illinois. Fue precedido en la muerte por su esposa, Alice Stirratt, que muri\u00f3 en 2020. <\/p>\n\n<p>Para ver ediciones anteriores de <em>In Memoriam, <\/em>haga <a href=\"https:\/\/www.nazarene.org\/all-news?keywords=&amp;tag%5B0%5D=56&amp;tag%5B1%5D=56&amp;sort_by=created\" target=\"_blank\" rel=\"noreferrer noopener\">clic aqu\u00ed<\/a>.<\/p>\n\n<p><em>Nota: \u00danase a nosotros en oraci\u00f3n por las familias que han perdido a seres queridos. Haga clic en los nombres para historias completas, informaci\u00f3n funeraria, obituarios locales en l\u00ednea y \/ o libros de invitados (si est\u00e1 disponible). Para enviar una entrada de un ministro o l\u00edder de la iglesia, env\u00ede a news@nazarene.org.<\/em><\/p>\n\n<p>Compilado por Nazarene News<\/p>\n","protected":false},"excerpt":{"rendered":"<p>La siguiente es una lista semanal de ministros y l\u00edderes nazarenos que recientemente fueron a casa para estar con el Se\u00f1or. Los avisos se recibieron del 2 al 6 de junio de 2025. William Belgie, 78, de El Paso, Texas, muri\u00f3 el 27 de mayo de 2025. Era un ministro que sirvi\u00f3 en Nuevo M\u00e9xico. [&hellip;]<\/p>\n","protected":false},"author":12,"featured_media":38554,"menu_order":0,"template":"","news-categories":[],"news-region-taxonomy":[],"news-tag":[793,792],"class_list":["post-41776","news","type-news","status-publish","has-post-thumbnail","hentry","news-tag-in-memoriam-es","news-tag-pasos"],"yoast_head":"<!-- This site is optimized with the Yoast SEO Premium plugin v27.1 (Yoast SEO v27.1.1) - https:\/\/yoast.com\/product\/yoast-seo-premium-wordpress\/ -->\n<title>In Memoriam: 6 de junio de 2025 - Church of the Nazarene<\/title>\n<meta name=\"description\" content=\"La siguiente es una lista semanal de ministros y l\u00edderes nazarenos que recientemente fueron a casa para estar con el Se\u00f1or. Los avisos se recibieron del 2 al 6 de junio de 2025.\" \/>\n<meta name=\"robots\" content=\"index, follow, max-snippet:-1, max-image-preview:large, max-video-preview:-1\" \/>\n<link rel=\"canonical\" href=\"https:\/\/nazarene.org\/es\/news\/in-memoriam-6-de-junio-de-2025\/\" \/>\n<meta property=\"og:locale\" content=\"es_ES\" \/>\n<meta property=\"og:type\" content=\"article\" \/>\n<meta property=\"og:title\" content=\"In Memoriam: 6 de junio de 2025\" \/>\n<meta property=\"og:description\" content=\"La siguiente es una lista semanal de ministros y l\u00edderes nazarenos que recientemente fueron a casa para estar con el Se\u00f1or. Los avisos se recibieron del 2 al 6 de junio de 2025.\" \/>\n<meta property=\"og:url\" content=\"https:\/\/nazarene.org\/es\/news\/in-memoriam-6-de-junio-de-2025\/\" \/>\n<meta property=\"og:site_name\" content=\"Church of the Nazarene\" \/>\n<meta property=\"article:publisher\" content=\"https:\/\/www.facebook.com\/NazareneOfficial\/\" \/>\n<meta property=\"article:modified_time\" content=\"2025-07-02T07:17:55+00:00\" \/>\n<meta property=\"og:image\" content=\"https:\/\/nazarene.org\/wp-content\/uploads\/2025\/06\/In-Memoriam-2.png\" \/>\n\t<meta property=\"og:image:width\" content=\"750\" \/>\n\t<meta property=\"og:image:height\" content=\"400\" \/>\n\t<meta property=\"og:image:type\" content=\"image\/png\" \/>\n<meta name=\"twitter:card\" content=\"summary_large_image\" \/>\n<meta name=\"twitter:site\" content=\"@Nazarene\" \/>\n<script type=\"application\/ld+json\" class=\"yoast-schema-graph\">{\"@context\":\"https:\/\/schema.org\",\"@graph\":[{\"@type\":\"WebPage\",\"@id\":\"https:\/\/nazarene.org\/es\/news\/in-memoriam-6-de-junio-de-2025\/\",\"url\":\"https:\/\/nazarene.org\/es\/news\/in-memoriam-6-de-junio-de-2025\/\",\"name\":\"In Memoriam: 6 de junio de 2025 - Church of the Nazarene\",\"isPartOf\":{\"@id\":\"https:\/\/nazarene.org\/es\/#website\"},\"primaryImageOfPage\":{\"@id\":\"https:\/\/nazarene.org\/es\/news\/in-memoriam-6-de-junio-de-2025\/#primaryimage\"},\"image\":{\"@id\":\"https:\/\/nazarene.org\/es\/news\/in-memoriam-6-de-junio-de-2025\/#primaryimage\"},\"thumbnailUrl\":\"https:\/\/nazarene.org\/wp-content\/uploads\/2025\/06\/In-Memoriam-2.png\",\"datePublished\":\"2025-06-10T02:21:54+00:00\",\"dateModified\":\"2025-07-02T07:17:55+00:00\",\"description\":\"La siguiente es una lista semanal de ministros y l\u00edderes nazarenos que recientemente fueron a casa para estar con el Se\u00f1or. Los avisos se recibieron del 2 al 6 de junio de 2025.\",\"breadcrumb\":{\"@id\":\"https:\/\/nazarene.org\/es\/news\/in-memoriam-6-de-junio-de-2025\/#breadcrumb\"},\"inLanguage\":\"es\",\"potentialAction\":[{\"@type\":\"ReadAction\",\"target\":[\"https:\/\/nazarene.org\/es\/news\/in-memoriam-6-de-junio-de-2025\/\"]}]},{\"@type\":\"ImageObject\",\"inLanguage\":\"es\",\"@id\":\"https:\/\/nazarene.org\/es\/news\/in-memoriam-6-de-junio-de-2025\/#primaryimage\",\"url\":\"https:\/\/nazarene.org\/wp-content\/uploads\/2025\/06\/In-Memoriam-2.png\",\"contentUrl\":\"https:\/\/nazarene.org\/wp-content\/uploads\/2025\/06\/In-Memoriam-2.png\",\"width\":750,\"height\":400},{\"@type\":\"BreadcrumbList\",\"@id\":\"https:\/\/nazarene.org\/es\/news\/in-memoriam-6-de-junio-de-2025\/#breadcrumb\",\"itemListElement\":[{\"@type\":\"ListItem\",\"position\":1,\"name\":\"Home\",\"item\":\"https:\/\/nazarene.org\/es\/inicio\/\"},{\"@type\":\"ListItem\",\"position\":2,\"name\":\"News\",\"item\":\"https:\/\/nazarene.org\/es\/news\/\"},{\"@type\":\"ListItem\",\"position\":3,\"name\":\"In Memoriam: 6 de junio de 2025\"}]},{\"@type\":\"WebSite\",\"@id\":\"https:\/\/nazarene.org\/es\/#website\",\"url\":\"https:\/\/nazarene.org\/es\/\",\"name\":\"Church of the Nazarene\",\"description\":\"Making Christlike Disciples in the Nations\",\"publisher\":{\"@id\":\"https:\/\/nazarene.org\/es\/#organization\"},\"potentialAction\":[{\"@type\":\"SearchAction\",\"target\":{\"@type\":\"EntryPoint\",\"urlTemplate\":\"https:\/\/nazarene.org\/es\/?s={search_term_string}\"},\"query-input\":{\"@type\":\"PropertyValueSpecification\",\"valueRequired\":true,\"valueName\":\"search_term_string\"}}],\"inLanguage\":\"es\"},{\"@type\":\"Organization\",\"@id\":\"https:\/\/nazarene.org\/es\/#organization\",\"name\":\"Church of the Nazarene\",\"url\":\"https:\/\/nazarene.org\/es\/\",\"logo\":{\"@type\":\"ImageObject\",\"inLanguage\":\"es\",\"@id\":\"https:\/\/nazarene.org\/es\/#\/schema\/logo\/image\/\",\"url\":\"https:\/\/nazarene.org\/wp-content\/uploads\/2024\/06\/Naz_Desktop_Black_Logo-1.svg\",\"contentUrl\":\"https:\/\/nazarene.org\/wp-content\/uploads\/2024\/06\/Naz_Desktop_Black_Logo-1.svg\",\"width\":258,\"height\":36,\"caption\":\"Church of the Nazarene\"},\"image\":{\"@id\":\"https:\/\/nazarene.org\/es\/#\/schema\/logo\/image\/\"},\"sameAs\":[\"https:\/\/www.facebook.com\/NazareneOfficial\/\",\"https:\/\/x.com\/Nazarene\",\"https:\/\/www.instagram.com\/nazareneofficial\/\"]}]}<\/script>\n<!-- \/ Yoast SEO Premium plugin. -->","yoast_head_json":{"title":"In Memoriam: 6 de junio de 2025 - Church of the Nazarene","description":"La siguiente es una lista semanal de ministros y l\u00edderes nazarenos que recientemente fueron a casa para estar con el Se\u00f1or. Los avisos se recibieron del 2 al 6 de junio de 2025.","robots":{"index":"index","follow":"follow","max-snippet":"max-snippet:-1","max-image-preview":"max-image-preview:large","max-video-preview":"max-video-preview:-1"},"canonical":"https:\/\/nazarene.org\/es\/news\/in-memoriam-6-de-junio-de-2025\/","og_locale":"es_ES","og_type":"article","og_title":"In Memoriam: 6 de junio de 2025","og_description":"La siguiente es una lista semanal de ministros y l\u00edderes nazarenos que recientemente fueron a casa para estar con el Se\u00f1or. Los avisos se recibieron del 2 al 6 de junio de 2025.","og_url":"https:\/\/nazarene.org\/es\/news\/in-memoriam-6-de-junio-de-2025\/","og_site_name":"Church of the Nazarene","article_publisher":"https:\/\/www.facebook.com\/NazareneOfficial\/","article_modified_time":"2025-07-02T07:17:55+00:00","og_image":[{"width":750,"height":400,"url":"https:\/\/nazarene.org\/wp-content\/uploads\/2025\/06\/In-Memoriam-2.png","type":"image\/png"}],"twitter_card":"summary_large_image","twitter_site":"@Nazarene","schema":{"@context":"https:\/\/schema.org","@graph":[{"@type":"WebPage","@id":"https:\/\/nazarene.org\/es\/news\/in-memoriam-6-de-junio-de-2025\/","url":"https:\/\/nazarene.org\/es\/news\/in-memoriam-6-de-junio-de-2025\/","name":"In Memoriam: 6 de junio de 2025 - Church of the Nazarene","isPartOf":{"@id":"https:\/\/nazarene.org\/es\/#website"},"primaryImageOfPage":{"@id":"https:\/\/nazarene.org\/es\/news\/in-memoriam-6-de-junio-de-2025\/#primaryimage"},"image":{"@id":"https:\/\/nazarene.org\/es\/news\/in-memoriam-6-de-junio-de-2025\/#primaryimage"},"thumbnailUrl":"https:\/\/nazarene.org\/wp-content\/uploads\/2025\/06\/In-Memoriam-2.png","datePublished":"2025-06-10T02:21:54+00:00","dateModified":"2025-07-02T07:17:55+00:00","description":"La siguiente es una lista semanal de ministros y l\u00edderes nazarenos que recientemente fueron a casa para estar con el Se\u00f1or. Los avisos se recibieron del 2 al 6 de junio de 2025.","breadcrumb":{"@id":"https:\/\/nazarene.org\/es\/news\/in-memoriam-6-de-junio-de-2025\/#breadcrumb"},"inLanguage":"es","potentialAction":[{"@type":"ReadAction","target":["https:\/\/nazarene.org\/es\/news\/in-memoriam-6-de-junio-de-2025\/"]}]},{"@type":"ImageObject","inLanguage":"es","@id":"https:\/\/nazarene.org\/es\/news\/in-memoriam-6-de-junio-de-2025\/#primaryimage","url":"https:\/\/nazarene.org\/wp-content\/uploads\/2025\/06\/In-Memoriam-2.png","contentUrl":"https:\/\/nazarene.org\/wp-content\/uploads\/2025\/06\/In-Memoriam-2.png","width":750,"height":400},{"@type":"BreadcrumbList","@id":"https:\/\/nazarene.org\/es\/news\/in-memoriam-6-de-junio-de-2025\/#breadcrumb","itemListElement":[{"@type":"ListItem","position":1,"name":"Home","item":"https:\/\/nazarene.org\/es\/inicio\/"},{"@type":"ListItem","position":2,"name":"News","item":"https:\/\/nazarene.org\/es\/news\/"},{"@type":"ListItem","position":3,"name":"In Memoriam: 6 de junio de 2025"}]},{"@type":"WebSite","@id":"https:\/\/nazarene.org\/es\/#website","url":"https:\/\/nazarene.org\/es\/","name":"Church of the Nazarene","description":"Making Christlike Disciples in the Nations","publisher":{"@id":"https:\/\/nazarene.org\/es\/#organization"},"potentialAction":[{"@type":"SearchAction","target":{"@type":"EntryPoint","urlTemplate":"https:\/\/nazarene.org\/es\/?s={search_term_string}"},"query-input":{"@type":"PropertyValueSpecification","valueRequired":true,"valueName":"search_term_string"}}],"inLanguage":"es"},{"@type":"Organization","@id":"https:\/\/nazarene.org\/es\/#organization","name":"Church of the Nazarene","url":"https:\/\/nazarene.org\/es\/","logo":{"@type":"ImageObject","inLanguage":"es","@id":"https:\/\/nazarene.org\/es\/#\/schema\/logo\/image\/","url":"https:\/\/nazarene.org\/wp-content\/uploads\/2024\/06\/Naz_Desktop_Black_Logo-1.svg","contentUrl":"https:\/\/nazarene.org\/wp-content\/uploads\/2024\/06\/Naz_Desktop_Black_Logo-1.svg","width":258,"height":36,"caption":"Church of the Nazarene"},"image":{"@id":"https:\/\/nazarene.org\/es\/#\/schema\/logo\/image\/"},"sameAs":["https:\/\/www.facebook.com\/NazareneOfficial\/","https:\/\/x.com\/Nazarene","https:\/\/www.instagram.com\/nazareneofficial\/"]}]}},"_links":{"self":[{"href":"https:\/\/nazarene.org\/es\/wp-json\/wp\/v2\/news\/41776","targetHints":{"allow":["GET"]}}],"collection":[{"href":"https:\/\/nazarene.org\/es\/wp-json\/wp\/v2\/news"}],"about":[{"href":"https:\/\/nazarene.org\/es\/wp-json\/wp\/v2\/types\/news"}],"author":[{"embeddable":true,"href":"https:\/\/nazarene.org\/es\/wp-json\/wp\/v2\/users\/12"}],"version-history":[{"count":0,"href":"https:\/\/nazarene.org\/es\/wp-json\/wp\/v2\/news\/41776\/revisions"}],"wp:featuredmedia":[{"embeddable":true,"href":"https:\/\/nazarene.org\/es\/wp-json\/wp\/v2\/media\/38554"}],"wp:attachment":[{"href":"https:\/\/nazarene.org\/es\/wp-json\/wp\/v2\/media?parent=41776"}],"wp:term":[{"taxonomy":"news-categories","embeddable":true,"href":"https:\/\/nazarene.org\/es\/wp-json\/wp\/v2\/news-categories?post=41776"},{"taxonomy":"news-region-taxonomy","embeddable":true,"href":"https:\/\/nazarene.org\/es\/wp-json\/wp\/v2\/news-region-taxonomy?post=41776"},{"taxonomy":"news-tag","embeddable":true,"href":"https:\/\/nazarene.org\/es\/wp-json\/wp\/v2\/news-tag?post=41776"}],"curies":[{"name":"wp","href":"https:\/\/api.w.org\/{rel}","templated":true}]}}